{"id":12531,"date":"2020-07-08T17:26:27","date_gmt":"2020-07-08T20:26:27","guid":{"rendered":"http:\/\/blogopara.com.br\/?p=12531"},"modified":"2020-07-08T17:26:32","modified_gmt":"2020-07-08T20:26:32","slug":"novo-coronavirus-rui-costa-lamenta-que-antecipacao-de-feriados-tenha-gerado-aumento-de-casos-na-bahia","status":"publish","type":"post","link":"https:\/\/blogopara.com.br\/index.php\/2020\/07\/08\/novo-coronavirus-rui-costa-lamenta-que-antecipacao-de-feriados-tenha-gerado-aumento-de-casos-na-bahia","title":{"rendered":"Novo coronav\u00edrus: Rui Costa lamenta que antecipa\u00e7\u00e3o de feriados tenha gerado aumento de casos na Bahia"},"content":{"rendered":"<p style=\"text-align: justify;\">O governador Rui Costa afirmou nesta ter\u00e7a-feira (7), durante entrevista coletiva, que a medida de antecipar feriados n\u00e3o teve sucesso no seu principal objetivo: reduzir a taxa de contamina\u00e7\u00e3o pelo novo coronav\u00edrus (Covid-19) no Estado. Segundo ele, cerca de 20 munic\u00edpios registraram crescimento de 100% na quantidade de casos, nos \u00faltimos 5 dias. O motivo apontado \u00e9 que, mesmo com a antecipa\u00e7\u00e3o, muita gente comemorou o S\u00e3o Jo\u00e3o no per\u00edodo que originalmente corresponde aos festejos, entre 23 e 24 de junho.<\/p>\n<p style=\"text-align: justify;\">Vale lembrar que lei aprovada na Assembleia Legislativa da Bahia (ALBA) adiantou os feriados de S\u00e3o Jo\u00e3o e da Independ\u00eancia da Bahia dos dias 24 de junho e 2 de julho para 25 e 26 de maio, respectivamente.\u00a0<em>\u201cO que n\u00f3s tem\u00edamos \u00e9 que, infelizmente, os n\u00fameros comprovam que n\u00f3s n\u00e3o conseguimos zerar os efeitos das festas juninas. Est\u00e1vamos analisando cidade por cidade e encontramos 20 cidades com taxas de crescimento acima de 100%, nos \u00faltimos 5 dias. Ontem fiz dezenas de liga\u00e7\u00f5es para prefeitos e prefeitas, buscando ouvir o que teria contribu\u00eddo para isso. O fator mais citado, mais comum foi o fator festa junina. As pessoas se encontraram em suas casas, em seus s\u00edtios para, mesmo em fam\u00edlia, fazer confraterniza\u00e7\u00f5es\u201d<\/em>, lamentou o governador.<\/p>\n<p style=\"text-align: justify;\">Segundo o site Bahia Not\u00edcias, Rui ressaltou que este aumento n\u00e3o modificou a taxa estadual de contamina\u00e7\u00e3o pela Covid-19, mas impactou os munic\u00edpios atingidos, que n\u00e3o foram identificados pelo gestor. O trabalho agora tem sido atuar junto \u00e0s equipes de sa\u00fade locais para evitar que o crescimento pressione o sistema de sa\u00fade das cidades.<\/p>\n<p style=\"text-align: justify;\">O governador disse tamb\u00e9m que a taxa de crescimento de casos e de \u00f3bitos tem se mantido est\u00e1vel, mas em patamar muito elevado. O maior desafio no combate \u00e0 doen\u00e7a agora \u00e9 reduzir a quantidade de mortes, que tem ficado entre 50 e 60 ao dia.\u00a0<em>\u201cEstamos h\u00e1 mais de 30 dias, em m\u00e9dia no estado, mantendo um padr\u00e3o de crescimento tendendo a estabilizar, mas em um padr\u00e3o muito alto, tanto taxa de novos casos quanto de ocupa\u00e7\u00e3o de leitos e \u00f3bitos. O problema \u00e9 que ainda n\u00e3o conseguimos entrar em uma curva de decl\u00ednio dos casos\u201d<\/em>, destacou.<\/p>\n","protected":false},"excerpt":{"rendered":"<p>O governador Rui Costa afirmou nesta ter\u00e7a-feira (7), durante entrevista coletiva, que a medida de antecipar feriados n\u00e3o teve sucesso no seu principal objetivo: reduzir a taxa de contamina\u00e7\u00e3o pelo novo coronav\u00edrus (Covid-19) no Estado. Segundo ele, cerca de 20 munic\u00edpios registraram crescimento de 100% na quantidade de casos, nos \u00faltimos 5 dias. O motivo [&hellip;]<\/p>\n","protected":false},"author":1,"featured_media":12532,"comment_status":"open","ping_status":"open","sticky":false,"template":"","format":"standard","meta":{"_uag_custom_page_level_css":"","_monsterinsights_skip_tracking":false,"_monsterinsights_sitenote_active":false,"_monsterinsights_sitenote_note":"","_monsterinsights_sitenote_category":0,"jetpack_post_was_ever_published":false,"_jetpack_newsletter_access":"","_jetpack_dont_email_post_to_subs":false,"_jetpack_newsletter_tier_id":0,"_jetpack_memberships_contains_paywalled_content":false,"_jetpack_memberships_contains_paid_content":false,"footnotes":"","jetpack_publicize_message":"","jetpack_publicize_feature_enabled":true,"jetpack_social_post_already_shared":true,"jetpack_social_options":{"image_generator_settings":{"template":"highway","default_image_id":0,"font":"","enabled":false},"version":2}},"categories":[199,197,205],"tags":[],"class_list":["post-12531","post","type-post","status-publish","format-standard","has-post-thumbnail","hentry","category-bahia","category-politica","category-saude"],"jetpack_publicize_connections":[],"jetpack_featured_media_url":"https:\/\/blogopara.com.br\/wp-content\/uploads\/2020\/07\/ruiBahia.jpeg","uagb_featured_image_src":{"full":["https:\/\/blogopara.com.br\/wp-content\/uploads\/2020\/07\/ruiBahia.jpeg",500,282,false],"thumbnail":["https:\/\/blogopara.com.br\/wp-content\/uploads\/2020\/07\/ruiBahia-150x150.jpeg",150,150,true],"medium":["https:\/\/blogopara.com.br\/wp-content\/uploads\/2020\/07\/ruiBahia-300x169.jpeg",300,169,true],"medium_large":["https:\/\/blogopara.com.br\/wp-content\/uploads\/2020\/07\/ruiBahia.jpeg",500,282,false],"large":["https:\/\/blogopara.com.br\/wp-content\/uploads\/2020\/07\/ruiBahia.jpeg",500,282,false],"1536x1536":["https:\/\/blogopara.com.br\/wp-content\/uploads\/2020\/07\/ruiBahia.jpeg",500,282,false],"2048x2048":["https:\/\/blogopara.com.br\/wp-content\/uploads\/2020\/07\/ruiBahia.jpeg",500,282,false],"mantranews-slider-large":["https:\/\/blogopara.com.br\/wp-content\/uploads\/2020\/07\/ruiBahia.jpeg",500,282,false],"mantranews-featured-medium":["https:\/\/blogopara.com.br\/wp-content\/uploads\/2020\/07\/ruiBahia-420x282.jpeg",420,282,true],"mantranews-featured-long":["https:\/\/blogopara.com.br\/wp-content\/uploads\/2020\/07\/ruiBahia-300x282.jpeg",300,282,true],"mantranews-block-medium":["https:\/\/blogopara.com.br\/wp-content\/uploads\/2020\/07\/ruiBahia-464x282.jpeg",464,282,true],"mantranews-carousel-image":["https:\/\/blogopara.com.br\/wp-content\/uploads\/2020\/07\/ruiBahia.jpeg",500,282,false],"mantranews-block-thumb":["https:\/\/blogopara.com.br\/wp-content\/uploads\/2020\/07\/ruiBahia-322x230.jpeg",322,230,true],"mantranews-single-large":["https:\/\/blogopara.com.br\/wp-content\/uploads\/2020\/07\/ruiBahia.jpeg",500,282,false]},"uagb_author_info":{"display_name":"Reda\u00e7\u00e3o geral","author_link":"https:\/\/blogopara.com.br\/index.php\/author\/blogopara"},"uagb_comment_info":0,"uagb_excerpt":"O governador Rui Costa afirmou nesta ter\u00e7a-feira (7), durante entrevista coletiva, que a medida de antecipar feriados n\u00e3o teve sucesso no seu principal objetivo: reduzir a taxa de contamina\u00e7\u00e3o pelo novo coronav\u00edrus (Covid-19) no Estado. Segundo ele, cerca de 20 munic\u00edpios registraram crescimento de 100% na quantidade de casos, nos \u00faltimos 5 dias. O motivo&hellip;","jetpack_sharing_enabled":true,"jetpack_likes_enabled":true,"_links":{"self":[{"href":"https:\/\/blogopara.com.br\/index.php\/wp-json\/wp\/v2\/posts\/12531","targetHints":{"allow":["GET"]}}],"collection":[{"href":"https:\/\/blogopara.com.br\/index.php\/wp-json\/wp\/v2\/posts"}],"about":[{"href":"https:\/\/blogopara.com.br\/index.php\/wp-json\/wp\/v2\/types\/post"}],"author":[{"embeddable":true,"href":"https:\/\/blogopara.com.br\/index.php\/wp-json\/wp\/v2\/users\/1"}],"replies":[{"embeddable":true,"href":"https:\/\/blogopara.com.br\/index.php\/wp-json\/wp\/v2\/comments?post=12531"}],"version-history":[{"count":1,"href":"https:\/\/blogopara.com.br\/index.php\/wp-json\/wp\/v2\/posts\/12531\/revisions"}],"predecessor-version":[{"id":12533,"href":"https:\/\/blogopara.com.br\/index.php\/wp-json\/wp\/v2\/posts\/12531\/revisions\/12533"}],"wp:featuredmedia":[{"embeddable":true,"href":"https:\/\/blogopara.com.br\/index.php\/wp-json\/wp\/v2\/media\/12532"}],"wp:attachment":[{"href":"https:\/\/blogopara.com.br\/index.php\/wp-json\/wp\/v2\/media?parent=12531"}],"wp:term":[{"taxonomy":"category","embeddable":true,"href":"https:\/\/blogopara.com.br\/index.php\/wp-json\/wp\/v2\/categories?post=12531"},{"taxonomy":"post_tag","embeddable":true,"href":"https:\/\/blogopara.com.br\/index.php\/wp-json\/wp\/v2\/tags?post=12531"}],"curies":[{"name":"wp","href":"https:\/\/api.w.org\/{rel}","templated":true}]}}