{"id":12534,"date":"2020-07-08T17:39:53","date_gmt":"2020-07-08T20:39:53","guid":{"rendered":"http:\/\/blogopara.com.br\/?p=12534"},"modified":"2020-07-08T17:39:59","modified_gmt":"2020-07-08T20:39:59","slug":"mpf-determina-abertura-de-inquerito-para-apurar-compra-de-respiradores-pelo-governo-da-bahia-e-consorcio-nordeste","status":"publish","type":"post","link":"https:\/\/blogopara.com.br\/index.php\/2020\/07\/08\/mpf-determina-abertura-de-inquerito-para-apurar-compra-de-respiradores-pelo-governo-da-bahia-e-consorcio-nordeste","title":{"rendered":"MPF determina abertura de inqu\u00e9rito para apurar compra de respiradores pelo governo da Bahia e Cons\u00f3rcio Nordeste"},"content":{"rendered":"<p style=\"text-align: justify;\">O Minist\u00e9rio P\u00fablico federal (MPF), atrav\u00e9s do procurador da rep\u00fablica Fernando T\u00falio da Silva, determinou a abertura de inqu\u00e9rito civil para apurar uma compra de respiradores pelo governo da BA e Cons\u00f3rcio Nordeste governo da Bahia, o Cons\u00f3rcio Nordeste, que representa os nove estados da regi\u00e3o Nordeste do pa\u00eds, junto \u00e0 empresa Pulsar. A determina\u00e7\u00e3o ocorreu na segunda-feira (6).<\/p>\n<p style=\"text-align: justify;\">A Pulsar foi contratada para entregar 750 respiradores, por\u00e9m n\u00e3o cumpriu os prazos e, em junho, devolveu o valor de US$ 7,9 milh\u00f5es investidos pelo Cons\u00f3rcio. A negocia\u00e7\u00e3o frustrada foi registrada em relat\u00f3rio de auditoria realizada pelo Tribunal de Contas da Bahia (TCE).<\/p>\n<p style=\"text-align: justify;\">O G1 procurou o governo da Bahia e o Cons\u00f3rcio Nordeste, mas at\u00e9 a \u00faltima atualiza\u00e7\u00e3o desta reportagem, eles n\u00e3o se posicionaram sobre o caso.<\/p>\n<p style=\"text-align: justify;\">Na \u00e9poca da devolu\u00e7\u00e3o do dinheiro, a Secretaria de Comunica\u00e7\u00e3o do governo baiano informou que a decis\u00e3o havia sido repassada aos demais governadores da regi\u00e3o, e que os valores referentes a cada estado seriam transferidos para as contas oficiais.<\/p>\n<p style=\"text-align: justify;\">O Minist\u00e9rio P\u00fablico Federal informou que, por se tratar de assunto que est\u00e1 em apura\u00e7\u00e3o, e que tem o car\u00e1ter reservado, o procurador Fernando T\u00falio n\u00e3o conceder\u00e1 declara\u00e7\u00f5es sobre o tema.<\/p>\n<p style=\"text-align: justify;\">Tamb\u00e9m em junho, um contrato firmado entre o Cons\u00f3rcio Nordeste e a empresa Hempcare, para a aquisi\u00e7\u00e3o de 300 respiradores, resultou na pris\u00e3o tempor\u00e1ria de tr\u00eas empres\u00e1rios, que foram soltos ap\u00f3s cinco dias.<\/p>\n<p style=\"text-align: justify;\">A Hempcare recebeu R$ 48,7 milh\u00f5es do Cons\u00f3rcio Nordeste, mas n\u00e3o entregou os respiradores, nem devolveu o dinheiro. Outra empresa, a Biogeoenergy tamb\u00e9m \u00e9 alvo de investiga\u00e7\u00e3o.<\/p>\n<p style=\"text-align: justify;\">A compra tamb\u00e9m \u00e9 alvo de inqu\u00e9rito do Minist\u00e9rio P\u00fablico Federal. Assim como o caso da Pulsar, o inqu\u00e9rito foi instaurado pelo procurador da rep\u00fablica Fernando T\u00falio da Silva.<\/p>\n<p style=\"text-align: justify;\">Em nota, o Tribunal de Contas do Estado (TCE) informou que o conselho relator notificou os gestores a apresentarem defesa em 30 dias. O julgador ouvir\u00e1 as partes, a auditoria, a assessoria jur\u00eddica, o Minist\u00e9rio P\u00fablico de Contas, e levar\u00e1 a decis\u00e3o para a aprecia\u00e7\u00e3o do Plen\u00e1rio. A previs\u00e3o, ainda segundo o TCE, \u00e9 de que ainda este ano um julgamento sobre as compras do estado durante a pandemia seja realizado.<\/p>\n<p style=\"text-align: justify;\">G1 Bahia<\/p>\n","protected":false},"excerpt":{"rendered":"<p>O Minist\u00e9rio P\u00fablico federal (MPF), atrav\u00e9s do procurador da rep\u00fablica Fernando T\u00falio da Silva, determinou a abertura de inqu\u00e9rito civil para apurar uma compra de respiradores pelo governo da BA e Cons\u00f3rcio Nordeste governo da Bahia, o Cons\u00f3rcio Nordeste, que representa os nove estados da regi\u00e3o Nordeste do pa\u00eds, junto \u00e0 empresa Pulsar. A determina\u00e7\u00e3o [&hellip;]<\/p>\n","protected":false},"author":1,"featured_media":12535,"comment_status":"open","ping_status":"open","sticky":false,"template":"","format":"standard","meta":{"_uag_custom_page_level_css":"","_monsterinsights_skip_tracking":false,"_monsterinsights_sitenote_active":false,"_monsterinsights_sitenote_note":"","_monsterinsights_sitenote_category":0,"jetpack_post_was_ever_published":false,"_jetpack_newsletter_access":"","_jetpack_dont_email_post_to_subs":false,"_jetpack_newsletter_tier_id":0,"_jetpack_memberships_contains_paywalled_content":false,"_jetpack_memberships_contains_paid_content":false,"footnotes":"","jetpack_publicize_message":"","jetpack_publicize_feature_enabled":true,"jetpack_social_post_already_shared":true,"jetpack_social_options":{"image_generator_settings":{"template":"highway","default_image_id":0,"font":"","enabled":false},"version":2}},"categories":[199,205],"tags":[],"class_list":["post-12534","post","type-post","status-publish","format-standard","has-post-thumbnail","hentry","category-bahia","category-saude"],"jetpack_publicize_connections":[],"jetpack_featured_media_url":"https:\/\/blogopara.com.br\/wp-content\/uploads\/2020\/07\/Portal-Acesse-Pol\u00edtica-O-site-de-pol\u00edtica-que-mais-cresce-na-Bahia-acessepolitica.com_.br-respiradores-coronavirus-2.jpg","uagb_featured_image_src":{"full":["https:\/\/blogopara.com.br\/wp-content\/uploads\/2020\/07\/Portal-Acesse-Pol\u00edtica-O-site-de-pol\u00edtica-que-mais-cresce-na-Bahia-acessepolitica.com_.br-respiradores-coronavirus-2.jpg",500,333,false],"thumbnail":["https:\/\/blogopara.com.br\/wp-content\/uploads\/2020\/07\/Portal-Acesse-Pol\u00edtica-O-site-de-pol\u00edtica-que-mais-cresce-na-Bahia-acessepolitica.com_.br-respiradores-coronavirus-2-150x150.jpg",150,150,true],"medium":["https:\/\/blogopara.com.br\/wp-content\/uploads\/2020\/07\/Portal-Acesse-Pol\u00edtica-O-site-de-pol\u00edtica-que-mais-cresce-na-Bahia-acessepolitica.com_.br-respiradores-coronavirus-2-300x200.jpg",300,200,true],"medium_large":["https:\/\/blogopara.com.br\/wp-content\/uploads\/2020\/07\/Portal-Acesse-Pol\u00edtica-O-site-de-pol\u00edtica-que-mais-cresce-na-Bahia-acessepolitica.com_.br-respiradores-coronavirus-2.jpg",500,333,false],"large":["https:\/\/blogopara.com.br\/wp-content\/uploads\/2020\/07\/Portal-Acesse-Pol\u00edtica-O-site-de-pol\u00edtica-que-mais-cresce-na-Bahia-acessepolitica.com_.br-respiradores-coronavirus-2.jpg",500,333,false],"1536x1536":["https:\/\/blogopara.com.br\/wp-content\/uploads\/2020\/07\/Portal-Acesse-Pol\u00edtica-O-site-de-pol\u00edtica-que-mais-cresce-na-Bahia-acessepolitica.com_.br-respiradores-coronavirus-2.jpg",500,333,false],"2048x2048":["https:\/\/blogopara.com.br\/wp-content\/uploads\/2020\/07\/Portal-Acesse-Pol\u00edtica-O-site-de-pol\u00edtica-que-mais-cresce-na-Bahia-acessepolitica.com_.br-respiradores-coronavirus-2.jpg",500,333,false],"mantranews-slider-large":["https:\/\/blogopara.com.br\/wp-content\/uploads\/2020\/07\/Portal-Acesse-Pol\u00edtica-O-site-de-pol\u00edtica-que-mais-cresce-na-Bahia-acessepolitica.com_.br-respiradores-coronavirus-2.jpg",500,333,false],"mantranews-featured-medium":["https:\/\/blogopara.com.br\/wp-content\/uploads\/2020\/07\/Portal-Acesse-Pol\u00edtica-O-site-de-pol\u00edtica-que-mais-cresce-na-Bahia-acessepolitica.com_.br-respiradores-coronavirus-2-420x307.jpg",420,307,true],"mantranews-featured-long":["https:\/\/blogopara.com.br\/wp-content\/uploads\/2020\/07\/Portal-Acesse-Pol\u00edtica-O-site-de-pol\u00edtica-que-mais-cresce-na-Bahia-acessepolitica.com_.br-respiradores-coronavirus-2-300x333.jpg",300,333,true],"mantranews-block-medium":["https:\/\/blogopara.com.br\/wp-content\/uploads\/2020\/07\/Portal-Acesse-Pol\u00edtica-O-site-de-pol\u00edtica-que-mais-cresce-na-Bahia-acessepolitica.com_.br-respiradores-coronavirus-2-464x290.jpg",464,290,true],"mantranews-carousel-image":["https:\/\/blogopara.com.br\/wp-content\/uploads\/2020\/07\/Portal-Acesse-Pol\u00edtica-O-site-de-pol\u00edtica-que-mais-cresce-na-Bahia-acessepolitica.com_.br-respiradores-coronavirus-2.jpg",500,333,false],"mantranews-block-thumb":["https:\/\/blogopara.com.br\/wp-content\/uploads\/2020\/07\/Portal-Acesse-Pol\u00edtica-O-site-de-pol\u00edtica-que-mais-cresce-na-Bahia-acessepolitica.com_.br-respiradores-coronavirus-2-322x230.jpg",322,230,true],"mantranews-single-large":["https:\/\/blogopara.com.br\/wp-content\/uploads\/2020\/07\/Portal-Acesse-Pol\u00edtica-O-site-de-pol\u00edtica-que-mais-cresce-na-Bahia-acessepolitica.com_.br-respiradores-coronavirus-2.jpg",500,333,false]},"uagb_author_info":{"display_name":"Reda\u00e7\u00e3o geral","author_link":"https:\/\/blogopara.com.br\/index.php\/author\/blogopara"},"uagb_comment_info":0,"uagb_excerpt":"O Minist\u00e9rio P\u00fablico federal (MPF), atrav\u00e9s do procurador da rep\u00fablica Fernando T\u00falio da Silva, determinou a abertura de inqu\u00e9rito civil para apurar uma compra de respiradores pelo governo da BA e Cons\u00f3rcio Nordeste governo da Bahia, o Cons\u00f3rcio Nordeste, que representa os nove estados da regi\u00e3o Nordeste do pa\u00eds, junto \u00e0 empresa Pulsar. A determina\u00e7\u00e3o&hellip;","jetpack_sharing_enabled":true,"jetpack_likes_enabled":true,"_links":{"self":[{"href":"https:\/\/blogopara.com.br\/index.php\/wp-json\/wp\/v2\/posts\/12534","targetHints":{"allow":["GET"]}}],"collection":[{"href":"https:\/\/blogopara.com.br\/index.php\/wp-json\/wp\/v2\/posts"}],"about":[{"href":"https:\/\/blogopara.com.br\/index.php\/wp-json\/wp\/v2\/types\/post"}],"author":[{"embeddable":true,"href":"https:\/\/blogopara.com.br\/index.php\/wp-json\/wp\/v2\/users\/1"}],"replies":[{"embeddable":true,"href":"https:\/\/blogopara.com.br\/index.php\/wp-json\/wp\/v2\/comments?post=12534"}],"version-history":[{"count":1,"href":"https:\/\/blogopara.com.br\/index.php\/wp-json\/wp\/v2\/posts\/12534\/revisions"}],"predecessor-version":[{"id":12536,"href":"https:\/\/blogopara.com.br\/index.php\/wp-json\/wp\/v2\/posts\/12534\/revisions\/12536"}],"wp:featuredmedia":[{"embeddable":true,"href":"https:\/\/blogopara.com.br\/index.php\/wp-json\/wp\/v2\/media\/12535"}],"wp:attachment":[{"href":"https:\/\/blogopara.com.br\/index.php\/wp-json\/wp\/v2\/media?parent=12534"}],"wp:term":[{"taxonomy":"category","embeddable":true,"href":"https:\/\/blogopara.com.br\/index.php\/wp-json\/wp\/v2\/categories?post=12534"},{"taxonomy":"post_tag","embeddable":true,"href":"https:\/\/blogopara.com.br\/index.php\/wp-json\/wp\/v2\/tags?post=12534"}],"curies":[{"name":"wp","href":"https:\/\/api.w.org\/{rel}","templated":true}]}}