{"id":12540,"date":"2020-07-08T21:02:28","date_gmt":"2020-07-09T00:02:28","guid":{"rendered":"http:\/\/blogopara.com.br\/?p=12540"},"modified":"2020-07-08T21:11:04","modified_gmt":"2020-07-09T00:11:04","slug":"covid-19-secretario-de-saude-desmente-o-prefeito-paulo-bomfim","status":"publish","type":"post","link":"https:\/\/blogopara.com.br\/index.php\/2020\/07\/08\/covid-19-secretario-de-saude-desmente-o-prefeito-paulo-bomfim","title":{"rendered":"Covid-19: Secret\u00e1rio de Sa\u00fade desmente o prefeito Paulo Bomfim"},"content":{"rendered":"<p style=\"text-align: justify;\">O prefeito Paulo Bomfim (PT) fez duras cr\u00edticas ao secret\u00e1rio estadual de sa\u00fade, F\u00e1bio Villas-Boas, em resposta a Secretaria de Sa\u00fade do Estado da Bahia (SESAU) listou os investimentos que vem fazendo no munic\u00edpio desde o in\u00edcio da pandemia.<\/p>\n<p style=\"text-align: justify;\"><strong>Leia a nota na \u00edntegra<\/strong><\/p>\n<p style=\"text-align: justify;\"><em>O Governo do Estado abrir\u00e1 vinte novos leitos de Terapia Intensiva dedicados ao coronav\u00edrus (Covid-19) no Hospital Regional de Juazeiro at\u00e9 o final do m\u00eas. Este \u00e9 o prazo para as obras de adequa\u00e7\u00e3o que ocorrem na unidade.<\/em><\/p>\n<p style=\"text-align: justify;\"><em>Na \u00faltima segunda-feira (6) a Sesab abriu 10 leitos de UTI e 20 leitos cl\u00ednicos no Hospital Promatre de Juazeiro, cujo contrato \u00e9 superior a R$5,4 milh\u00f5es por seis meses. Apenas em Juazeiro a Sesab possui 65 leitos entre cl\u00ednicos e de UTI para Covid-19 no munic\u00edpio, custeados inteiramente com recursos estaduais.<\/em><\/p>\n<p style=\"text-align: justify;\"><em>Adicionalmente, a Sesab refor\u00e7ou o n\u00famero de leitos na regi\u00e3o, contratando 10 leitos de UTI e 30 cl\u00ednicos no Hospital S\u00e3o Pedro, no munic\u00edpio de Remanso. Na avalia\u00e7\u00e3o do secret\u00e1rio da Sa\u00fade do Estado, F\u00e1bio Vilas-Boas, que esteve visitando Juazeiro na \u00faltima semana, \u201co governador Rui Costa tem feito um esfor\u00e7o enorme para ampliar e descentralizar o atendimento aos pacientes mais graves com o diagn\u00f3stico positivo para Covid-19 e Juazeiro \u00e9 um dos polos mais beneficiados\u201d, afirma o secret\u00e1rio.<\/em><\/p>\n<p style=\"text-align: justify;\"><em>O Governo do Estado tamb\u00e9m destinou R$ 220 mil por m\u00eas para a abertura de pronto-atendimentos Covid-19 em toda a Bahia, incluindo Juazeiro. As unidades s\u00e3o voltadas para a classifica\u00e7\u00e3o, manejo cl\u00ednico, estabiliza\u00e7\u00e3o do paciente e, caso necess\u00e1rio, regula\u00e7\u00e3o para unidades de maior complexidade.<\/em><\/p>\n<p style=\"text-align: justify;\"><em>Na \u00faltima portaria ministerial sobre o tema da pandemia, foram destinados R$ 7 milh\u00f5es ao munic\u00edpio de Juazeiro que dever\u00e3o ser investidos na amplia\u00e7\u00e3o da rede assistencial de Covid-19.<\/em><\/p>\n<p>Coment\u00e1rio do blog:<\/p>\n<p style=\"text-align: justify;\">Juazeiro \u00e9 caso para um profundo estudo. O prefeito se vangloria na imprensa de ter sido a primeira cidade a adotar as provid\u00eancias contra o Covid 19, mas at\u00e9 hoje est\u00e1 tudo fechado. N\u00e3o tem leitos, hospital de campanha, respiradores, as pessoas se contaminando na velocidade do vento, pessoas morrendo, e a cidade ocupando negativamente lugar de destaque em cont\u00e1gio.<\/p>\n<p style=\"text-align: justify;\">Petrolina iniciou ap\u00f3s Juazeiro, e j\u00e1 reabriu todo com\u00e9rcio, inaugurou dois hospitais de campanha, realiza testes r\u00e1pidos em massa, comprou respiradores, houve aquisi\u00e7\u00e3o de leitos de UTI e intermedi\u00e1rios, e a cidade mais eficiente no Nordeste no combate ao v\u00edrus.<\/p>\n<p style=\"text-align: justify;\">Fica parecendo que o prefeito Paulo Bomfim quer recursos do governo do estado, mas n\u00e3o quer os servi\u00e7os oferecidos pelo governo.<\/p>\n","protected":false},"excerpt":{"rendered":"<p>O prefeito Paulo Bomfim (PT) fez duras cr\u00edticas ao secret\u00e1rio estadual de sa\u00fade, F\u00e1bio Villas-Boas, em resposta a Secretaria de Sa\u00fade do Estado da Bahia (SESAU) listou os investimentos que vem fazendo no munic\u00edpio desde o in\u00edcio da pandemia. Leia a nota na \u00edntegra O Governo do Estado abrir\u00e1 vinte novos leitos de Terapia Intensiva [&hellip;]<\/p>\n","protected":false},"author":1,"featured_media":12544,"comment_status":"open","ping_status":"open","sticky":false,"template":"","format":"standard","meta":{"_uag_custom_page_level_css":"","_monsterinsights_skip_tracking":false,"_monsterinsights_sitenote_active":false,"_monsterinsights_sitenote_note":"","_monsterinsights_sitenote_category":0,"jetpack_post_was_ever_published":false,"_jetpack_newsletter_access":"","_jetpack_dont_email_post_to_subs":false,"_jetpack_newsletter_tier_id":0,"_jetpack_memberships_contains_paywalled_content":false,"_jetpack_memberships_contains_paid_content":false,"footnotes":"","jetpack_publicize_message":"","jetpack_publicize_feature_enabled":true,"jetpack_social_post_already_shared":true,"jetpack_social_options":{"image_generator_settings":{"template":"highway","default_image_id":0,"font":"","enabled":false},"version":2}},"categories":[199,205],"tags":[],"class_list":["post-12540","post","type-post","status-publish","format-standard","has-post-thumbnail","hentry","category-bahia","category-saude"],"jetpack_publicize_connections":[],"jetpack_featured_media_url":"https:\/\/blogopara.com.br\/wp-content\/uploads\/2020\/07\/monta.jpg","uagb_featured_image_src":{"full":["https:\/\/blogopara.com.br\/wp-content\/uploads\/2020\/07\/monta.jpg",500,330,false],"thumbnail":["https:\/\/blogopara.com.br\/wp-content\/uploads\/2020\/07\/monta-150x150.jpg",150,150,true],"medium":["https:\/\/blogopara.com.br\/wp-content\/uploads\/2020\/07\/monta-300x198.jpg",300,198,true],"medium_large":["https:\/\/blogopara.com.br\/wp-content\/uploads\/2020\/07\/monta.jpg",500,330,false],"large":["https:\/\/blogopara.com.br\/wp-content\/uploads\/2020\/07\/monta.jpg",500,330,false],"1536x1536":["https:\/\/blogopara.com.br\/wp-content\/uploads\/2020\/07\/monta.jpg",500,330,false],"2048x2048":["https:\/\/blogopara.com.br\/wp-content\/uploads\/2020\/07\/monta.jpg",500,330,false],"mantranews-slider-large":["https:\/\/blogopara.com.br\/wp-content\/uploads\/2020\/07\/monta.jpg",500,330,false],"mantranews-featured-medium":["https:\/\/blogopara.com.br\/wp-content\/uploads\/2020\/07\/monta-420x307.jpg",420,307,true],"mantranews-featured-long":["https:\/\/blogopara.com.br\/wp-content\/uploads\/2020\/07\/monta-300x330.jpg",300,330,true],"mantranews-block-medium":["https:\/\/blogopara.com.br\/wp-content\/uploads\/2020\/07\/monta-464x290.jpg",464,290,true],"mantranews-carousel-image":["https:\/\/blogopara.com.br\/wp-content\/uploads\/2020\/07\/monta.jpg",500,330,false],"mantranews-block-thumb":["https:\/\/blogopara.com.br\/wp-content\/uploads\/2020\/07\/monta-322x230.jpg",322,230,true],"mantranews-single-large":["https:\/\/blogopara.com.br\/wp-content\/uploads\/2020\/07\/monta.jpg",500,330,false]},"uagb_author_info":{"display_name":"Reda\u00e7\u00e3o geral","author_link":"https:\/\/blogopara.com.br\/index.php\/author\/blogopara"},"uagb_comment_info":1,"uagb_excerpt":"O prefeito Paulo Bomfim (PT) fez duras cr\u00edticas ao secret\u00e1rio estadual de sa\u00fade, F\u00e1bio Villas-Boas, em resposta a Secretaria de Sa\u00fade do Estado da Bahia (SESAU) listou os investimentos que vem fazendo no munic\u00edpio desde o in\u00edcio da pandemia. Leia a nota na \u00edntegra O Governo do Estado abrir\u00e1 vinte novos leitos de Terapia Intensiva&hellip;","jetpack_sharing_enabled":true,"jetpack_likes_enabled":true,"_links":{"self":[{"href":"https:\/\/blogopara.com.br\/index.php\/wp-json\/wp\/v2\/posts\/12540","targetHints":{"allow":["GET"]}}],"collection":[{"href":"https:\/\/blogopara.com.br\/index.php\/wp-json\/wp\/v2\/posts"}],"about":[{"href":"https:\/\/blogopara.com.br\/index.php\/wp-json\/wp\/v2\/types\/post"}],"author":[{"embeddable":true,"href":"https:\/\/blogopara.com.br\/index.php\/wp-json\/wp\/v2\/users\/1"}],"replies":[{"embeddable":true,"href":"https:\/\/blogopara.com.br\/index.php\/wp-json\/wp\/v2\/comments?post=12540"}],"version-history":[{"count":3,"href":"https:\/\/blogopara.com.br\/index.php\/wp-json\/wp\/v2\/posts\/12540\/revisions"}],"predecessor-version":[{"id":12545,"href":"https:\/\/blogopara.com.br\/index.php\/wp-json\/wp\/v2\/posts\/12540\/revisions\/12545"}],"wp:featuredmedia":[{"embeddable":true,"href":"https:\/\/blogopara.com.br\/index.php\/wp-json\/wp\/v2\/media\/12544"}],"wp:attachment":[{"href":"https:\/\/blogopara.com.br\/index.php\/wp-json\/wp\/v2\/media?parent=12540"}],"wp:term":[{"taxonomy":"category","embeddable":true,"href":"https:\/\/blogopara.com.br\/index.php\/wp-json\/wp\/v2\/categories?post=12540"},{"taxonomy":"post_tag","embeddable":true,"href":"https:\/\/blogopara.com.br\/index.php\/wp-json\/wp\/v2\/tags?post=12540"}],"curies":[{"name":"wp","href":"https:\/\/api.w.org\/{rel}","templated":true}]}}