{"id":12549,"date":"2020-07-09T09:33:55","date_gmt":"2020-07-09T12:33:55","guid":{"rendered":"http:\/\/blogopara.com.br\/?p=12549"},"modified":"2020-07-09T09:34:14","modified_gmt":"2020-07-09T12:34:14","slug":"a-cultura-e-a-comunidade-juazeirenses-perdem-uma-de-suas-personagens-mais-ilustres","status":"publish","type":"post","link":"https:\/\/blogopara.com.br\/index.php\/2020\/07\/09\/a-cultura-e-a-comunidade-juazeirenses-perdem-uma-de-suas-personagens-mais-ilustres","title":{"rendered":"A cultura e a comunidade juazeirenses perdem uma de suas personagens mais ilustres."},"content":{"rendered":"<p style=\"text-align: justify;\">Faleceu nesta manh\u00e3 de quinta-feira (09), aos 82 anos, a Profa. Antonila da Fran\u00e7a Cardoso, vitimada pela COVID, ap\u00f3s oito dias hospitalizada em terapia intensiva.<\/p>\n<p style=\"text-align: justify;\">Nascida em tradicional fam\u00edlia de educadores, lecionou L\u00edngua e Literatura Portuguesa nos col\u00e9gios Edson Ribeiro e Ruy Barbosa, antes de se transferir para Bras\u00edlia, onde se aposentou como funcion\u00e1ria da C\u00e2mara dos Deputados.<\/p>\n<p style=\"text-align: justify;\">Cronista, publicou v\u00e1rios livros, alguns deles abordando o folclore, a hist\u00f3ria e as peculiaridades da nossa gente. Dedicava-se ultimamente a novo trabalho, um novo livro com textos e poemas que deixou em fase de conclus\u00e3o.<\/p>\n<p style=\"text-align: justify;\">Deus ampare seu esp\u00edrito e d\u00ea conforto aos seus familiares.<\/p>\n","protected":false},"excerpt":{"rendered":"<p>Faleceu nesta manh\u00e3 de quinta-feira (09), aos 82 anos, a Profa. Antonila da Fran\u00e7a Cardoso, vitimada pela COVID, ap\u00f3s oito dias hospitalizada em terapia intensiva. Nascida em tradicional fam\u00edlia de educadores, lecionou L\u00edngua e Literatura Portuguesa nos col\u00e9gios Edson Ribeiro e Ruy Barbosa, antes de se transferir para Bras\u00edlia, onde se aposentou como funcion\u00e1ria da [&hellip;]<\/p>\n","protected":false},"author":1,"featured_media":12550,"comment_status":"open","ping_status":"open","sticky":false,"template":"","format":"standard","meta":{"_uag_custom_page_level_css":"","_monsterinsights_skip_tracking":false,"_monsterinsights_sitenote_active":false,"_monsterinsights_sitenote_note":"","_monsterinsights_sitenote_category":0,"jetpack_post_was_ever_published":false,"_jetpack_newsletter_access":"","_jetpack_dont_email_post_to_subs":false,"_jetpack_newsletter_tier_id":0,"_jetpack_memberships_contains_paywalled_content":false,"_jetpack_memberships_contains_paid_content":false,"footnotes":"","jetpack_publicize_message":"","jetpack_publicize_feature_enabled":true,"jetpack_social_post_already_shared":true,"jetpack_social_options":{"image_generator_settings":{"template":"highway","default_image_id":0,"font":"","enabled":false},"version":2}},"categories":[203,204],"tags":[],"class_list":["post-12549","post","type-post","status-publish","format-standard","has-post-thumbnail","hentry","category-juazeiro","category-social"],"jetpack_publicize_connections":[],"jetpack_featured_media_url":"https:\/\/blogopara.com.br\/wp-content\/uploads\/2020\/07\/WhatsApp-Image-2020-07-09-at-09.28.58.jpeg","uagb_featured_image_src":{"full":["https:\/\/blogopara.com.br\/wp-content\/uploads\/2020\/07\/WhatsApp-Image-2020-07-09-at-09.28.58.jpeg",500,549,false],"thumbnail":["https:\/\/blogopara.com.br\/wp-content\/uploads\/2020\/07\/WhatsApp-Image-2020-07-09-at-09.28.58-150x150.jpeg",150,150,true],"medium":["https:\/\/blogopara.com.br\/wp-content\/uploads\/2020\/07\/WhatsApp-Image-2020-07-09-at-09.28.58-273x300.jpeg",273,300,true],"medium_large":["https:\/\/blogopara.com.br\/wp-content\/uploads\/2020\/07\/WhatsApp-Image-2020-07-09-at-09.28.58.jpeg",500,549,false],"large":["https:\/\/blogopara.com.br\/wp-content\/uploads\/2020\/07\/WhatsApp-Image-2020-07-09-at-09.28.58.jpeg",500,549,false],"1536x1536":["https:\/\/blogopara.com.br\/wp-content\/uploads\/2020\/07\/WhatsApp-Image-2020-07-09-at-09.28.58.jpeg",500,549,false],"2048x2048":["https:\/\/blogopara.com.br\/wp-content\/uploads\/2020\/07\/WhatsApp-Image-2020-07-09-at-09.28.58.jpeg",500,549,false],"mantranews-slider-large":["https:\/\/blogopara.com.br\/wp-content\/uploads\/2020\/07\/WhatsApp-Image-2020-07-09-at-09.28.58.jpeg",500,549,false],"mantranews-featured-medium":["https:\/\/blogopara.com.br\/wp-content\/uploads\/2020\/07\/WhatsApp-Image-2020-07-09-at-09.28.58-420x307.jpeg",420,307,true],"mantranews-featured-long":["https:\/\/blogopara.com.br\/wp-content\/uploads\/2020\/07\/WhatsApp-Image-2020-07-09-at-09.28.58-300x443.jpeg",300,443,true],"mantranews-block-medium":["https:\/\/blogopara.com.br\/wp-content\/uploads\/2020\/07\/WhatsApp-Image-2020-07-09-at-09.28.58-464x290.jpeg",464,290,true],"mantranews-carousel-image":["https:\/\/blogopara.com.br\/wp-content\/uploads\/2020\/07\/WhatsApp-Image-2020-07-09-at-09.28.58-500x500.jpeg",500,500,true],"mantranews-block-thumb":["https:\/\/blogopara.com.br\/wp-content\/uploads\/2020\/07\/WhatsApp-Image-2020-07-09-at-09.28.58-322x230.jpeg",322,230,true],"mantranews-single-large":["https:\/\/blogopara.com.br\/wp-content\/uploads\/2020\/07\/WhatsApp-Image-2020-07-09-at-09.28.58.jpeg",500,549,false]},"uagb_author_info":{"display_name":"Reda\u00e7\u00e3o geral","author_link":"https:\/\/blogopara.com.br\/index.php\/author\/blogopara"},"uagb_comment_info":0,"uagb_excerpt":"Faleceu nesta manh\u00e3 de quinta-feira (09), aos 82 anos, a Profa. Antonila da Fran\u00e7a Cardoso, vitimada pela COVID, ap\u00f3s oito dias hospitalizada em terapia intensiva. Nascida em tradicional fam\u00edlia de educadores, lecionou L\u00edngua e Literatura Portuguesa nos col\u00e9gios Edson Ribeiro e Ruy Barbosa, antes de se transferir para Bras\u00edlia, onde se aposentou como funcion\u00e1ria da&hellip;","jetpack_sharing_enabled":true,"jetpack_likes_enabled":true,"_links":{"self":[{"href":"https:\/\/blogopara.com.br\/index.php\/wp-json\/wp\/v2\/posts\/12549","targetHints":{"allow":["GET"]}}],"collection":[{"href":"https:\/\/blogopara.com.br\/index.php\/wp-json\/wp\/v2\/posts"}],"about":[{"href":"https:\/\/blogopara.com.br\/index.php\/wp-json\/wp\/v2\/types\/post"}],"author":[{"embeddable":true,"href":"https:\/\/blogopara.com.br\/index.php\/wp-json\/wp\/v2\/users\/1"}],"replies":[{"embeddable":true,"href":"https:\/\/blogopara.com.br\/index.php\/wp-json\/wp\/v2\/comments?post=12549"}],"version-history":[{"count":1,"href":"https:\/\/blogopara.com.br\/index.php\/wp-json\/wp\/v2\/posts\/12549\/revisions"}],"predecessor-version":[{"id":12551,"href":"https:\/\/blogopara.com.br\/index.php\/wp-json\/wp\/v2\/posts\/12549\/revisions\/12551"}],"wp:featuredmedia":[{"embeddable":true,"href":"https:\/\/blogopara.com.br\/index.php\/wp-json\/wp\/v2\/media\/12550"}],"wp:attachment":[{"href":"https:\/\/blogopara.com.br\/index.php\/wp-json\/wp\/v2\/media?parent=12549"}],"wp:term":[{"taxonomy":"category","embeddable":true,"href":"https:\/\/blogopara.com.br\/index.php\/wp-json\/wp\/v2\/categories?post=12549"},{"taxonomy":"post_tag","embeddable":true,"href":"https:\/\/blogopara.com.br\/index.php\/wp-json\/wp\/v2\/tags?post=12549"}],"curies":[{"name":"wp","href":"https:\/\/api.w.org\/{rel}","templated":true}]}}