{"id":12554,"date":"2020-07-09T10:26:27","date_gmt":"2020-07-09T13:26:27","guid":{"rendered":"http:\/\/blogopara.com.br\/?p=12554"},"modified":"2020-07-09T10:26:32","modified_gmt":"2020-07-09T13:26:32","slug":"cantor-juazeirense-fara-live-solidaria","status":"publish","type":"post","link":"https:\/\/blogopara.com.br\/index.php\/2020\/07\/09\/cantor-juazeirense-fara-live-solidaria","title":{"rendered":"Cantor Juazeirense far\u00e1 Live Solid\u00e1ria"},"content":{"rendered":"<p style=\"text-align: justify;\">Ol\u00e1, tudo bem? Vim aqui saber se voc\u00ea tem algum compromisso, para sexta-feira (10), pela noite? Se sim, remarque! Caso n\u00e3o, por favor, coloque na sua agenda, ponha alarme em seu telefone celular, fa\u00e7a algum sinal de fuma\u00e7a, que \u00e0s 19h, o cantor, Filipe Emanuell, far\u00e1 uma live solid\u00e1ria, em seu canal no YouTube e conta com a sua\/nossa presen\u00e7a!<\/p>\n<p style=\"text-align: justify;\">O projeto \u201cFilipe Emanuell em: Sou Praieiro\u201d, no estilo Ax\u00e9 Music, ser\u00e1 apresentado para todos n\u00f3s, neste dia, e tem como intuito o de poder arrecadar fundos, para doa\u00e7\u00e3o de alimentos, roupas, produtos de higiene para o projeto da Diocese de Juazeiro, a Casa Dom Jos\u00e9 Rodrigues, que tem a miss\u00e3o de ajudar e dar apoio aos jovens, os quais se encontram em vulnerabilidade social.<\/p>\n<p><img loading=\"lazy\" decoding=\"async\" class=\"alignnone size-medium wp-image-12556\" src=\"https:\/\/blogopara.com.br\/wp-content\/uploads\/2020\/07\/WhatsApp-Image-2020-07-09-at-00.03.25-1-300x300.jpeg\" alt=\"\" width=\"300\" height=\"300\" srcset=\"https:\/\/blogopara.com.br\/wp-content\/uploads\/2020\/07\/WhatsApp-Image-2020-07-09-at-00.03.25-1-300x300.jpeg 300w, https:\/\/blogopara.com.br\/wp-content\/uploads\/2020\/07\/WhatsApp-Image-2020-07-09-at-00.03.25-1-1024x1024.jpeg 1024w, https:\/\/blogopara.com.br\/wp-content\/uploads\/2020\/07\/WhatsApp-Image-2020-07-09-at-00.03.25-1-150x150.jpeg 150w, https:\/\/blogopara.com.br\/wp-content\/uploads\/2020\/07\/WhatsApp-Image-2020-07-09-at-00.03.25-1-768x768.jpeg 768w, https:\/\/blogopara.com.br\/wp-content\/uploads\/2020\/07\/WhatsApp-Image-2020-07-09-at-00.03.25-1.jpeg 1080w\" sizes=\"auto, (max-width: 300px) 100vw, 300px\" \/><\/p>\n<p>O espet\u00e1culo ocorrer\u00e1 pelo canal do artista, a partir das 19h, acesse:<br \/>\nhttps:\/\/youtu.be\/B7az0J8Qn6o.<\/p>\n","protected":false},"excerpt":{"rendered":"<p>Ol\u00e1, tudo bem? Vim aqui saber se voc\u00ea tem algum compromisso, para sexta-feira (10), pela noite? Se sim, remarque! Caso n\u00e3o, por favor, coloque na sua agenda, ponha alarme em seu telefone celular, fa\u00e7a algum sinal de fuma\u00e7a, que \u00e0s 19h, o cantor, Filipe Emanuell, far\u00e1 uma live solid\u00e1ria, em seu canal no YouTube e [&hellip;]<\/p>\n","protected":false},"author":1,"featured_media":12555,"comment_status":"open","ping_status":"open","sticky":false,"template":"","format":"standard","meta":{"_uag_custom_page_level_css":"","_monsterinsights_skip_tracking":false,"_monsterinsights_sitenote_active":false,"_monsterinsights_sitenote_note":"","_monsterinsights_sitenote_category":0,"jetpack_post_was_ever_published":false,"_jetpack_newsletter_access":"","_jetpack_dont_email_post_to_subs":false,"_jetpack_newsletter_tier_id":0,"_jetpack_memberships_contains_paywalled_content":false,"_jetpack_memberships_contains_paid_content":false,"footnotes":"","jetpack_publicize_message":"","jetpack_publicize_feature_enabled":true,"jetpack_social_post_already_shared":true,"jetpack_social_options":{"image_generator_settings":{"template":"highway","default_image_id":0,"font":"","enabled":false},"version":2}},"categories":[203,204],"tags":[],"class_list":["post-12554","post","type-post","status-publish","format-standard","has-post-thumbnail","hentry","category-juazeiro","category-social"],"jetpack_publicize_connections":[],"jetpack_featured_media_url":"https:\/\/blogopara.com.br\/wp-content\/uploads\/2020\/07\/WhatsApp-Image-2020-07-09-at-00.03.25.jpeg","uagb_featured_image_src":{"full":["https:\/\/blogopara.com.br\/wp-content\/uploads\/2020\/07\/WhatsApp-Image-2020-07-09-at-00.03.25.jpeg",500,500,false],"thumbnail":["https:\/\/blogopara.com.br\/wp-content\/uploads\/2020\/07\/WhatsApp-Image-2020-07-09-at-00.03.25-150x150.jpeg",150,150,true],"medium":["https:\/\/blogopara.com.br\/wp-content\/uploads\/2020\/07\/WhatsApp-Image-2020-07-09-at-00.03.25-300x300.jpeg",300,300,true],"medium_large":["https:\/\/blogopara.com.br\/wp-content\/uploads\/2020\/07\/WhatsApp-Image-2020-07-09-at-00.03.25.jpeg",500,500,false],"large":["https:\/\/blogopara.com.br\/wp-content\/uploads\/2020\/07\/WhatsApp-Image-2020-07-09-at-00.03.25.jpeg",500,500,false],"1536x1536":["https:\/\/blogopara.com.br\/wp-content\/uploads\/2020\/07\/WhatsApp-Image-2020-07-09-at-00.03.25.jpeg",500,500,false],"2048x2048":["https:\/\/blogopara.com.br\/wp-content\/uploads\/2020\/07\/WhatsApp-Image-2020-07-09-at-00.03.25.jpeg",500,500,false],"mantranews-slider-large":["https:\/\/blogopara.com.br\/wp-content\/uploads\/2020\/07\/WhatsApp-Image-2020-07-09-at-00.03.25.jpeg",500,500,false],"mantranews-featured-medium":["https:\/\/blogopara.com.br\/wp-content\/uploads\/2020\/07\/WhatsApp-Image-2020-07-09-at-00.03.25-420x307.jpeg",420,307,true],"mantranews-featured-long":["https:\/\/blogopara.com.br\/wp-content\/uploads\/2020\/07\/WhatsApp-Image-2020-07-09-at-00.03.25-300x443.jpeg",300,443,true],"mantranews-block-medium":["https:\/\/blogopara.com.br\/wp-content\/uploads\/2020\/07\/WhatsApp-Image-2020-07-09-at-00.03.25-464x290.jpeg",464,290,true],"mantranews-carousel-image":["https:\/\/blogopara.com.br\/wp-content\/uploads\/2020\/07\/WhatsApp-Image-2020-07-09-at-00.03.25.jpeg",500,500,false],"mantranews-block-thumb":["https:\/\/blogopara.com.br\/wp-content\/uploads\/2020\/07\/WhatsApp-Image-2020-07-09-at-00.03.25-322x230.jpeg",322,230,true],"mantranews-single-large":["https:\/\/blogopara.com.br\/wp-content\/uploads\/2020\/07\/WhatsApp-Image-2020-07-09-at-00.03.25.jpeg",500,500,false]},"uagb_author_info":{"display_name":"Reda\u00e7\u00e3o geral","author_link":"https:\/\/blogopara.com.br\/index.php\/author\/blogopara"},"uagb_comment_info":0,"uagb_excerpt":"Ol\u00e1, tudo bem? Vim aqui saber se voc\u00ea tem algum compromisso, para sexta-feira (10), pela noite? Se sim, remarque! Caso n\u00e3o, por favor, coloque na sua agenda, ponha alarme em seu telefone celular, fa\u00e7a algum sinal de fuma\u00e7a, que \u00e0s 19h, o cantor, Filipe Emanuell, far\u00e1 uma live solid\u00e1ria, em seu canal no YouTube e&hellip;","jetpack_sharing_enabled":true,"jetpack_likes_enabled":true,"_links":{"self":[{"href":"https:\/\/blogopara.com.br\/index.php\/wp-json\/wp\/v2\/posts\/12554","targetHints":{"allow":["GET"]}}],"collection":[{"href":"https:\/\/blogopara.com.br\/index.php\/wp-json\/wp\/v2\/posts"}],"about":[{"href":"https:\/\/blogopara.com.br\/index.php\/wp-json\/wp\/v2\/types\/post"}],"author":[{"embeddable":true,"href":"https:\/\/blogopara.com.br\/index.php\/wp-json\/wp\/v2\/users\/1"}],"replies":[{"embeddable":true,"href":"https:\/\/blogopara.com.br\/index.php\/wp-json\/wp\/v2\/comments?post=12554"}],"version-history":[{"count":1,"href":"https:\/\/blogopara.com.br\/index.php\/wp-json\/wp\/v2\/posts\/12554\/revisions"}],"predecessor-version":[{"id":12557,"href":"https:\/\/blogopara.com.br\/index.php\/wp-json\/wp\/v2\/posts\/12554\/revisions\/12557"}],"wp:featuredmedia":[{"embeddable":true,"href":"https:\/\/blogopara.com.br\/index.php\/wp-json\/wp\/v2\/media\/12555"}],"wp:attachment":[{"href":"https:\/\/blogopara.com.br\/index.php\/wp-json\/wp\/v2\/media?parent=12554"}],"wp:term":[{"taxonomy":"category","embeddable":true,"href":"https:\/\/blogopara.com.br\/index.php\/wp-json\/wp\/v2\/categories?post=12554"},{"taxonomy":"post_tag","embeddable":true,"href":"https:\/\/blogopara.com.br\/index.php\/wp-json\/wp\/v2\/tags?post=12554"}],"curies":[{"name":"wp","href":"https:\/\/api.w.org\/{rel}","templated":true}]}}