{"id":12585,"date":"2020-07-11T08:22:00","date_gmt":"2020-07-11T11:22:00","guid":{"rendered":"http:\/\/blogopara.com.br\/?p=12585"},"modified":"2020-07-10T14:25:19","modified_gmt":"2020-07-10T17:25:19","slug":"tj-ba-da-5-dias-para-prefeitura-de-salvador-esclarecer-adocao-e-escolhas-de-medidas-restritivas","status":"publish","type":"post","link":"https:\/\/blogopara.com.br\/index.php\/2020\/07\/11\/tj-ba-da-5-dias-para-prefeitura-de-salvador-esclarecer-adocao-e-escolhas-de-medidas-restritivas","title":{"rendered":"TJ-BA d\u00e1 5 dias para Prefeitura de Salvador esclarecer ado\u00e7\u00e3o e escolhas de medidas restritivas"},"content":{"rendered":"<p style=\"text-align: justify;\">A Se\u00e7\u00e3o C\u00edvel de Direito P\u00fablico do Tribunal de Justi\u00e7a da Bahia (TJ-BA), sob a relatoria do juiz substituto de segundo grau Adriano Augusto Gomes Borges, deu o prazo de cinco dias para que a Prefeitura de Salvador explique a escolha e a ado\u00e7\u00e3o das medidas restritivas de combate \u00e0 Covid-19 no munic\u00edpio.<\/p>\n<p style=\"text-align: justify;\">O pedido foi feito em um mandado de seguran\u00e7a impetrado pela jornalista e ativista Priscila Chammas Dau em maio deste ano, quando argumentou que a popula\u00e7\u00e3o tem o direito de \u201canalisar e compreender minuciosamente as medidas adotadas para o enfrentamento da doen\u00e7a Covid-19\u201d.<\/p>\n<p style=\"text-align: justify;\">A autora da a\u00e7\u00e3o solicitou o \u201cacesso \u00e0s informa\u00e7\u00f5es que serviram de base para a edi\u00e7\u00e3o de diversos decretos municipais, al\u00e9m de atas de reuni\u00e3o, dados relativos a testes, estoques e \u00e0 estrat\u00e9gia municipal de combate \u00e0 pandemia\u201d.<\/p>\n<p style=\"text-align: justify;\">De acordo com ela, o Gabinete do Prefeito afirmou, em 10 de junho, que \u201cas informa\u00e7\u00f5es j\u00e1 haviam sido prestadas\u201d, mas a jornalista afirmou que n\u00e3o localizou nenhum arquivo inserido no requerimento administrativo, \u201co que lhe fez concluir que a omiss\u00e3o seria uma maneira de retardar ou dificultar o atendimento \u00e0 sua solicita\u00e7\u00e3o\u201d.<\/p>\n<p style=\"text-align: justify;\">Segundo Priscila Chammas, a inten\u00e7\u00e3o em propor o mandado de seguran\u00e7a foi \u201cobter, liminarmente, a concess\u00e3o de tutela provis\u00f3ria para determinar \u00e0 autoridade coatora que preste as informa\u00e7\u00f5es solicitadas, no prazo de 24h, sob pena de multa e responsabiliza\u00e7\u00e3o do gestor; e, no m\u00e9rito, a concess\u00e3o da seguran\u00e7a\u201d.<\/p>\n<p style=\"text-align: justify;\">No entanto, apesar de ter acatado o pleito da ativista, o magistrado determinou que as informa\u00e7\u00f5es solicitadas sejam prestadas pela Prefeitura de Salvador no prazo de cinco dias, tendo dispensado a necessidade de pedido de advert\u00eancia de multa e responsabiliza\u00e7\u00e3o do gestor municipal.<\/p>\n<p style=\"text-align: justify;\">\u201cVerifica-se que as informa\u00e7\u00f5es solicitadas pela Impetrante visam, essencialmente, a conhecer do embasamento cient\u00edfico utilizado para a ado\u00e7\u00e3o de medidas restritivas \u00e0 popula\u00e7\u00e3o soteropolitana, no contexto de enfrentamento da COVID-19\u201d, escreveu o juiz substituto de segundo grau em decis\u00e3o publicada nesta sexta-feira (10) no Di\u00e1rio de Justi\u00e7a Eletr\u00f4nico (DJe).<\/p>\n<p style=\"text-align: justify;\">Fonte: Bnews<\/p>\n","protected":false},"excerpt":{"rendered":"<p>A Se\u00e7\u00e3o C\u00edvel de Direito P\u00fablico do Tribunal de Justi\u00e7a da Bahia (TJ-BA), sob a relatoria do juiz substituto de segundo grau Adriano Augusto Gomes Borges, deu o prazo de cinco dias para que a Prefeitura de Salvador explique a escolha e a ado\u00e7\u00e3o das medidas restritivas de combate \u00e0 Covid-19 no munic\u00edpio. O pedido [&hellip;]<\/p>\n","protected":false},"author":1,"featured_media":12586,"comment_status":"open","ping_status":"open","sticky":false,"template":"","format":"standard","meta":{"_uag_custom_page_level_css":"","_monsterinsights_skip_tracking":false,"_monsterinsights_sitenote_active":false,"_monsterinsights_sitenote_note":"","_monsterinsights_sitenote_category":0,"jetpack_post_was_ever_published":false,"_jetpack_newsletter_access":"","_jetpack_dont_email_post_to_subs":false,"_jetpack_newsletter_tier_id":0,"_jetpack_memberships_contains_paywalled_content":false,"_jetpack_memberships_contains_paid_content":false,"footnotes":"","jetpack_publicize_message":"","jetpack_publicize_feature_enabled":true,"jetpack_social_post_already_shared":true,"jetpack_social_options":{"image_generator_settings":{"template":"highway","default_image_id":0,"font":"","enabled":false},"version":2}},"categories":[197,205],"tags":[],"class_list":["post-12585","post","type-post","status-publish","format-standard","has-post-thumbnail","hentry","category-politica","category-saude"],"jetpack_publicize_connections":[],"jetpack_featured_media_url":"https:\/\/blogopara.com.br\/wp-content\/uploads\/2020\/07\/IMAGEM_NOTICIA_0.jpg","uagb_featured_image_src":{"full":["https:\/\/blogopara.com.br\/wp-content\/uploads\/2020\/07\/IMAGEM_NOTICIA_0.jpg",500,280,false],"thumbnail":["https:\/\/blogopara.com.br\/wp-content\/uploads\/2020\/07\/IMAGEM_NOTICIA_0-150x150.jpg",150,150,true],"medium":["https:\/\/blogopara.com.br\/wp-content\/uploads\/2020\/07\/IMAGEM_NOTICIA_0-300x168.jpg",300,168,true],"medium_large":["https:\/\/blogopara.com.br\/wp-content\/uploads\/2020\/07\/IMAGEM_NOTICIA_0.jpg",500,280,false],"large":["https:\/\/blogopara.com.br\/wp-content\/uploads\/2020\/07\/IMAGEM_NOTICIA_0.jpg",500,280,false],"1536x1536":["https:\/\/blogopara.com.br\/wp-content\/uploads\/2020\/07\/IMAGEM_NOTICIA_0.jpg",500,280,false],"2048x2048":["https:\/\/blogopara.com.br\/wp-content\/uploads\/2020\/07\/IMAGEM_NOTICIA_0.jpg",500,280,false],"mantranews-slider-large":["https:\/\/blogopara.com.br\/wp-content\/uploads\/2020\/07\/IMAGEM_NOTICIA_0.jpg",500,280,false],"mantranews-featured-medium":["https:\/\/blogopara.com.br\/wp-content\/uploads\/2020\/07\/IMAGEM_NOTICIA_0-420x280.jpg",420,280,true],"mantranews-featured-long":["https:\/\/blogopara.com.br\/wp-content\/uploads\/2020\/07\/IMAGEM_NOTICIA_0-300x280.jpg",300,280,true],"mantranews-block-medium":["https:\/\/blogopara.com.br\/wp-content\/uploads\/2020\/07\/IMAGEM_NOTICIA_0-464x280.jpg",464,280,true],"mantranews-carousel-image":["https:\/\/blogopara.com.br\/wp-content\/uploads\/2020\/07\/IMAGEM_NOTICIA_0.jpg",500,280,false],"mantranews-block-thumb":["https:\/\/blogopara.com.br\/wp-content\/uploads\/2020\/07\/IMAGEM_NOTICIA_0-322x230.jpg",322,230,true],"mantranews-single-large":["https:\/\/blogopara.com.br\/wp-content\/uploads\/2020\/07\/IMAGEM_NOTICIA_0.jpg",500,280,false]},"uagb_author_info":{"display_name":"Reda\u00e7\u00e3o geral","author_link":"https:\/\/blogopara.com.br\/index.php\/author\/blogopara"},"uagb_comment_info":0,"uagb_excerpt":"A Se\u00e7\u00e3o C\u00edvel de Direito P\u00fablico do Tribunal de Justi\u00e7a da Bahia (TJ-BA), sob a relatoria do juiz substituto de segundo grau Adriano Augusto Gomes Borges, deu o prazo de cinco dias para que a Prefeitura de Salvador explique a escolha e a ado\u00e7\u00e3o das medidas restritivas de combate \u00e0 Covid-19 no munic\u00edpio. O pedido&hellip;","jetpack_sharing_enabled":true,"jetpack_likes_enabled":true,"_links":{"self":[{"href":"https:\/\/blogopara.com.br\/index.php\/wp-json\/wp\/v2\/posts\/12585","targetHints":{"allow":["GET"]}}],"collection":[{"href":"https:\/\/blogopara.com.br\/index.php\/wp-json\/wp\/v2\/posts"}],"about":[{"href":"https:\/\/blogopara.com.br\/index.php\/wp-json\/wp\/v2\/types\/post"}],"author":[{"embeddable":true,"href":"https:\/\/blogopara.com.br\/index.php\/wp-json\/wp\/v2\/users\/1"}],"replies":[{"embeddable":true,"href":"https:\/\/blogopara.com.br\/index.php\/wp-json\/wp\/v2\/comments?post=12585"}],"version-history":[{"count":1,"href":"https:\/\/blogopara.com.br\/index.php\/wp-json\/wp\/v2\/posts\/12585\/revisions"}],"predecessor-version":[{"id":12587,"href":"https:\/\/blogopara.com.br\/index.php\/wp-json\/wp\/v2\/posts\/12585\/revisions\/12587"}],"wp:featuredmedia":[{"embeddable":true,"href":"https:\/\/blogopara.com.br\/index.php\/wp-json\/wp\/v2\/media\/12586"}],"wp:attachment":[{"href":"https:\/\/blogopara.com.br\/index.php\/wp-json\/wp\/v2\/media?parent=12585"}],"wp:term":[{"taxonomy":"category","embeddable":true,"href":"https:\/\/blogopara.com.br\/index.php\/wp-json\/wp\/v2\/categories?post=12585"},{"taxonomy":"post_tag","embeddable":true,"href":"https:\/\/blogopara.com.br\/index.php\/wp-json\/wp\/v2\/tags?post=12585"}],"curies":[{"name":"wp","href":"https:\/\/api.w.org\/{rel}","templated":true}]}}