{"id":12600,"date":"2020-07-13T08:08:00","date_gmt":"2020-07-13T11:08:00","guid":{"rendered":"http:\/\/blogopara.com.br\/?p=12600"},"modified":"2020-07-11T21:18:44","modified_gmt":"2020-07-12T00:18:44","slug":"o-abandono-de-juazeiro-repercute-em-site-da-capital","status":"publish","type":"post","link":"https:\/\/blogopara.com.br\/index.php\/2020\/07\/13\/o-abandono-de-juazeiro-repercute-em-site-da-capital","title":{"rendered":"O abandono de Juazeiro repercute em site da capital"},"content":{"rendered":"<p style=\"text-align: justify;\">O site de not\u00edcias de capital baiana, Salvador Not\u00edcias, deu destaque ao abandono e falta de gest\u00e3o que vive Juazeiro nos \u00faltimos anos, e a postura do prefeito Paulo Bomfim (PT) em abandonar de vez a cidade para se preocupar com a relei\u00e7\u00e3o.<\/p>\n<p style=\"text-align: justify;\"><a href=\"https:\/\/salvadornoticia.com\/?s=juazeiro\">Juazeiro<\/a>\u00a0vive um grande dilema com rela\u00e7\u00e3o ao combate do\u00a0<a href=\"https:\/\/salvadornoticia.com\/coronavirus\/\">novo coronav\u00edrus (covid-19<\/a>), a falta de a\u00e7\u00e3o efetiva e defini\u00e7\u00e3o de estrat\u00e9gicas pela gest\u00e3o municipal \u00e9 desaprovada pelos juazeirenses, que esperam mais seriedade e respeito do gestor \u00e0 cidade.<\/p>\n<p style=\"text-align: justify;\">A SESAU emitiu novo boletim ontem (sexta-feira, 10), Juazeiro registra agora 36 \u00f3bitos pelo (<a href=\"https:\/\/salvadornoticia.com\/coronavirus\/\">COVID-19<\/a>), apenas 9.105 exames foram realizados, com 1.308 casos confirmados da doen\u00e7a, destes 115 s\u00e3o profissionais de sa\u00fade, 827 pessoas est\u00e3o em isolamento domiciliar, 28 internados, sendo 20 em leitos de UTI e oito em leitos intermedi\u00e1rios.<\/p>\n<p style=\"text-align: justify;\">O munic\u00edpio falha no combate ao coronav\u00edrus, testa muito pouco sua popula\u00e7\u00e3o, o que \u00e9 recomendado para se ter uma real situa\u00e7\u00e3o da infec\u00e7\u00e3o no munic\u00edpio e tra\u00e7ar estrategias no combate. Familiares de pessoas contaminadas relatam a dificuldade de realiza\u00e7\u00e3o de testes por parte da Prefeitura.<\/p>\n<p style=\"text-align: justify;\">Al\u00e9m dos problemas da Pandemia (covid-19), Juazeiro vive outros dilemas, acentuados pela fal\u00eancia do setor de sa\u00fade; com o crescimento dos casos de dengue, chicungunha, zika, febre amarela, gripe H1N1, dentre outras.<\/p>\n<p style=\"text-align: justify;\">\u00c9 not\u00f3rio na gest\u00e3o atual, a falta de comprometimento com a gera\u00e7\u00e3o e manuten\u00e7\u00e3o dos empregos na cidade, a educa\u00e7\u00e3o tem problemas estruturais, falta de qualidade no ensino e evas\u00e3o de alunos. A mobilidade no munic\u00edpio \u00e9 muito ruim, por falta de planejamento, transporte p\u00fablico p\u00e9ssima qualidade e aus\u00eancia efetiva de investimento em infraestrutura.<\/p>\n<p style=\"text-align: justify;\">Com todos estes problemas aqui pontuados, Paulo Bonfim (PT) atual prefeito\u00a0de Juazeiro, foi confirmado a pr\u00e9-candidato \u00e0 prefeitura de Juazeiro, pelo seu partido na \u00faltima quinta-feira (9), com participa\u00e7\u00e3o virtual do senador\u00a0Jaques Wagner.<\/p>\n<p style=\"text-align: justify;\">Em sua fala o Senador comentou \u201cTenho certeza que o povo de Juazeiro reconhece esse projeto que vem, desde 2009, com o ex-prefeito Isaac Carvalho, colaborando para a transforma\u00e7\u00e3o do munic\u00edpio. As pessoas precisam s\u00f3 relembrar o que era o munic\u00edpio antes de 2009 e como a cidade est\u00e1 agora.\u201d, afirma Wagner.<\/p>\n<p style=\"text-align: justify;\">Acreditamos que o Senador foi apresentado a outra Juazeiro, pois, a Juazeiro atual vive um momento de desmando, desorganiza\u00e7\u00e3o, aus\u00eancia de pol\u00edticas publicas efetivas, de investimento na \u00e1rea social, educa\u00e7\u00e3o, mobilidade e grave crise na sa\u00fade.<\/p>\n<p style=\"text-align: justify;\">Esperamos que o Prefeito antes de pensar na reelei\u00e7\u00e3o, lembre dos seus compromissos de campanha e fa\u00e7a um balan\u00e7o do que foi realizado. Os juazeirenses com certeza n\u00e3o aprovam sua gest\u00e3o e v\u00e3o lembrar disso no pleito de 2020.<\/p>\n<p style=\"text-align: justify;\">Outro fator importante para uma reelei\u00e7\u00e3o \u00e9 o relacionamento com seus apoiadores, que parece muito estremecido, o que circula nas rodas de pol\u00edtica na cidade \u00e9, que o prefeito vai perder apoiadores, pois tem muitos desafetos na pol\u00edtica, inclusive dentro do seu partido (PT).<\/p>\n<pre>Fonte: Salvador Not\u00edcia<\/pre>\n","protected":false},"excerpt":{"rendered":"<p>O site de not\u00edcias de capital baiana, Salvador Not\u00edcias, deu destaque ao abandono e falta de gest\u00e3o que vive Juazeiro nos \u00faltimos anos, e a postura do prefeito Paulo Bomfim (PT) em abandonar de vez a cidade para se preocupar com a relei\u00e7\u00e3o. Juazeiro\u00a0vive um grande dilema com rela\u00e7\u00e3o ao combate do\u00a0novo coronav\u00edrus (covid-19), a [&hellip;]<\/p>\n","protected":false},"author":1,"featured_media":12601,"comment_status":"open","ping_status":"open","sticky":false,"template":"","format":"standard","meta":{"_uag_custom_page_level_css":"","_monsterinsights_skip_tracking":false,"_monsterinsights_sitenote_active":false,"_monsterinsights_sitenote_note":"","_monsterinsights_sitenote_category":0,"jetpack_post_was_ever_published":false,"_jetpack_newsletter_access":"","_jetpack_dont_email_post_to_subs":false,"_jetpack_newsletter_tier_id":0,"_jetpack_memberships_contains_paywalled_content":false,"_jetpack_memberships_contains_paid_content":false,"footnotes":"","jetpack_publicize_message":"","jetpack_publicize_feature_enabled":true,"jetpack_social_post_already_shared":true,"jetpack_social_options":{"image_generator_settings":{"template":"highway","default_image_id":0,"font":"","enabled":false},"version":2}},"categories":[203,197],"tags":[],"class_list":["post-12600","post","type-post","status-publish","format-standard","has-post-thumbnail","hentry","category-juazeiro","category-politica"],"jetpack_publicize_connections":[],"jetpack_featured_media_url":"https:\/\/blogopara.com.br\/wp-content\/uploads\/2020\/07\/PAULO-BONFIM-JUAZEIRO-SALVADOR-NOT\u00cdCIA-2.jpg","uagb_featured_image_src":{"full":["https:\/\/blogopara.com.br\/wp-content\/uploads\/2020\/07\/PAULO-BONFIM-JUAZEIRO-SALVADOR-NOT\u00cdCIA-2.jpg",500,301,false],"thumbnail":["https:\/\/blogopara.com.br\/wp-content\/uploads\/2020\/07\/PAULO-BONFIM-JUAZEIRO-SALVADOR-NOT\u00cdCIA-2-150x150.jpg",150,150,true],"medium":["https:\/\/blogopara.com.br\/wp-content\/uploads\/2020\/07\/PAULO-BONFIM-JUAZEIRO-SALVADOR-NOT\u00cdCIA-2-300x181.jpg",300,181,true],"medium_large":["https:\/\/blogopara.com.br\/wp-content\/uploads\/2020\/07\/PAULO-BONFIM-JUAZEIRO-SALVADOR-NOT\u00cdCIA-2.jpg",500,301,false],"large":["https:\/\/blogopara.com.br\/wp-content\/uploads\/2020\/07\/PAULO-BONFIM-JUAZEIRO-SALVADOR-NOT\u00cdCIA-2.jpg",500,301,false],"1536x1536":["https:\/\/blogopara.com.br\/wp-content\/uploads\/2020\/07\/PAULO-BONFIM-JUAZEIRO-SALVADOR-NOT\u00cdCIA-2.jpg",500,301,false],"2048x2048":["https:\/\/blogopara.com.br\/wp-content\/uploads\/2020\/07\/PAULO-BONFIM-JUAZEIRO-SALVADOR-NOT\u00cdCIA-2.jpg",500,301,false],"mantranews-slider-large":["https:\/\/blogopara.com.br\/wp-content\/uploads\/2020\/07\/PAULO-BONFIM-JUAZEIRO-SALVADOR-NOT\u00cdCIA-2.jpg",500,301,false],"mantranews-featured-medium":["https:\/\/blogopara.com.br\/wp-content\/uploads\/2020\/07\/PAULO-BONFIM-JUAZEIRO-SALVADOR-NOT\u00cdCIA-2-420x301.jpg",420,301,true],"mantranews-featured-long":["https:\/\/blogopara.com.br\/wp-content\/uploads\/2020\/07\/PAULO-BONFIM-JUAZEIRO-SALVADOR-NOT\u00cdCIA-2-300x301.jpg",300,301,true],"mantranews-block-medium":["https:\/\/blogopara.com.br\/wp-content\/uploads\/2020\/07\/PAULO-BONFIM-JUAZEIRO-SALVADOR-NOT\u00cdCIA-2-464x290.jpg",464,290,true],"mantranews-carousel-image":["https:\/\/blogopara.com.br\/wp-content\/uploads\/2020\/07\/PAULO-BONFIM-JUAZEIRO-SALVADOR-NOT\u00cdCIA-2.jpg",500,301,false],"mantranews-block-thumb":["https:\/\/blogopara.com.br\/wp-content\/uploads\/2020\/07\/PAULO-BONFIM-JUAZEIRO-SALVADOR-NOT\u00cdCIA-2-322x230.jpg",322,230,true],"mantranews-single-large":["https:\/\/blogopara.com.br\/wp-content\/uploads\/2020\/07\/PAULO-BONFIM-JUAZEIRO-SALVADOR-NOT\u00cdCIA-2.jpg",500,301,false]},"uagb_author_info":{"display_name":"Reda\u00e7\u00e3o geral","author_link":"https:\/\/blogopara.com.br\/index.php\/author\/blogopara"},"uagb_comment_info":0,"uagb_excerpt":"O site de not\u00edcias de capital baiana, Salvador Not\u00edcias, deu destaque ao abandono e falta de gest\u00e3o que vive Juazeiro nos \u00faltimos anos, e a postura do prefeito Paulo Bomfim (PT) em abandonar de vez a cidade para se preocupar com a relei\u00e7\u00e3o. Juazeiro\u00a0vive um grande dilema com rela\u00e7\u00e3o ao combate do\u00a0novo coronav\u00edrus (covid-19), a&hellip;","jetpack_sharing_enabled":true,"jetpack_likes_enabled":true,"_links":{"self":[{"href":"https:\/\/blogopara.com.br\/index.php\/wp-json\/wp\/v2\/posts\/12600","targetHints":{"allow":["GET"]}}],"collection":[{"href":"https:\/\/blogopara.com.br\/index.php\/wp-json\/wp\/v2\/posts"}],"about":[{"href":"https:\/\/blogopara.com.br\/index.php\/wp-json\/wp\/v2\/types\/post"}],"author":[{"embeddable":true,"href":"https:\/\/blogopara.com.br\/index.php\/wp-json\/wp\/v2\/users\/1"}],"replies":[{"embeddable":true,"href":"https:\/\/blogopara.com.br\/index.php\/wp-json\/wp\/v2\/comments?post=12600"}],"version-history":[{"count":2,"href":"https:\/\/blogopara.com.br\/index.php\/wp-json\/wp\/v2\/posts\/12600\/revisions"}],"predecessor-version":[{"id":12609,"href":"https:\/\/blogopara.com.br\/index.php\/wp-json\/wp\/v2\/posts\/12600\/revisions\/12609"}],"wp:featuredmedia":[{"embeddable":true,"href":"https:\/\/blogopara.com.br\/index.php\/wp-json\/wp\/v2\/media\/12601"}],"wp:attachment":[{"href":"https:\/\/blogopara.com.br\/index.php\/wp-json\/wp\/v2\/media?parent=12600"}],"wp:term":[{"taxonomy":"category","embeddable":true,"href":"https:\/\/blogopara.com.br\/index.php\/wp-json\/wp\/v2\/categories?post=12600"},{"taxonomy":"post_tag","embeddable":true,"href":"https:\/\/blogopara.com.br\/index.php\/wp-json\/wp\/v2\/tags?post=12600"}],"curies":[{"name":"wp","href":"https:\/\/api.w.org\/{rel}","templated":true}]}}