{"id":12651,"date":"2020-07-13T15:22:20","date_gmt":"2020-07-13T18:22:20","guid":{"rendered":"http:\/\/blogopara.com.br\/?p=12651"},"modified":"2020-07-13T15:22:26","modified_gmt":"2020-07-13T18:22:26","slug":"filha-do-presidente-da-camara-de-campo-formoso-denuncia-pai-por-agressao-sempre-foi-um-monstro","status":"publish","type":"post","link":"https:\/\/blogopara.com.br\/index.php\/2020\/07\/13\/filha-do-presidente-da-camara-de-campo-formoso-denuncia-pai-por-agressao-sempre-foi-um-monstro","title":{"rendered":"Filha do presidente da C\u00e2mara de Campo Formoso denuncia pai por agress\u00e3o: \u201cSempre foi um monstro\u201d"},"content":{"rendered":"<p style=\"text-align: justify;\">O presidente da C\u00e2mara de Vereadores de Campo Formoso (BA), Jos\u00e9 Alberto de Carvalho, foi denunciado pela pr\u00f3pria filha, Rafaella Carvalho, de 18 anos, por viol\u00eancia dom\u00e9stica. O fato ocorreu ontem (12).<\/p>\n<p style=\"text-align: justify;\">Pelas redes sociais, a jovem mostrou as marcas de agress\u00e3o praticadas pelo pai. Visivelmente nervosa e chorando, ela contou que o epis\u00f3dio ocorreu na ro\u00e7a da fam\u00edlia.\u00a0<em>\u201cA gente estava com toda a nossa fam\u00edlia, e ele comentou que eu n\u00e3o iria conseguir terminar a faculdade. Fiquei muito chateada, comecei a chorar e pedi para uma amiga me buscar. Nisso eu falei para minha madrasta me deixar na cidade do lado. Ele se estressou porque eu estava chorando, me trancou no quarto e fez isso comigo<\/em>\u201d, desabafou Rafaella, mostrando as marcas da agress\u00e3o no rosto e no bra\u00e7o.<\/p>\n<p style=\"text-align: justify;\">Ela disse n\u00e3o ter sido surpresa o que aconteceu, j\u00e1 que viu a m\u00e3e ser agredida constantemente pelo pai enquanto viviam juntos.\u00a0<em>\u201cEle \u00e9 um monstro. Ele sempre foi isso, ele \u00e9 um lixo\u201d<\/em>, disparou. Rafaella foi mais al\u00e9m: disse que o pai \u201c<em>\u00e9 um assassino e, se n\u00e3o tivesse dinheiro, estaria preso\u201d<\/em>. A jovem referia-se a um crime ocorrido em 2016, quando Jos\u00e9 Alberto foi preso em flagrante por homic\u00eddio, ap\u00f3s uma discuss\u00e3o num bar da cidade.<\/p>\n<p style=\"text-align: justify;\">Ele tamb\u00e9m aproveitou para alertar a popula\u00e7\u00e3o sobre seu pai: \u201ce<em>sse \u00e9 o vereador, o presidente da c\u00e2mara de voc\u00eas<\/em>\u201c. O desabalo de Rafaella causou forte repercuss\u00e3o em Campo Formoso. A reportagem do Blog tentar\u00e1 falar com o presidente da C\u00e2mara sobre o assunto.<\/p>\n<p style=\"text-align: justify;\"><img decoding=\"async\" src=\"https:\/\/www.carlosbritto.com\/wp-content\/uploads\/2020\/07\/z%C3%A9-lamb%C3%A3o.jpg\" \/><\/p>\n","protected":false},"excerpt":{"rendered":"<p>O presidente da C\u00e2mara de Vereadores de Campo Formoso (BA), Jos\u00e9 Alberto de Carvalho, foi denunciado pela pr\u00f3pria filha, Rafaella Carvalho, de 18 anos, por viol\u00eancia dom\u00e9stica. O fato ocorreu ontem (12). Pelas redes sociais, a jovem mostrou as marcas de agress\u00e3o praticadas pelo pai. Visivelmente nervosa e chorando, ela contou que o epis\u00f3dio ocorreu [&hellip;]<\/p>\n","protected":false},"author":1,"featured_media":12652,"comment_status":"open","ping_status":"open","sticky":false,"template":"","format":"standard","meta":{"_uag_custom_page_level_css":"","_monsterinsights_skip_tracking":false,"_monsterinsights_sitenote_active":false,"_monsterinsights_sitenote_note":"","_monsterinsights_sitenote_category":0,"jetpack_post_was_ever_published":false,"_jetpack_newsletter_access":"","_jetpack_dont_email_post_to_subs":false,"_jetpack_newsletter_tier_id":0,"_jetpack_memberships_contains_paywalled_content":false,"_jetpack_memberships_contains_paid_content":false,"footnotes":"","jetpack_publicize_message":"","jetpack_publicize_feature_enabled":true,"jetpack_social_post_already_shared":true,"jetpack_social_options":{"image_generator_settings":{"template":"highway","default_image_id":0,"font":"","enabled":false},"version":2}},"categories":[199,202],"tags":[],"class_list":["post-12651","post","type-post","status-publish","format-standard","has-post-thumbnail","hentry","category-bahia","category-policia"],"jetpack_publicize_connections":[],"jetpack_featured_media_url":"https:\/\/blogopara.com.br\/wp-content\/uploads\/2020\/07\/filha-presidente-camara-campo-formoso-696x460-1.jpeg","uagb_featured_image_src":{"full":["https:\/\/blogopara.com.br\/wp-content\/uploads\/2020\/07\/filha-presidente-camara-campo-formoso-696x460-1.jpeg",500,330,false],"thumbnail":["https:\/\/blogopara.com.br\/wp-content\/uploads\/2020\/07\/filha-presidente-camara-campo-formoso-696x460-1-150x150.jpeg",150,150,true],"medium":["https:\/\/blogopara.com.br\/wp-content\/uploads\/2020\/07\/filha-presidente-camara-campo-formoso-696x460-1-300x198.jpeg",300,198,true],"medium_large":["https:\/\/blogopara.com.br\/wp-content\/uploads\/2020\/07\/filha-presidente-camara-campo-formoso-696x460-1.jpeg",500,330,false],"large":["https:\/\/blogopara.com.br\/wp-content\/uploads\/2020\/07\/filha-presidente-camara-campo-formoso-696x460-1.jpeg",500,330,false],"1536x1536":["https:\/\/blogopara.com.br\/wp-content\/uploads\/2020\/07\/filha-presidente-camara-campo-formoso-696x460-1.jpeg",500,330,false],"2048x2048":["https:\/\/blogopara.com.br\/wp-content\/uploads\/2020\/07\/filha-presidente-camara-campo-formoso-696x460-1.jpeg",500,330,false],"mantranews-slider-large":["https:\/\/blogopara.com.br\/wp-content\/uploads\/2020\/07\/filha-presidente-camara-campo-formoso-696x460-1.jpeg",500,330,false],"mantranews-featured-medium":["https:\/\/blogopara.com.br\/wp-content\/uploads\/2020\/07\/filha-presidente-camara-campo-formoso-696x460-1-420x307.jpeg",420,307,true],"mantranews-featured-long":["https:\/\/blogopara.com.br\/wp-content\/uploads\/2020\/07\/filha-presidente-camara-campo-formoso-696x460-1-300x330.jpeg",300,330,true],"mantranews-block-medium":["https:\/\/blogopara.com.br\/wp-content\/uploads\/2020\/07\/filha-presidente-camara-campo-formoso-696x460-1-464x290.jpeg",464,290,true],"mantranews-carousel-image":["https:\/\/blogopara.com.br\/wp-content\/uploads\/2020\/07\/filha-presidente-camara-campo-formoso-696x460-1.jpeg",500,330,false],"mantranews-block-thumb":["https:\/\/blogopara.com.br\/wp-content\/uploads\/2020\/07\/filha-presidente-camara-campo-formoso-696x460-1-322x230.jpeg",322,230,true],"mantranews-single-large":["https:\/\/blogopara.com.br\/wp-content\/uploads\/2020\/07\/filha-presidente-camara-campo-formoso-696x460-1.jpeg",500,330,false]},"uagb_author_info":{"display_name":"Reda\u00e7\u00e3o geral","author_link":"https:\/\/blogopara.com.br\/index.php\/author\/blogopara"},"uagb_comment_info":0,"uagb_excerpt":"O presidente da C\u00e2mara de Vereadores de Campo Formoso (BA), Jos\u00e9 Alberto de Carvalho, foi denunciado pela pr\u00f3pria filha, Rafaella Carvalho, de 18 anos, por viol\u00eancia dom\u00e9stica. O fato ocorreu ontem (12). Pelas redes sociais, a jovem mostrou as marcas de agress\u00e3o praticadas pelo pai. Visivelmente nervosa e chorando, ela contou que o epis\u00f3dio ocorreu&hellip;","jetpack_sharing_enabled":true,"jetpack_likes_enabled":true,"_links":{"self":[{"href":"https:\/\/blogopara.com.br\/index.php\/wp-json\/wp\/v2\/posts\/12651","targetHints":{"allow":["GET"]}}],"collection":[{"href":"https:\/\/blogopara.com.br\/index.php\/wp-json\/wp\/v2\/posts"}],"about":[{"href":"https:\/\/blogopara.com.br\/index.php\/wp-json\/wp\/v2\/types\/post"}],"author":[{"embeddable":true,"href":"https:\/\/blogopara.com.br\/index.php\/wp-json\/wp\/v2\/users\/1"}],"replies":[{"embeddable":true,"href":"https:\/\/blogopara.com.br\/index.php\/wp-json\/wp\/v2\/comments?post=12651"}],"version-history":[{"count":1,"href":"https:\/\/blogopara.com.br\/index.php\/wp-json\/wp\/v2\/posts\/12651\/revisions"}],"predecessor-version":[{"id":12653,"href":"https:\/\/blogopara.com.br\/index.php\/wp-json\/wp\/v2\/posts\/12651\/revisions\/12653"}],"wp:featuredmedia":[{"embeddable":true,"href":"https:\/\/blogopara.com.br\/index.php\/wp-json\/wp\/v2\/media\/12652"}],"wp:attachment":[{"href":"https:\/\/blogopara.com.br\/index.php\/wp-json\/wp\/v2\/media?parent=12651"}],"wp:term":[{"taxonomy":"category","embeddable":true,"href":"https:\/\/blogopara.com.br\/index.php\/wp-json\/wp\/v2\/categories?post=12651"},{"taxonomy":"post_tag","embeddable":true,"href":"https:\/\/blogopara.com.br\/index.php\/wp-json\/wp\/v2\/tags?post=12651"}],"curies":[{"name":"wp","href":"https:\/\/api.w.org\/{rel}","templated":true}]}}