{"id":12669,"date":"2020-07-14T13:00:00","date_gmt":"2020-07-14T16:00:00","guid":{"rendered":"http:\/\/blogopara.com.br\/?p=12669"},"modified":"2020-07-14T10:04:18","modified_gmt":"2020-07-14T13:04:18","slug":"bahia-tem-30-pre-candidaturas-lgbti-para-eleicoes-de-2020","status":"publish","type":"post","link":"https:\/\/blogopara.com.br\/index.php\/2020\/07\/14\/bahia-tem-30-pre-candidaturas-lgbti-para-eleicoes-de-2020","title":{"rendered":"Juazeiro n\u00e3o ter\u00e1 pr\u00e9-candidaturas LGBTI+ para elei\u00e7\u00f5es de 2020"},"content":{"rendered":"<p style=\"text-align: justify;\">Em 2020, o Brasil passar\u00e1 novamente por elei\u00e7\u00f5es. Nas mais de 5.500 cidades dos 26 estados da federa\u00e7\u00e3o, 336 pr\u00e9-candidaturas se identificam como pessoas L\u00e9sbicas, Gays, Bissexuais, Travestis, Transexuais, Intersexuais e demais identidades n\u00e3o hegem\u00f4nicas, apontou um levantamento da Alian\u00e7a LGBTI+. O n\u00famero corresponde a 0,07% do total de candidatos nas \u00faltimas elei\u00e7\u00f5es municipais de 2012.<\/p>\n<p style=\"text-align: justify;\">O grupo respons\u00e1vel pelo levantamento mapeia as candidaturas por meio de um formul\u00e1rio que aceita inscri\u00e7\u00f5es de postulantes da comunidade e aliados. Na Bahia, o grupo j\u00e1 contabilizou pelo menos 30 pr\u00e9-candidatos LGBTI+ para o cargo de vereador. S\u00e3o 11 homens gays (36,7%), 10 l\u00e9sbicas (33,3%), 5 transexuais e travestis (16,7%), 3 bissexuais (10%) e um de outras orienta\u00e7\u00f5es (3,3%).<\/p>\n<p style=\"text-align: justify;\">A maior parte das candidaturas ao Legislativo est\u00e1 em Salvador s\u00e3o, 15 no total (50%). As outras est\u00e3o distribu\u00eddas em Lauro de Freitas (13,3%), Ilh\u00e9us (6,7%), Castro Alves (3%), Cruz das Almas (3%), Entre Rios (3%), Feira de Santana (3%), Itabuna (3%), Nova F\u00e1tima (3%), Paulo Afonso (3%), Planaltino (3%) e Sim\u00f5es Filho (3%). Nenhuma candidatura ao Executivo foi registrada.<\/p>\n<p style=\"text-align: justify;\">Entre os nomes que foram mepados est\u00e3o a artista transsexual Leo Kret, o Rei Momo Renildo, a artista Fabety Santana e a drag queen Petra Peron, pr\u00e9-candidatos a uma vaga na C\u00e2mara Municipal da capital baiana.<\/p>\n<p style=\"text-align: justify;\">O partido que mais registrou pr\u00e9-candidaturas LGBTI+ foi o PT (6), seguido pelo PSB (5), PSOL (4), e PDT (2). Quase a totalidade dos pr\u00e9-candidatos inscritos se diz de esquerda ou de centro-esquerda (67%) em compara\u00e7\u00e3o com os que se assumem de direita (10%). Outros 3% n\u00e3o indicaram em nenhum espectro pol\u00edtico.<\/p>\n<p style=\"text-align: justify;\">ADES\u00c3O BAIXA DA POPULA\u00c7\u00c3O TRANSG\u00caNERA<br \/>\nNo comunicado em que divulga o formul\u00e1rio para inscri\u00e7\u00e3o de pr\u00e9-candidaturas LGBTI+, a Alian\u00e7a destaca a inefici\u00eancia do Poder Legislativo brasileiro em assegurar direitos \u00e0 comunidade. \u201cBoa parte dos avan\u00e7os para popula\u00e7\u00e3o LGBTI+ veio do Poder Judici\u00e1rio ao longo dos \u00faltimos anos. \u00c9 de suma import\u00e2ncia a representatividade nos espa\u00e7os de poder, at\u00e9 mesmo para provocar o debate em todas as esferas pol\u00edticas, pois a instala\u00e7\u00e3o do debate, da voz, s\u00f3 acontece atrav\u00e9s de um mandato, a representatividade isso permite\u201d, pontua.<\/p>\n<p style=\"text-align: justify;\">Entre os candidatos mapeados em todo o Brasil, outro dado chama aten\u00e7\u00e3o: s\u00e3o 56% de pr\u00e9-candidaturas de homens gays contra 44% de todas as outras identifica\u00e7\u00f5es.<\/p>\n<p style=\"text-align: justify;\">Pr\u00e9-candidata a vereadora pela Bancada de Todas as Lutas em Salvador, Yuna Vit\u00f3ria alertou para a import\u00e2ncia da presen\u00e7a de mais nomes popula\u00e7\u00e3o transg\u00eanera no ranking e nas urnas.<\/p>\n<p style=\"text-align: justify;\">\u201cVeja, n\u00f3s vivemos em um dos pa\u00edses que mais matam pessoas LGBTS no mundo. \u00c9 preciso dar enfoque \u00e0 popula\u00e7\u00e3o transg\u00eanera no ranking, sendo a que se encontra em maior vulnerabilidade. Nesse cen\u00e1rio, onde somos retratados de maneira pejorativa perante a sociedade, fica dif\u00edcil estabelecer uma disputa em igualdade no sistema eleitoral. Enquanto qualquer candidato n\u00e3o-LGBT s\u00f3 precisa ser carism\u00e1tico e ter bons projetos, n\u00f3s precisamos, antes, vencer a barreira do preconceito para tentar de algum modo convencer a popula\u00e7\u00e3o a acreditar em n\u00f3s\u201d, falou.<\/p>\n<p style=\"text-align: justify;\">A pr\u00e9-candidata tamb\u00e9m ajudou a explicar o n\u00famero baixo de pr\u00e9-candidaturas. \u201cA popula\u00e7\u00e3o n\u00e3o acredita em nosso potencial e n\u00f3s tamb\u00e9m j\u00e1 n\u00e3o acreditamos tanto na pol\u00edtica partid\u00e1ria como campo de disputa. O legislador brasileiro \u00e9 uma figura omissa para as agendas da diversidade sexual e de g\u00eanero, todos o poucos avan\u00e7os que tivemos de d\u00e9cadas para c\u00e1 vieram precariamente via judici\u00e1rio. Acho que de algum modo a popula\u00e7\u00e3o LGBT anda descrente desse lugar enquanto transformador\u201d, completou.<\/p>\n<pre>Fonte de informa\u00e7\u00f5es: Bahia Not\u00edcias<\/pre>\n","protected":false},"excerpt":{"rendered":"<p>Em 2020, o Brasil passar\u00e1 novamente por elei\u00e7\u00f5es. Nas mais de 5.500 cidades dos 26 estados da federa\u00e7\u00e3o, 336 pr\u00e9-candidaturas se identificam como pessoas L\u00e9sbicas, Gays, Bissexuais, Travestis, Transexuais, Intersexuais e demais identidades n\u00e3o hegem\u00f4nicas, apontou um levantamento da Alian\u00e7a LGBTI+. O n\u00famero corresponde a 0,07% do total de candidatos nas \u00faltimas elei\u00e7\u00f5es municipais de [&hellip;]<\/p>\n","protected":false},"author":1,"featured_media":12670,"comment_status":"open","ping_status":"open","sticky":false,"template":"","format":"standard","meta":{"_uag_custom_page_level_css":"","_monsterinsights_skip_tracking":false,"_monsterinsights_sitenote_active":false,"_monsterinsights_sitenote_note":"","_monsterinsights_sitenote_category":0,"jetpack_post_was_ever_published":false,"_jetpack_newsletter_access":"","_jetpack_dont_email_post_to_subs":false,"_jetpack_newsletter_tier_id":0,"_jetpack_memberships_contains_paywalled_content":false,"_jetpack_memberships_contains_paid_content":false,"footnotes":"","jetpack_publicize_message":"","jetpack_publicize_feature_enabled":true,"jetpack_social_post_already_shared":true,"jetpack_social_options":{"image_generator_settings":{"template":"highway","default_image_id":0,"font":"","enabled":false},"version":2}},"categories":[199,197],"tags":[],"class_list":["post-12669","post","type-post","status-publish","format-standard","has-post-thumbnail","hentry","category-bahia","category-politica"],"jetpack_publicize_connections":[],"jetpack_featured_media_url":"https:\/\/blogopara.com.br\/wp-content\/uploads\/2020\/07\/IMAGEM_NOTICIA_5-2.jpg","uagb_featured_image_src":{"full":["https:\/\/blogopara.com.br\/wp-content\/uploads\/2020\/07\/IMAGEM_NOTICIA_5-2.jpg",380,280,false],"thumbnail":["https:\/\/blogopara.com.br\/wp-content\/uploads\/2020\/07\/IMAGEM_NOTICIA_5-2-150x150.jpg",150,150,true],"medium":["https:\/\/blogopara.com.br\/wp-content\/uploads\/2020\/07\/IMAGEM_NOTICIA_5-2-300x221.jpg",300,221,true],"medium_large":["https:\/\/blogopara.com.br\/wp-content\/uploads\/2020\/07\/IMAGEM_NOTICIA_5-2.jpg",380,280,false],"large":["https:\/\/blogopara.com.br\/wp-content\/uploads\/2020\/07\/IMAGEM_NOTICIA_5-2.jpg",380,280,false],"1536x1536":["https:\/\/blogopara.com.br\/wp-content\/uploads\/2020\/07\/IMAGEM_NOTICIA_5-2.jpg",380,280,false],"2048x2048":["https:\/\/blogopara.com.br\/wp-content\/uploads\/2020\/07\/IMAGEM_NOTICIA_5-2.jpg",380,280,false],"mantranews-slider-large":["https:\/\/blogopara.com.br\/wp-content\/uploads\/2020\/07\/IMAGEM_NOTICIA_5-2.jpg",380,280,false],"mantranews-featured-medium":["https:\/\/blogopara.com.br\/wp-content\/uploads\/2020\/07\/IMAGEM_NOTICIA_5-2.jpg",380,280,false],"mantranews-featured-long":["https:\/\/blogopara.com.br\/wp-content\/uploads\/2020\/07\/IMAGEM_NOTICIA_5-2-300x280.jpg",300,280,true],"mantranews-block-medium":["https:\/\/blogopara.com.br\/wp-content\/uploads\/2020\/07\/IMAGEM_NOTICIA_5-2.jpg",380,280,false],"mantranews-carousel-image":["https:\/\/blogopara.com.br\/wp-content\/uploads\/2020\/07\/IMAGEM_NOTICIA_5-2.jpg",380,280,false],"mantranews-block-thumb":["https:\/\/blogopara.com.br\/wp-content\/uploads\/2020\/07\/IMAGEM_NOTICIA_5-2-322x230.jpg",322,230,true],"mantranews-single-large":["https:\/\/blogopara.com.br\/wp-content\/uploads\/2020\/07\/IMAGEM_NOTICIA_5-2.jpg",380,280,false]},"uagb_author_info":{"display_name":"Reda\u00e7\u00e3o geral","author_link":"https:\/\/blogopara.com.br\/index.php\/author\/blogopara"},"uagb_comment_info":0,"uagb_excerpt":"Em 2020, o Brasil passar\u00e1 novamente por elei\u00e7\u00f5es. Nas mais de 5.500 cidades dos 26 estados da federa\u00e7\u00e3o, 336 pr\u00e9-candidaturas se identificam como pessoas L\u00e9sbicas, Gays, Bissexuais, Travestis, Transexuais, Intersexuais e demais identidades n\u00e3o hegem\u00f4nicas, apontou um levantamento da Alian\u00e7a LGBTI+. O n\u00famero corresponde a 0,07% do total de candidatos nas \u00faltimas elei\u00e7\u00f5es municipais de&hellip;","jetpack_sharing_enabled":true,"jetpack_likes_enabled":true,"_links":{"self":[{"href":"https:\/\/blogopara.com.br\/index.php\/wp-json\/wp\/v2\/posts\/12669","targetHints":{"allow":["GET"]}}],"collection":[{"href":"https:\/\/blogopara.com.br\/index.php\/wp-json\/wp\/v2\/posts"}],"about":[{"href":"https:\/\/blogopara.com.br\/index.php\/wp-json\/wp\/v2\/types\/post"}],"author":[{"embeddable":true,"href":"https:\/\/blogopara.com.br\/index.php\/wp-json\/wp\/v2\/users\/1"}],"replies":[{"embeddable":true,"href":"https:\/\/blogopara.com.br\/index.php\/wp-json\/wp\/v2\/comments?post=12669"}],"version-history":[{"count":2,"href":"https:\/\/blogopara.com.br\/index.php\/wp-json\/wp\/v2\/posts\/12669\/revisions"}],"predecessor-version":[{"id":12673,"href":"https:\/\/blogopara.com.br\/index.php\/wp-json\/wp\/v2\/posts\/12669\/revisions\/12673"}],"wp:featuredmedia":[{"embeddable":true,"href":"https:\/\/blogopara.com.br\/index.php\/wp-json\/wp\/v2\/media\/12670"}],"wp:attachment":[{"href":"https:\/\/blogopara.com.br\/index.php\/wp-json\/wp\/v2\/media?parent=12669"}],"wp:term":[{"taxonomy":"category","embeddable":true,"href":"https:\/\/blogopara.com.br\/index.php\/wp-json\/wp\/v2\/categories?post=12669"},{"taxonomy":"post_tag","embeddable":true,"href":"https:\/\/blogopara.com.br\/index.php\/wp-json\/wp\/v2\/tags?post=12669"}],"curies":[{"name":"wp","href":"https:\/\/api.w.org\/{rel}","templated":true}]}}