{"id":12674,"date":"2020-07-14T14:12:53","date_gmt":"2020-07-14T17:12:53","guid":{"rendered":"http:\/\/blogopara.com.br\/?p=12674"},"modified":"2020-07-14T14:12:58","modified_gmt":"2020-07-14T17:12:58","slug":"apos-quase-40-mortes-e-14-mil-vitimas-do-covid-19-prefeito-paulo-bomfim-anuncia-hospital-de-campanha","status":"publish","type":"post","link":"https:\/\/blogopara.com.br\/index.php\/2020\/07\/14\/apos-quase-40-mortes-e-14-mil-vitimas-do-covid-19-prefeito-paulo-bomfim-anuncia-hospital-de-campanha","title":{"rendered":"Ap\u00f3s quase 40 mortes e 1,4 mil v\u00edtimas do covid-19, prefeito Paulo Bomfim anuncia hospital de campanha"},"content":{"rendered":"<p style=\"text-align: justify;\">Com o mesmo enredo de sempre, &#8220;fomos a primeira cidade a tomar as medidas&#8221; e em ritmo de campanha eleitoral, o prefeito de Juazeiro, Paulo Bomfim, em coletiva realizada na manh\u00e3 desta ter\u00e7a-feira (14) anunciou que estendeu o prazo de fechamento do com\u00e9rcio at\u00e9 o dia 26 de julho, assim como o toque de recolher. Segundo o prefeito, &#8220;Tenho dialogado com o prefeito Miguel (prefeito de Petrolina\/PE) para que cada vez mais nossas decis\u00f5es sejam unificadas&#8221;, n\u00e3o \u00e9 o que parece nas medidas adotadas pelos os dois gestores.<\/p>\n<p style=\"text-align: justify;\">Al\u00e9m disso, Paulo Bomfim encaminhou o processo de licita\u00e7\u00e3o para cria\u00e7\u00e3o do Hospital de Campanha na cidade com 60 leitos intermedi\u00e1rios, localizado ao lado da UPA Covid. A decis\u00e3o foi tomada junto ao comit\u00ea de enfrentamento do novo coronav\u00edrus, visando atender pacientes de forma mais precoce. O prefeito tamb\u00e9m anunciou compra de mais de 10 mil testes PCR, que permite ser realizado quando o paciente tem apenas dois dias de sintoma, o que agiliza o diagn\u00f3stico.<\/p>\n<p style=\"text-align: justify;\">Paulo tamb\u00e9m comunicou que ir\u00e1 suspender o prazos de alvar\u00e1 e vigil\u00e2ncia sanit\u00e1ria enquanto houver a pandemia. O projeto vai para a C\u00e2mara de Vereadores para aprova\u00e7\u00e3o. Al\u00e9m disso, o vencimento do IPTU foi prorrogado para 30 de setembro.<\/p>\n<p style=\"text-align: justify;\"><strong>Hospital de Campanha<\/strong><\/p>\n<p style=\"text-align: justify;\">Os gestores de ambas as cidades t\u00eam mantido di\u00e1logo em busca de a\u00e7\u00f5es preventivas unificadas, disse o prefeito baiano. Paulo Bomfim tamb\u00e9m anunciou a montagem de um Hospital de Campanha, com 60 leitos, ao lado da Unidade de Pronto Atendimento (UPA). \u201c<em>J\u00e1 encaminhei o processo para licita\u00e7\u00e3o, n\u00f3s vamos fazer o hospital com 60 leitos. Se necess\u00e1rio for, n\u00f3s vamos ampliar\u201d<\/em>, disse.<\/p>\n","protected":false},"excerpt":{"rendered":"<p>Com o mesmo enredo de sempre, &#8220;fomos a primeira cidade a tomar as medidas&#8221; e em ritmo de campanha eleitoral, o prefeito de Juazeiro, Paulo Bomfim, em coletiva realizada na manh\u00e3 desta ter\u00e7a-feira (14) anunciou que estendeu o prazo de fechamento do com\u00e9rcio at\u00e9 o dia 26 de julho, assim como o toque de recolher. [&hellip;]<\/p>\n","protected":false},"author":1,"featured_media":12676,"comment_status":"open","ping_status":"open","sticky":false,"template":"","format":"standard","meta":{"_uag_custom_page_level_css":"","_monsterinsights_skip_tracking":false,"_monsterinsights_sitenote_active":false,"_monsterinsights_sitenote_note":"","_monsterinsights_sitenote_category":0,"jetpack_post_was_ever_published":false,"_jetpack_newsletter_access":"","_jetpack_dont_email_post_to_subs":false,"_jetpack_newsletter_tier_id":0,"_jetpack_memberships_contains_paywalled_content":false,"_jetpack_memberships_contains_paid_content":false,"footnotes":"","jetpack_publicize_message":"","jetpack_publicize_feature_enabled":true,"jetpack_social_post_already_shared":true,"jetpack_social_options":{"image_generator_settings":{"template":"highway","default_image_id":0,"font":"","enabled":false},"version":2}},"categories":[203,197,205],"tags":[],"class_list":["post-12674","post","type-post","status-publish","format-standard","has-post-thumbnail","hentry","category-juazeiro","category-politica","category-saude"],"jetpack_publicize_connections":[],"jetpack_featured_media_url":"https:\/\/blogopara.com.br\/wp-content\/uploads\/2020\/07\/PBcomerciantes1.jpg","uagb_featured_image_src":{"full":["https:\/\/blogopara.com.br\/wp-content\/uploads\/2020\/07\/PBcomerciantes1.jpg",500,356,false],"thumbnail":["https:\/\/blogopara.com.br\/wp-content\/uploads\/2020\/07\/PBcomerciantes1-150x150.jpg",150,150,true],"medium":["https:\/\/blogopara.com.br\/wp-content\/uploads\/2020\/07\/PBcomerciantes1-300x214.jpg",300,214,true],"medium_large":["https:\/\/blogopara.com.br\/wp-content\/uploads\/2020\/07\/PBcomerciantes1.jpg",500,356,false],"large":["https:\/\/blogopara.com.br\/wp-content\/uploads\/2020\/07\/PBcomerciantes1.jpg",500,356,false],"1536x1536":["https:\/\/blogopara.com.br\/wp-content\/uploads\/2020\/07\/PBcomerciantes1.jpg",500,356,false],"2048x2048":["https:\/\/blogopara.com.br\/wp-content\/uploads\/2020\/07\/PBcomerciantes1.jpg",500,356,false],"mantranews-slider-large":["https:\/\/blogopara.com.br\/wp-content\/uploads\/2020\/07\/PBcomerciantes1.jpg",500,356,false],"mantranews-featured-medium":["https:\/\/blogopara.com.br\/wp-content\/uploads\/2020\/07\/PBcomerciantes1-420x307.jpg",420,307,true],"mantranews-featured-long":["https:\/\/blogopara.com.br\/wp-content\/uploads\/2020\/07\/PBcomerciantes1-300x356.jpg",300,356,true],"mantranews-block-medium":["https:\/\/blogopara.com.br\/wp-content\/uploads\/2020\/07\/PBcomerciantes1-464x290.jpg",464,290,true],"mantranews-carousel-image":["https:\/\/blogopara.com.br\/wp-content\/uploads\/2020\/07\/PBcomerciantes1.jpg",500,356,false],"mantranews-block-thumb":["https:\/\/blogopara.com.br\/wp-content\/uploads\/2020\/07\/PBcomerciantes1-322x230.jpg",322,230,true],"mantranews-single-large":["https:\/\/blogopara.com.br\/wp-content\/uploads\/2020\/07\/PBcomerciantes1.jpg",500,356,false]},"uagb_author_info":{"display_name":"Reda\u00e7\u00e3o geral","author_link":"https:\/\/blogopara.com.br\/index.php\/author\/blogopara"},"uagb_comment_info":0,"uagb_excerpt":"Com o mesmo enredo de sempre, &#8220;fomos a primeira cidade a tomar as medidas&#8221; e em ritmo de campanha eleitoral, o prefeito de Juazeiro, Paulo Bomfim, em coletiva realizada na manh\u00e3 desta ter\u00e7a-feira (14) anunciou que estendeu o prazo de fechamento do com\u00e9rcio at\u00e9 o dia 26 de julho, assim como o toque de recolher.&hellip;","jetpack_sharing_enabled":true,"jetpack_likes_enabled":true,"_links":{"self":[{"href":"https:\/\/blogopara.com.br\/index.php\/wp-json\/wp\/v2\/posts\/12674","targetHints":{"allow":["GET"]}}],"collection":[{"href":"https:\/\/blogopara.com.br\/index.php\/wp-json\/wp\/v2\/posts"}],"about":[{"href":"https:\/\/blogopara.com.br\/index.php\/wp-json\/wp\/v2\/types\/post"}],"author":[{"embeddable":true,"href":"https:\/\/blogopara.com.br\/index.php\/wp-json\/wp\/v2\/users\/1"}],"replies":[{"embeddable":true,"href":"https:\/\/blogopara.com.br\/index.php\/wp-json\/wp\/v2\/comments?post=12674"}],"version-history":[{"count":1,"href":"https:\/\/blogopara.com.br\/index.php\/wp-json\/wp\/v2\/posts\/12674\/revisions"}],"predecessor-version":[{"id":12677,"href":"https:\/\/blogopara.com.br\/index.php\/wp-json\/wp\/v2\/posts\/12674\/revisions\/12677"}],"wp:featuredmedia":[{"embeddable":true,"href":"https:\/\/blogopara.com.br\/index.php\/wp-json\/wp\/v2\/media\/12676"}],"wp:attachment":[{"href":"https:\/\/blogopara.com.br\/index.php\/wp-json\/wp\/v2\/media?parent=12674"}],"wp:term":[{"taxonomy":"category","embeddable":true,"href":"https:\/\/blogopara.com.br\/index.php\/wp-json\/wp\/v2\/categories?post=12674"},{"taxonomy":"post_tag","embeddable":true,"href":"https:\/\/blogopara.com.br\/index.php\/wp-json\/wp\/v2\/tags?post=12674"}],"curies":[{"name":"wp","href":"https:\/\/api.w.org\/{rel}","templated":true}]}}