{"id":12762,"date":"2020-07-17T16:42:08","date_gmt":"2020-07-17T19:42:08","guid":{"rendered":"http:\/\/blogopara.com.br\/?p=12762"},"modified":"2020-07-17T16:42:23","modified_gmt":"2020-07-17T19:42:23","slug":"juazeiro-pesar-pelo-falecimento-do-gerente-da-abc-eletro-antonio-barbosa-filho-barbosinha","status":"publish","type":"post","link":"https:\/\/blogopara.com.br\/index.php\/2020\/07\/17\/juazeiro-pesar-pelo-falecimento-do-gerente-da-abc-eletro-antonio-barbosa-filho-barbosinha","title":{"rendered":"Juazeiro: Pesar pelo falecimento do gerente da ABC Eletro, Ant\u00f4nio Barbosa Filho, &#8220;Barbosinha&#8221;"},"content":{"rendered":"<p style=\"text-align: justify;\">\u00c9 com bastante pesar que recebemos a not\u00edcia do falecimento do gerente da ABC Eletro Ant\u00f4nio Barbosa Filho. Barbosa ser\u00e1 sempre lembrado pela dedica\u00e7\u00e3o e amor ao trabalho.<\/p>\n<p style=\"text-align: justify;\">As mais sinceras condol\u00eancias \u00e0 fam\u00edlia e amigos por esta inestim\u00e1vel perda.<\/p>\n","protected":false},"excerpt":{"rendered":"<p>\u00c9 com bastante pesar que recebemos a not\u00edcia do falecimento do gerente da ABC Eletro Ant\u00f4nio Barbosa Filho. Barbosa ser\u00e1 sempre lembrado pela dedica\u00e7\u00e3o e amor ao trabalho. As mais sinceras condol\u00eancias \u00e0 fam\u00edlia e amigos por esta inestim\u00e1vel perda.<\/p>\n","protected":false},"author":1,"featured_media":12764,"comment_status":"open","ping_status":"open","sticky":false,"template":"","format":"standard","meta":{"_uag_custom_page_level_css":"","_monsterinsights_skip_tracking":false,"_monsterinsights_sitenote_active":false,"_monsterinsights_sitenote_note":"","_monsterinsights_sitenote_category":0,"jetpack_post_was_ever_published":false,"_jetpack_newsletter_access":"","_jetpack_dont_email_post_to_subs":false,"_jetpack_newsletter_tier_id":0,"_jetpack_memberships_contains_paywalled_content":false,"_jetpack_memberships_contains_paid_content":false,"footnotes":"","jetpack_publicize_message":"","jetpack_publicize_feature_enabled":true,"jetpack_social_post_already_shared":true,"jetpack_social_options":{"image_generator_settings":{"template":"highway","default_image_id":0,"font":"","enabled":false},"version":2}},"categories":[203,204],"tags":[],"class_list":["post-12762","post","type-post","status-publish","format-standard","has-post-thumbnail","hentry","category-juazeiro","category-social"],"jetpack_publicize_connections":[],"jetpack_featured_media_url":"https:\/\/blogopara.com.br\/wp-content\/uploads\/2020\/07\/barbosa.png","uagb_featured_image_src":{"full":["https:\/\/blogopara.com.br\/wp-content\/uploads\/2020\/07\/barbosa.png",349,348,false],"thumbnail":["https:\/\/blogopara.com.br\/wp-content\/uploads\/2020\/07\/barbosa-150x150.png",150,150,true],"medium":["https:\/\/blogopara.com.br\/wp-content\/uploads\/2020\/07\/barbosa-300x300.png",300,300,true],"medium_large":["https:\/\/blogopara.com.br\/wp-content\/uploads\/2020\/07\/barbosa.png",349,348,false],"large":["https:\/\/blogopara.com.br\/wp-content\/uploads\/2020\/07\/barbosa.png",349,348,false],"1536x1536":["https:\/\/blogopara.com.br\/wp-content\/uploads\/2020\/07\/barbosa.png",349,348,false],"2048x2048":["https:\/\/blogopara.com.br\/wp-content\/uploads\/2020\/07\/barbosa.png",349,348,false],"mantranews-slider-large":["https:\/\/blogopara.com.br\/wp-content\/uploads\/2020\/07\/barbosa.png",349,348,false],"mantranews-featured-medium":["https:\/\/blogopara.com.br\/wp-content\/uploads\/2020\/07\/barbosa-349x307.png",349,307,true],"mantranews-featured-long":["https:\/\/blogopara.com.br\/wp-content\/uploads\/2020\/07\/barbosa-300x348.png",300,348,true],"mantranews-block-medium":["https:\/\/blogopara.com.br\/wp-content\/uploads\/2020\/07\/barbosa-349x290.png",349,290,true],"mantranews-carousel-image":["https:\/\/blogopara.com.br\/wp-content\/uploads\/2020\/07\/barbosa.png",349,348,false],"mantranews-block-thumb":["https:\/\/blogopara.com.br\/wp-content\/uploads\/2020\/07\/barbosa-322x230.png",322,230,true],"mantranews-single-large":["https:\/\/blogopara.com.br\/wp-content\/uploads\/2020\/07\/barbosa.png",349,348,false]},"uagb_author_info":{"display_name":"Reda\u00e7\u00e3o geral","author_link":"https:\/\/blogopara.com.br\/index.php\/author\/blogopara"},"uagb_comment_info":0,"uagb_excerpt":"\u00c9 com bastante pesar que recebemos a not\u00edcia do falecimento do gerente da ABC Eletro Ant\u00f4nio Barbosa Filho. Barbosa ser\u00e1 sempre lembrado pela dedica\u00e7\u00e3o e amor ao trabalho. As mais sinceras condol\u00eancias \u00e0 fam\u00edlia e amigos por esta inestim\u00e1vel perda.","jetpack_sharing_enabled":true,"jetpack_likes_enabled":true,"_links":{"self":[{"href":"https:\/\/blogopara.com.br\/index.php\/wp-json\/wp\/v2\/posts\/12762","targetHints":{"allow":["GET"]}}],"collection":[{"href":"https:\/\/blogopara.com.br\/index.php\/wp-json\/wp\/v2\/posts"}],"about":[{"href":"https:\/\/blogopara.com.br\/index.php\/wp-json\/wp\/v2\/types\/post"}],"author":[{"embeddable":true,"href":"https:\/\/blogopara.com.br\/index.php\/wp-json\/wp\/v2\/users\/1"}],"replies":[{"embeddable":true,"href":"https:\/\/blogopara.com.br\/index.php\/wp-json\/wp\/v2\/comments?post=12762"}],"version-history":[{"count":3,"href":"https:\/\/blogopara.com.br\/index.php\/wp-json\/wp\/v2\/posts\/12762\/revisions"}],"predecessor-version":[{"id":12766,"href":"https:\/\/blogopara.com.br\/index.php\/wp-json\/wp\/v2\/posts\/12762\/revisions\/12766"}],"wp:featuredmedia":[{"embeddable":true,"href":"https:\/\/blogopara.com.br\/index.php\/wp-json\/wp\/v2\/media\/12764"}],"wp:attachment":[{"href":"https:\/\/blogopara.com.br\/index.php\/wp-json\/wp\/v2\/media?parent=12762"}],"wp:term":[{"taxonomy":"category","embeddable":true,"href":"https:\/\/blogopara.com.br\/index.php\/wp-json\/wp\/v2\/categories?post=12762"},{"taxonomy":"post_tag","embeddable":true,"href":"https:\/\/blogopara.com.br\/index.php\/wp-json\/wp\/v2\/tags?post=12762"}],"curies":[{"name":"wp","href":"https:\/\/api.w.org\/{rel}","templated":true}]}}