{"id":12773,"date":"2020-07-17T18:06:30","date_gmt":"2020-07-17T21:06:30","guid":{"rendered":"http:\/\/blogopara.com.br\/?p=12773"},"modified":"2020-07-17T18:06:34","modified_gmt":"2020-07-17T21:06:34","slug":"promatre-acusa-prefeitura-de-juazeiro-de-omitir-no-de-internacoes-por-covid-19","status":"publish","type":"post","link":"https:\/\/blogopara.com.br\/index.php\/2020\/07\/17\/promatre-acusa-prefeitura-de-juazeiro-de-omitir-no-de-internacoes-por-covid-19","title":{"rendered":"Promatre acusa prefeitura de Juazeiro de omitir n\u00ba de interna\u00e7\u00f5es por Covid-19"},"content":{"rendered":"<div class=\"box-body\" data-io-article-url=\"https:\/\/www.bahianoticias.com.br\/noticia\/250834-hospital-acusa-prefeitura-de-juazeiro-de-omitir-n-de-internacoes-por-covid-19.html\">\n<div class=\"text-descricao\">\n<p style=\"text-align: justify;\">De acordo com o diretor, os boletins epidemiol\u00f3gicos divulgados sobre a doen\u00e7a entre os dias 8\u00a0e 16 de julho trazem informa\u00e7\u00f5es discrepantes sobre a realidade do hospital. Segundo os informativos, analisados pela reportagem, a Promatre\u00a0nunca chegou a ter mais de tr\u00eas pacientes hospitalizados em UTI neste per\u00edodo. No entanto, afirma Pedro, a quantidade de internados nunca ficou abaixo de sete. N\u00fameros da\u00a0Sesab apontam que eles nunca foram menores que cinco &#8211; a secretaria ponderou que diverg\u00eancias nos dados podem ocorrer por causa do hor\u00e1rio em que a informa\u00e7\u00e3o \u00e9 recolhida junto \u00e0 unidade de sa\u00fade.<\/p>\n<p style=\"text-align: justify;\"><a href=\"https:\/\/www.bahianoticias.com.br\/fotos\/principal_noticias\/250834\/mg\/tabela_juazeiro.png\" target=\"_blank\" rel=\"noopener noreferrer\"><img decoding=\"async\" src=\"https:\/\/www.bahianoticias.com.br\/fotos\/principal_noticias\/250834\/mg\/tabela_juazeiro.png\" alt=\"\" \/><\/a><\/p>\n<p style=\"text-align: justify;\"><em>Ilustra\u00e7\u00e3o: Priscila Melo\/Bahia Not\u00edcias<\/em><\/p>\n<p style=\"text-align: justify;\">A t\u00edtulo de compara\u00e7\u00e3o, o hospital fechou a quarta-feira (15) com oito pacientes em leitos de UTI, conforme dados repassados\u00a0\u00e0 Sesab\u00a0pela dire\u00e7\u00e3o do local. O boletim divulgado \u00e0 imprensa pela prefeitura registrou tr\u00eas internados nesta condi\u00e7\u00e3o, no mesmo dia.\u00a0Nesta sexta (17), a unidade tem oito hospitalizados em UTIs Covid-19, um a menos que na quinta (16), quando a Promatre informou \u00e0 Sesab ter nove internados. A prefeitura, no entanto, divulgou tr\u00eas no seu informativo do dia anterior.<\/p>\n<p style=\"text-align: justify;\">Ainda segundo Pedro, outro fator que indica o subdimensionamento dos dados da prefeitura \u00e9 que grande parte daqueles admitidos no hospital s\u00e3o regulados da Unidade de Pronto Atendimento (UPA) de Juazeiro, administrada pelo munic\u00edpio. Na quarta, dos oito pacientes internados, seis tinham vindo de l\u00e1. Pedro afirmou j\u00e1 ter pedido que a prefeitura corrija os n\u00fameros. \u201cEu fiquei preocupado com essa diverg\u00eancia. Apesar da credibilidade da Promatre, n\u00e3o quero que sejam questionados depois os nossos n\u00fameros\u201d, destacou, em entrevista ao Bahia Not\u00edcias.<\/p>\n<p style=\"text-align: justify;\">A Promatre tem atendido pacientes com coronav\u00edrus regulados pela rede estadual desde 6 de julho, devido a um conv\u00eanio celebrado com o governo do Estado. Na unidade, est\u00e3o instalados 30 leitos espec\u00edficos para Covid-19 &#8211; 20 cl\u00ednicos e 10 de UTI. O hospital ainda recebeu 10 respiradores doados pelo governo federal e outros 7 pelo governo estadual, para uso em pacientes com casos mais graves da doen\u00e7a.<\/p>\n<p style=\"text-align: justify;\">Segundo boletim divulgado nesta quinta pela prefeitura, Juazeiro tem 1.666 casos confirmados de coronav\u00edrus e 45 \u00f3bitos. Atualmente, 32 pessoas est\u00e3o internadas, sendo 18 em UTIs e 14 em leitos cl\u00ednicos.<\/p>\n<p style=\"text-align: justify;\">Veja posicionamento completo da prefeitura de Juazeiro:<\/p>\n<p style=\"text-align: justify;\">&#8220;A Secretaria Municipal da Sa\u00fade em Juazeiro informa que a Promatre\u00a0\u00e9 um servi\u00e7o privado contratualizado pelo Estado da Bahia e que tem recebido pacientes de Juazeiro e da rede PEBA, totalizando um quantitativo de 53 munic\u00edpios, n\u00e3o sendo a unidade exclusiva para pacientes de Juazeiro.<\/p>\n<p style=\"text-align: justify;\">A Sesau\u00a0informa ainda que os dados do boletim divulgado diariamente pela Prefeitura de Juazeiro contabilizam somente pacientes internados de Juazeiro que tenha resultado confirmado para a Covid-19. N\u00e3o s\u00e3o contabilizados pacientes considerados casos suspeitos em interna\u00e7\u00e3o. \u00a0A Sesau refor\u00e7a que n\u00e3o h\u00e1 omiss\u00e3o nenhuma sobre a divulga\u00e7\u00e3o de casos em interna\u00e7\u00e3o e mais detalhes e acompanhamento pode ser realizado pelo\u00a0<a href=\"http:\/\/www.juazeiro.kinghost.net\/app\/transparencia\/container_painel\/\" target=\"_blank\" rel=\"noopener noreferrer\">link do portal da transpar\u00eancia<\/a>&#8220;<\/p>\n<\/div>\n<\/div>\n<div class=\"box-footer\">\n<div class=\"bar-share clearfix\">\n<div class=\"fb-like fb-btn fb_iframe_widget\" style=\"text-align: justify;\" data-href=\"https:\/\/www.bahianoticias.com.br\/noticia\/250834-hospital-acusa-prefeitura-de-juazeiro-de-omitir-n-de-internacoes-por-covid-19.html\" data-width=\"170\" data-layout=\"button_count\" data-action=\"like\" data-show-faces=\"false\" data-share=\"true\"><\/div>\n<\/div>\n<\/div>\n","protected":false},"excerpt":{"rendered":"<p>De acordo com o diretor, os boletins epidemiol\u00f3gicos divulgados sobre a doen\u00e7a entre os dias 8\u00a0e 16 de julho trazem informa\u00e7\u00f5es discrepantes sobre a realidade do hospital. Segundo os informativos, analisados pela reportagem, a Promatre\u00a0nunca chegou a ter mais de tr\u00eas pacientes hospitalizados em UTI neste per\u00edodo. No entanto, afirma Pedro, a quantidade de internados [&hellip;]<\/p>\n","protected":false},"author":1,"featured_media":12774,"comment_status":"open","ping_status":"open","sticky":false,"template":"","format":"standard","meta":{"_uag_custom_page_level_css":"","_monsterinsights_skip_tracking":false,"_monsterinsights_sitenote_active":false,"_monsterinsights_sitenote_note":"","_monsterinsights_sitenote_category":0,"jetpack_post_was_ever_published":false,"_jetpack_newsletter_access":"","_jetpack_dont_email_post_to_subs":false,"_jetpack_newsletter_tier_id":0,"_jetpack_memberships_contains_paywalled_content":false,"_jetpack_memberships_contains_paid_content":false,"footnotes":"","jetpack_publicize_message":"","jetpack_publicize_feature_enabled":true,"jetpack_social_post_already_shared":true,"jetpack_social_options":{"image_generator_settings":{"template":"highway","default_image_id":0,"font":"","enabled":false},"version":2}},"categories":[203,205],"tags":[],"class_list":["post-12773","post","type-post","status-publish","format-standard","has-post-thumbnail","hentry","category-juazeiro","category-saude"],"jetpack_publicize_connections":[],"jetpack_featured_media_url":"https:\/\/blogopara.com.br\/wp-content\/uploads\/2020\/07\/promatre-covid.jpg","uagb_featured_image_src":{"full":["https:\/\/blogopara.com.br\/wp-content\/uploads\/2020\/07\/promatre-covid.jpg",448,299,false],"thumbnail":["https:\/\/blogopara.com.br\/wp-content\/uploads\/2020\/07\/promatre-covid-150x150.jpg",150,150,true],"medium":["https:\/\/blogopara.com.br\/wp-content\/uploads\/2020\/07\/promatre-covid-300x200.jpg",300,200,true],"medium_large":["https:\/\/blogopara.com.br\/wp-content\/uploads\/2020\/07\/promatre-covid.jpg",448,299,false],"large":["https:\/\/blogopara.com.br\/wp-content\/uploads\/2020\/07\/promatre-covid.jpg",448,299,false],"1536x1536":["https:\/\/blogopara.com.br\/wp-content\/uploads\/2020\/07\/promatre-covid.jpg",448,299,false],"2048x2048":["https:\/\/blogopara.com.br\/wp-content\/uploads\/2020\/07\/promatre-covid.jpg",448,299,false],"mantranews-slider-large":["https:\/\/blogopara.com.br\/wp-content\/uploads\/2020\/07\/promatre-covid.jpg",448,299,false],"mantranews-featured-medium":["https:\/\/blogopara.com.br\/wp-content\/uploads\/2020\/07\/promatre-covid-420x299.jpg",420,299,true],"mantranews-featured-long":["https:\/\/blogopara.com.br\/wp-content\/uploads\/2020\/07\/promatre-covid-300x299.jpg",300,299,true],"mantranews-block-medium":["https:\/\/blogopara.com.br\/wp-content\/uploads\/2020\/07\/promatre-covid-448x290.jpg",448,290,true],"mantranews-carousel-image":["https:\/\/blogopara.com.br\/wp-content\/uploads\/2020\/07\/promatre-covid.jpg",448,299,false],"mantranews-block-thumb":["https:\/\/blogopara.com.br\/wp-content\/uploads\/2020\/07\/promatre-covid-322x230.jpg",322,230,true],"mantranews-single-large":["https:\/\/blogopara.com.br\/wp-content\/uploads\/2020\/07\/promatre-covid.jpg",448,299,false]},"uagb_author_info":{"display_name":"Reda\u00e7\u00e3o geral","author_link":"https:\/\/blogopara.com.br\/index.php\/author\/blogopara"},"uagb_comment_info":0,"uagb_excerpt":"De acordo com o diretor, os boletins epidemiol\u00f3gicos divulgados sobre a doen\u00e7a entre os dias 8\u00a0e 16 de julho trazem informa\u00e7\u00f5es discrepantes sobre a realidade do hospital. Segundo os informativos, analisados pela reportagem, a Promatre\u00a0nunca chegou a ter mais de tr\u00eas pacientes hospitalizados em UTI neste per\u00edodo. No entanto, afirma Pedro, a quantidade de internados&hellip;","jetpack_sharing_enabled":true,"jetpack_likes_enabled":true,"_links":{"self":[{"href":"https:\/\/blogopara.com.br\/index.php\/wp-json\/wp\/v2\/posts\/12773","targetHints":{"allow":["GET"]}}],"collection":[{"href":"https:\/\/blogopara.com.br\/index.php\/wp-json\/wp\/v2\/posts"}],"about":[{"href":"https:\/\/blogopara.com.br\/index.php\/wp-json\/wp\/v2\/types\/post"}],"author":[{"embeddable":true,"href":"https:\/\/blogopara.com.br\/index.php\/wp-json\/wp\/v2\/users\/1"}],"replies":[{"embeddable":true,"href":"https:\/\/blogopara.com.br\/index.php\/wp-json\/wp\/v2\/comments?post=12773"}],"version-history":[{"count":1,"href":"https:\/\/blogopara.com.br\/index.php\/wp-json\/wp\/v2\/posts\/12773\/revisions"}],"predecessor-version":[{"id":12775,"href":"https:\/\/blogopara.com.br\/index.php\/wp-json\/wp\/v2\/posts\/12773\/revisions\/12775"}],"wp:featuredmedia":[{"embeddable":true,"href":"https:\/\/blogopara.com.br\/index.php\/wp-json\/wp\/v2\/media\/12774"}],"wp:attachment":[{"href":"https:\/\/blogopara.com.br\/index.php\/wp-json\/wp\/v2\/media?parent=12773"}],"wp:term":[{"taxonomy":"category","embeddable":true,"href":"https:\/\/blogopara.com.br\/index.php\/wp-json\/wp\/v2\/categories?post=12773"},{"taxonomy":"post_tag","embeddable":true,"href":"https:\/\/blogopara.com.br\/index.php\/wp-json\/wp\/v2\/tags?post=12773"}],"curies":[{"name":"wp","href":"https:\/\/api.w.org\/{rel}","templated":true}]}}