{"id":12945,"date":"2020-07-25T07:22:00","date_gmt":"2020-07-25T10:22:00","guid":{"rendered":"http:\/\/blogopara.com.br\/?p=12945"},"modified":"2020-07-24T19:38:08","modified_gmt":"2020-07-24T22:38:08","slug":"lojistas-de-juazeiro-enviam-pedido-de-socorro-ao-governador-do-estado-solicitam-reabertura-do-comercio","status":"publish","type":"post","link":"https:\/\/blogopara.com.br\/index.php\/2020\/07\/25\/lojistas-de-juazeiro-enviam-pedido-de-socorro-ao-governador-do-estado-solicitam-reabertura-do-comercio","title":{"rendered":"Lojistas de Juazeiro enviam pedido de socorro ao Governador do Estado, solicitam reabertura do com\u00e9rcio"},"content":{"rendered":"<p style=\"text-align: justify;\">Representantes de micro, pequenas e m\u00e9dias empresas de Juazeiro, Bahia, enviam carta aberta ao Governador do Estado e solicitam reabertura do com\u00e9rcio. Confira:<\/p>\n<p style=\"text-align: justify;\">Prezado Sr. Governador da Bahia!<br \/>\nRui Costa dos Santos,<\/p>\n<p style=\"text-align: justify;\">Exmo\u00ba. Senhor Rui Costa dos Santos, Governador do Estado da Bahia, em nome dos representantes dos com\u00e9rcios da Cidade de Juazeiro, localizado como \u00e9 do vosso conhecimento no norte do estado, vem cumprimentar Vossa Excel\u00eancia, e em nome dos comerciantes dessa Cidade solicitamos vosso integral apoio e especial aten\u00e7\u00e3o para o norte do estado.<\/p>\n<p style=\"text-align: justify;\">Somos comerciantes de micro, pequenas, m\u00e9dias e grandes empresas, cidad\u00e3os conscientes da realidade vivida em nosso Pa\u00eds, mas compreendemos que o papel do Estado e dos Munic\u00edpios \u00e9 prover as condi\u00e7\u00f5es b\u00e1sicas para a retomada das atividades comerciais e minimizar os impactos da pandemia sobre a vida das pessoas.<\/p>\n<p style=\"text-align: justify;\">\u00c9 publico que todas as cidades do pa\u00eds e do mundo que tem iniciado protocolos de reabertura do com\u00e9rcio e a retomada do ciclo da vida dentro dos padr\u00f5es de normalidade poss\u00edveis, como inclusive a nossa pr\u00f3pria capital do Estado, vem tomando decis\u00f5es pautadas nos \u00edndices de controle e de estabilidade do quadro hospitalar baseado na estabilidade dos n\u00fameros e na disponibilidade de leitos cl\u00ednicos e de urg\u00eancia.<\/p>\n<p style=\"text-align: justify;\">\u00c9 publico tamb\u00e9m que j\u00e1 se passaram mais de 120 dias, per\u00edodo mais que suficiente para o conhecimento, an\u00e1lise e a busca de solu\u00e7\u00f5es para o problema hoje evidenciado, se certas a\u00e7\u00f5es n\u00e3o foram adotadas, pode-se concluir que seja basicamente um processo de inefici\u00eancia e de m\u00e1 gest\u00e3o para a busca dos resultados, n\u00e3o se admite mais falar-se em desconhecimento sobre as medidas de controle do quadro pand\u00eamico e nem de falta de recursos para agir nesse momento.<\/p>\n<p style=\"text-align: justify;\">Se tudo isso \u00e9 t\u00e3o p\u00fablico e sabido por todos, clamamos por vossa interven\u00e7\u00e3o e aten\u00e7\u00e3o especial para a retomada de nossas atividades econ\u00f4micas com o efetivo investimento no n\u00famero de leitos aqui disponibilizados, sejam intermedi\u00e1rios ou de urg\u00eancias, sabemos que a SESAB tem incentivado a estrutura\u00e7\u00e3o das unidades exclusivas para o pronto atendimento das pessoas com sintomas respirat\u00f3rios nos termos do Plano de Contingencia Estadual aprovado pela resolu\u00e7\u00e3o CIB n\u00ba 029, contudo a disponibilidade de leitos do Hospital Regional mais a contrata\u00e7\u00e3o dos 20 leitos cl\u00ednicos e mais 10 de urg\u00eancia s\u00e3o n\u00fameros insignificantes diante de nossa expressiva popula\u00e7\u00e3o de 216.707 habitantes al\u00e9m do atendimento as cidades circunvizinhas que numa conurba\u00e7ao atinge claramente uma popula\u00e7\u00e3o de mais de 500 mil habitantes que padecem da efetiva participa\u00e7\u00e3o do Estado com a disponibiliza\u00e7\u00e3o de leitos que atendam a popula\u00e7\u00e3o numa situa\u00e7\u00e3o de eventual necessidade.<\/p>\n<p style=\"text-align: justify;\">Sabemos da dificuldade existiu inicialmente na aquisi\u00e7\u00e3o de equipamentos para o enfrentamento a Covid, principalmente respiradores, mas que ap\u00f3s passados 5 (cinco) meses desde a confirma\u00e7\u00e3o do primeiro caso em 06\/03\/2020 esses argumentos n\u00e3o s\u00e3o mais impeditivos para a aquisi\u00e7\u00e3o e repasse para os munic\u00edpios para a montagem e equipara\u00e7\u00e3o das unidades hospitalares para que efetivamente possam planejar e colocar em pr\u00e1tica os planos de retomada da economia, como se pode concluir que menos de 100 leitos de urg\u00eancias para o atendimento de uma popula\u00e7\u00e3o t\u00e3o expressiva quanto a nossa \u00e9 insignificante para n\u00e3o dizer vergonhoso e desrespeitoso para com essa popula\u00e7\u00e3o, o certo \u00e9 que leitos hospitalares nunca ser\u00e3o desnecess\u00e1rios e que investimento em nosso prec\u00e1rio sistema de sa\u00fade p\u00fablica jamais ser\u00e1 excessivo, quanto a isso n\u00e3o h\u00e1 nenhuma argumenta\u00e7\u00e3o contr\u00e1ria que se justifique.<\/p>\n<p style=\"text-align: justify;\">N\u00f3s comerciantes, pais de fam\u00edlias, cidad\u00e3os conscientes e principalmente eleitores do vasto Estado da Bahia pedimos especial e urgente aten\u00e7\u00e3o para nossa Cidade para que ocorram de imediato mais investimentos no nosso sistema de sa\u00fade para que nos d\u00ea folego para que possamos urgentemente iniciar um plano de retomada da abertura do com\u00e9rcio, pois n\u00e3o temos mais sob nenhuma forma recursos para sustentar essa situa\u00e7\u00e3o, \u00e9 publico que os programas de aporte de capital para as micro e pequenas empresas \u00e9 deficit\u00e1rio al\u00e9m de dif\u00edcil acesso, para n\u00e3o se dizer ilus\u00f3rio, programas que existem somente no papel que n\u00e3o chega a ponta da linha de produ\u00e7\u00e3o e comercializa\u00e7\u00e3o do amplo varejo, empresas de prestadoras de servi\u00e7os, \u00a0bares e restaurantes e demais com\u00e9rcios supostamente n\u00e3o essenciais, sabemos que foram &#8220;inaugurados os poucos 20 leitos&#8221; na cidade, mas pedimos mais, e de forma urgente, se contas b\u00e1sicas forem feitas \u00e9 poss\u00edvel enxergar a insufici\u00eancia da disponibilidade.<\/p>\n<p style=\"text-align: justify;\">Por isso j\u00e1 nos dirigimos ao gestor local com as mesmas solicita\u00e7\u00f5es, agora estamos compartilhando as responsabilidades com o Governo do Estado para que efetivamente promova condi\u00e7\u00f5es de suporte m\u00e9dico hospitalar para que possamos reabrir nosso com\u00e9rcio e retomar nossas atividades dentro dos mais altos princ\u00edpios de seguran\u00e7a, higieniza\u00e7\u00e3o e de prote\u00e7\u00e3o individual e coletiva.<\/p>\n<p style=\"text-align: justify;\">O interior do Estado da Bahia est\u00e1 em agudo processo de fal\u00eancia generalizada, aumento expressivo no n\u00famero de desempregados e um incontrol\u00e1vel caos econ\u00f4mico que em poucos dias ter\u00e1 forte impacto sobre o PIB estadual, digamos que nesse momento mesmo que os investimentos em sa\u00fade p\u00fablica pare\u00e7am altos, tenha certeza que ser\u00e3o insignificantes diante da recess\u00e3o econ\u00f4mica que suceder\u00e1 ap\u00f3s este longo confinamento sem a\u00e7\u00f5es efetivas e expressivas de controle, remedia\u00e7\u00e3o e de aten\u00e7\u00e3o ao povo em geral.<\/p>\n<p style=\"text-align: justify;\">Certo da aten\u00e7\u00e3o de Vossa Excel\u00eancia, agradecemos antecipadamente e aguardamos uma manifesta\u00e7\u00e3o positiva no sentido de apoio ao nosso urgent\u00edssimo e necess\u00e1rio processo de retomada da vida dentro dos novos padr\u00f5es dispon\u00edveis de normalidade.<\/p>\n<p style=\"text-align: justify;\">Cordialmente,<\/p>\n<p style=\"text-align: justify;\">O Com\u00e9rcio de Juazeiro<br \/>\nASCOM &#8211; COOPCOM<br \/>\nCooperativa Comercial de Juazeiro-BA<\/p>\n","protected":false},"excerpt":{"rendered":"<p>Representantes de micro, pequenas e m\u00e9dias empresas de Juazeiro, Bahia, enviam carta aberta ao Governador do Estado e solicitam reabertura do com\u00e9rcio. Confira: Prezado Sr. Governador da Bahia! Rui Costa dos Santos, Exmo\u00ba. Senhor Rui Costa dos Santos, Governador do Estado da Bahia, em nome dos representantes dos com\u00e9rcios da Cidade de Juazeiro, localizado como [&hellip;]<\/p>\n","protected":false},"author":1,"featured_media":12946,"comment_status":"open","ping_status":"open","sticky":false,"template":"","format":"standard","meta":{"_uag_custom_page_level_css":"","_monsterinsights_skip_tracking":false,"_monsterinsights_sitenote_active":false,"_monsterinsights_sitenote_note":"","_monsterinsights_sitenote_category":0,"jetpack_post_was_ever_published":false,"_jetpack_newsletter_access":"","_jetpack_dont_email_post_to_subs":false,"_jetpack_newsletter_tier_id":0,"_jetpack_memberships_contains_paywalled_content":false,"_jetpack_memberships_contains_paid_content":false,"footnotes":"","jetpack_publicize_message":"","jetpack_publicize_feature_enabled":true,"jetpack_social_post_already_shared":true,"jetpack_social_options":{"image_generator_settings":{"template":"highway","default_image_id":0,"font":"","enabled":false},"version":2}},"categories":[206,203,197],"tags":[],"class_list":["post-12945","post","type-post","status-publish","format-standard","has-post-thumbnail","hentry","category-economia","category-juazeiro","category-politica"],"jetpack_publicize_connections":[],"jetpack_featured_media_url":"https:\/\/blogopara.com.br\/wp-content\/uploads\/2020\/07\/download-4.jpg","uagb_featured_image_src":{"full":["https:\/\/blogopara.com.br\/wp-content\/uploads\/2020\/07\/download-4.jpg",400,281,false],"thumbnail":["https:\/\/blogopara.com.br\/wp-content\/uploads\/2020\/07\/download-4-150x150.jpg",150,150,true],"medium":["https:\/\/blogopara.com.br\/wp-content\/uploads\/2020\/07\/download-4-300x211.jpg",300,211,true],"medium_large":["https:\/\/blogopara.com.br\/wp-content\/uploads\/2020\/07\/download-4.jpg",400,281,false],"large":["https:\/\/blogopara.com.br\/wp-content\/uploads\/2020\/07\/download-4.jpg",400,281,false],"1536x1536":["https:\/\/blogopara.com.br\/wp-content\/uploads\/2020\/07\/download-4.jpg",400,281,false],"2048x2048":["https:\/\/blogopara.com.br\/wp-content\/uploads\/2020\/07\/download-4.jpg",400,281,false],"mantranews-slider-large":["https:\/\/blogopara.com.br\/wp-content\/uploads\/2020\/07\/download-4.jpg",400,281,false],"mantranews-featured-medium":["https:\/\/blogopara.com.br\/wp-content\/uploads\/2020\/07\/download-4.jpg",400,281,false],"mantranews-featured-long":["https:\/\/blogopara.com.br\/wp-content\/uploads\/2020\/07\/download-4-300x281.jpg",300,281,true],"mantranews-block-medium":["https:\/\/blogopara.com.br\/wp-content\/uploads\/2020\/07\/download-4.jpg",400,281,false],"mantranews-carousel-image":["https:\/\/blogopara.com.br\/wp-content\/uploads\/2020\/07\/download-4.jpg",400,281,false],"mantranews-block-thumb":["https:\/\/blogopara.com.br\/wp-content\/uploads\/2020\/07\/download-4-322x230.jpg",322,230,true],"mantranews-single-large":["https:\/\/blogopara.com.br\/wp-content\/uploads\/2020\/07\/download-4.jpg",400,281,false]},"uagb_author_info":{"display_name":"Reda\u00e7\u00e3o geral","author_link":"https:\/\/blogopara.com.br\/index.php\/author\/blogopara"},"uagb_comment_info":0,"uagb_excerpt":"Representantes de micro, pequenas e m\u00e9dias empresas de Juazeiro, Bahia, enviam carta aberta ao Governador do Estado e solicitam reabertura do com\u00e9rcio. Confira: Prezado Sr. Governador da Bahia! Rui Costa dos Santos, Exmo\u00ba. Senhor Rui Costa dos Santos, Governador do Estado da Bahia, em nome dos representantes dos com\u00e9rcios da Cidade de Juazeiro, localizado como&hellip;","jetpack_sharing_enabled":true,"jetpack_likes_enabled":true,"_links":{"self":[{"href":"https:\/\/blogopara.com.br\/index.php\/wp-json\/wp\/v2\/posts\/12945","targetHints":{"allow":["GET"]}}],"collection":[{"href":"https:\/\/blogopara.com.br\/index.php\/wp-json\/wp\/v2\/posts"}],"about":[{"href":"https:\/\/blogopara.com.br\/index.php\/wp-json\/wp\/v2\/types\/post"}],"author":[{"embeddable":true,"href":"https:\/\/blogopara.com.br\/index.php\/wp-json\/wp\/v2\/users\/1"}],"replies":[{"embeddable":true,"href":"https:\/\/blogopara.com.br\/index.php\/wp-json\/wp\/v2\/comments?post=12945"}],"version-history":[{"count":1,"href":"https:\/\/blogopara.com.br\/index.php\/wp-json\/wp\/v2\/posts\/12945\/revisions"}],"predecessor-version":[{"id":12947,"href":"https:\/\/blogopara.com.br\/index.php\/wp-json\/wp\/v2\/posts\/12945\/revisions\/12947"}],"wp:featuredmedia":[{"embeddable":true,"href":"https:\/\/blogopara.com.br\/index.php\/wp-json\/wp\/v2\/media\/12946"}],"wp:attachment":[{"href":"https:\/\/blogopara.com.br\/index.php\/wp-json\/wp\/v2\/media?parent=12945"}],"wp:term":[{"taxonomy":"category","embeddable":true,"href":"https:\/\/blogopara.com.br\/index.php\/wp-json\/wp\/v2\/categories?post=12945"},{"taxonomy":"post_tag","embeddable":true,"href":"https:\/\/blogopara.com.br\/index.php\/wp-json\/wp\/v2\/tags?post=12945"}],"curies":[{"name":"wp","href":"https:\/\/api.w.org\/{rel}","templated":true}]}}