{"id":12962,"date":"2020-07-24T22:11:05","date_gmt":"2020-07-25T01:11:05","guid":{"rendered":"http:\/\/blogopara.com.br\/?p=12962"},"modified":"2020-07-24T22:11:13","modified_gmt":"2020-07-25T01:11:13","slug":"curaca-quem-for-flagrado-sem-mascara-vai-pagar-multa-de-r-100","status":"publish","type":"post","link":"https:\/\/blogopara.com.br\/index.php\/2020\/07\/24\/curaca-quem-for-flagrado-sem-mascara-vai-pagar-multa-de-r-100","title":{"rendered":"Cura\u00e7\u00e1: Quem for flagrado sem m\u00e1scara vai pagar multa de R$ 100"},"content":{"rendered":"<p style=\"text-align: justify;\">O Governo Municipal em Cura\u00e7\u00e1 (BA) publicou o Decreto n\u00ba 100\/2020 determinando o toque recolher a partir das 19h, at\u00e9 as 5h, visando aumentar o isolamento social e conter aglomera\u00e7\u00f5es, fator que tem contribu\u00eddo para a curva de crescimento dos casos no Munic\u00edpio.<\/p>\n<p style=\"text-align: justify;\">As medidas visam impedir a dissemina\u00e7\u00e3o descontrolada do v\u00edrus, ensejando mais casos e possivelmente a superlota\u00e7\u00e3o do sistema de sa\u00fade dispon\u00edvel.<\/p>\n<p style=\"text-align: justify;\">Al\u00e9m disso, o decreto determina o caso de uso obrigat\u00f3rio de m\u00e1scara e funcionamento irregular de estabelecimentos comerciais de bebidas. Quem for flagrado sem m\u00e1scara vai pagar multa de R$ 100.<\/p>\n","protected":false},"excerpt":{"rendered":"<p>O Governo Municipal em Cura\u00e7\u00e1 (BA) publicou o Decreto n\u00ba 100\/2020 determinando o toque recolher a partir das 19h, at\u00e9 as 5h, visando aumentar o isolamento social e conter aglomera\u00e7\u00f5es, fator que tem contribu\u00eddo para a curva de crescimento dos casos no Munic\u00edpio. As medidas visam impedir a dissemina\u00e7\u00e3o descontrolada do v\u00edrus, ensejando mais casos [&hellip;]<\/p>\n","protected":false},"author":1,"featured_media":0,"comment_status":"open","ping_status":"open","sticky":false,"template":"","format":"standard","meta":{"_uag_custom_page_level_css":"","_monsterinsights_skip_tracking":false,"_monsterinsights_sitenote_active":false,"_monsterinsights_sitenote_note":"","_monsterinsights_sitenote_category":0,"jetpack_post_was_ever_published":false,"_jetpack_newsletter_access":"","_jetpack_dont_email_post_to_subs":false,"_jetpack_newsletter_tier_id":0,"_jetpack_memberships_contains_paywalled_content":false,"_jetpack_memberships_contains_paid_content":false,"footnotes":"","jetpack_publicize_message":"","jetpack_publicize_feature_enabled":true,"jetpack_social_post_already_shared":true,"jetpack_social_options":{"image_generator_settings":{"template":"highway","default_image_id":0,"font":"","enabled":false},"version":2}},"categories":[199,197,205],"tags":[],"class_list":["post-12962","post","type-post","status-publish","format-standard","hentry","category-bahia","category-politica","category-saude"],"jetpack_publicize_connections":[],"jetpack_featured_media_url":"","uagb_featured_image_src":{"full":false,"thumbnail":false,"medium":false,"medium_large":false,"large":false,"1536x1536":false,"2048x2048":false,"mantranews-slider-large":false,"mantranews-featured-medium":false,"mantranews-featured-long":false,"mantranews-block-medium":false,"mantranews-carousel-image":false,"mantranews-block-thumb":false,"mantranews-single-large":false},"uagb_author_info":{"display_name":"Reda\u00e7\u00e3o geral","author_link":"https:\/\/blogopara.com.br\/index.php\/author\/blogopara"},"uagb_comment_info":0,"uagb_excerpt":"O Governo Municipal em Cura\u00e7\u00e1 (BA) publicou o Decreto n\u00ba 100\/2020 determinando o toque recolher a partir das 19h, at\u00e9 as 5h, visando aumentar o isolamento social e conter aglomera\u00e7\u00f5es, fator que tem contribu\u00eddo para a curva de crescimento dos casos no Munic\u00edpio. As medidas visam impedir a dissemina\u00e7\u00e3o descontrolada do v\u00edrus, ensejando mais casos&hellip;","jetpack_sharing_enabled":true,"jetpack_likes_enabled":true,"_links":{"self":[{"href":"https:\/\/blogopara.com.br\/index.php\/wp-json\/wp\/v2\/posts\/12962","targetHints":{"allow":["GET"]}}],"collection":[{"href":"https:\/\/blogopara.com.br\/index.php\/wp-json\/wp\/v2\/posts"}],"about":[{"href":"https:\/\/blogopara.com.br\/index.php\/wp-json\/wp\/v2\/types\/post"}],"author":[{"embeddable":true,"href":"https:\/\/blogopara.com.br\/index.php\/wp-json\/wp\/v2\/users\/1"}],"replies":[{"embeddable":true,"href":"https:\/\/blogopara.com.br\/index.php\/wp-json\/wp\/v2\/comments?post=12962"}],"version-history":[{"count":1,"href":"https:\/\/blogopara.com.br\/index.php\/wp-json\/wp\/v2\/posts\/12962\/revisions"}],"predecessor-version":[{"id":12964,"href":"https:\/\/blogopara.com.br\/index.php\/wp-json\/wp\/v2\/posts\/12962\/revisions\/12964"}],"wp:attachment":[{"href":"https:\/\/blogopara.com.br\/index.php\/wp-json\/wp\/v2\/media?parent=12962"}],"wp:term":[{"taxonomy":"category","embeddable":true,"href":"https:\/\/blogopara.com.br\/index.php\/wp-json\/wp\/v2\/categories?post=12962"},{"taxonomy":"post_tag","embeddable":true,"href":"https:\/\/blogopara.com.br\/index.php\/wp-json\/wp\/v2\/tags?post=12962"}],"curies":[{"name":"wp","href":"https:\/\/api.w.org\/{rel}","templated":true}]}}