{"id":12970,"date":"2020-07-25T08:43:21","date_gmt":"2020-07-25T11:43:21","guid":{"rendered":"http:\/\/blogopara.com.br\/?p=12970"},"modified":"2020-07-25T09:14:51","modified_gmt":"2020-07-25T12:14:51","slug":"secretaria-de-educacao-sera-investigada-pelo-ministerio-publico-acumulo-de-cargos","status":"publish","type":"post","link":"https:\/\/blogopara.com.br\/index.php\/2020\/07\/25\/secretaria-de-educacao-sera-investigada-pelo-ministerio-publico-acumulo-de-cargos","title":{"rendered":"Secret\u00e1ria de educa\u00e7\u00e3o ser\u00e1 investigada pelo Minist\u00e9rio P\u00fablico. Ac\u00famulo de cargos"},"content":{"rendered":"<p style=\"text-align: justify;\">Conforme hav\u00edamos publicado no m\u00eas de maio deste ano, que a <a href=\"https:\/\/blogopara.com.br\/index.php\/2020\/05\/30\/secretaria-de-educacao-de-juazeiro-lucinete-alves-acumula-salario-de-professora-em-petrolina\">secret\u00e1ria de Educa\u00e7\u00e3o do Munic\u00edpio de Juazeiro\/BA, Lucinete Alves<\/a>, estava acumulando cargos e sal\u00e1rios ilegalmente, e se n\u00e3o fosse ilegal, era o imoral.\u00a0<\/p>\n<p style=\"text-align: justify;\">A partir da den\u00fancia do blogueiro Cauby Fernandes, do blog A l\u00edngua, o comunit\u00e1rio Davi Lima, encaminhou den\u00fancia ao Minist\u00e9rio P\u00fablico Estadual, que abriu procedimento investigat\u00f3rio para apurar poss\u00edveis irregularidade na acumula\u00e7\u00e3o de sal\u00e1rios e de cargos da secret\u00e1ria de educa\u00e7\u00e3o.<\/p>\n<p style=\"text-align: justify;\">&#8220;Cedida desde a primeira gest\u00e3o do ex-prefeito Isaac Carvalho ao munic\u00edpio de Juazeiro a convite do tamb\u00e9m ex-secret\u00e1rio da pasta Pl\u00ednio Amorim, a atual secret\u00e1ria, Lucinete Alves, sempre ocupou um cargo de confian\u00e7a no governo e desde ent\u00e3o acumula duas fun\u00e7\u00f5es na hora de receber o sal\u00e1rio&#8221;.<\/p>\n<p style=\"text-align: justify;\">Conforme despacho da promotora Daniela Baqueiro, A secret\u00e1ria Lucinete Alves ter\u00e1 o prazo m\u00e1ximo de 10 (dez) dias \u00fateis para se manifestar, acerca da representa\u00e7\u00e3o.\u00a0<\/p>\n<p style=\"text-align: justify;\">A Procuradoria-Geral do Munic\u00edpio de Petrolina\/PE, de onde a secret\u00e1ria recebe gratifica\u00e7\u00e3o de sala de aula, sem exercer a fun\u00e7\u00e3o, ter\u00e1 10 (dez) dias \u00fateis para se manifestar desse absurdo.<\/p>\n<p style=\"text-align: justify;\">Enquanto professores penam para cumprir a sua carga hor\u00e1ria em sala de aula, a secret\u00e1ria de educa\u00e7\u00e3o de Juazeiro recebe sem trabalhar.<\/p>\n<p style=\"text-align: justify;\">Na propaganda a educa\u00e7\u00e3o de Juazeiro \u00e9 nota 10, na realidade educacional \u00e9 Zero, e na conta banc\u00e1ria da secret\u00e1ria de educa\u00e7\u00e3o, as notas s\u00e3o de milhares de reais.<\/p>\n<p>Confira o procedimento do MP:<\/p>\n<p><a href=\"https:\/\/blogopara.com.br\/wp-content\/uploads\/2020\/07\/DESPACHO-EMAIL-AUTUAR-NF-ACUMULA\u00c7\u00c3O-SECRET\u00c1RIA-EDUCA\u00c7\u00c3O-OFICIAR-PGM-PETROLINA-E-LUCINETE-1.pdf\">DESPACHO &#8211; EMAIL &#8211; AUTUAR NF &#8211; ACUMULA\u00c7\u00c3O &#8211; SECRET\u00c1RIA EDUCA\u00c7\u00c3O &#8211; OFICIAR PGM PETROLINA E LUCINETE (1)<\/a><\/p>\n\n\n<p><\/p>\n","protected":false},"excerpt":{"rendered":"<p>Conforme hav\u00edamos publicado no m\u00eas de maio deste ano, que a secret\u00e1ria de Educa\u00e7\u00e3o do Munic\u00edpio de Juazeiro\/BA, Lucinete Alves, estava acumulando cargos e sal\u00e1rios ilegalmente, e se n\u00e3o fosse ilegal, era o imoral.\u00a0 A partir da den\u00fancia do blogueiro Cauby Fernandes, do blog A l\u00edngua, o comunit\u00e1rio Davi Lima, encaminhou den\u00fancia ao Minist\u00e9rio P\u00fablico [&hellip;]<\/p>\n","protected":false},"author":1,"featured_media":12972,"comment_status":"open","ping_status":"open","sticky":false,"template":"","format":"standard","meta":{"_uag_custom_page_level_css":"","_monsterinsights_skip_tracking":false,"_monsterinsights_sitenote_active":false,"_monsterinsights_sitenote_note":"","_monsterinsights_sitenote_category":0,"jetpack_post_was_ever_published":false,"_jetpack_newsletter_access":"","_jetpack_dont_email_post_to_subs":false,"_jetpack_newsletter_tier_id":0,"_jetpack_memberships_contains_paywalled_content":false,"_jetpack_memberships_contains_paid_content":false,"footnotes":"","jetpack_publicize_message":"","jetpack_publicize_feature_enabled":true,"jetpack_social_post_already_shared":true,"jetpack_social_options":{"image_generator_settings":{"template":"highway","default_image_id":0,"font":"","enabled":false},"version":2}},"categories":[209,203],"tags":[],"class_list":["post-12970","post","type-post","status-publish","format-standard","has-post-thumbnail","hentry","category-educacao","category-juazeiro"],"jetpack_publicize_connections":[],"jetpack_featured_media_url":"https:\/\/blogopara.com.br\/wp-content\/uploads\/2020\/07\/LucineteAlves.jpg","uagb_featured_image_src":{"full":["https:\/\/blogopara.com.br\/wp-content\/uploads\/2020\/07\/LucineteAlves.jpg",500,375,false],"thumbnail":["https:\/\/blogopara.com.br\/wp-content\/uploads\/2020\/07\/LucineteAlves-150x150.jpg",150,150,true],"medium":["https:\/\/blogopara.com.br\/wp-content\/uploads\/2020\/07\/LucineteAlves-300x225.jpg",300,225,true],"medium_large":["https:\/\/blogopara.com.br\/wp-content\/uploads\/2020\/07\/LucineteAlves.jpg",500,375,false],"large":["https:\/\/blogopara.com.br\/wp-content\/uploads\/2020\/07\/LucineteAlves.jpg",500,375,false],"1536x1536":["https:\/\/blogopara.com.br\/wp-content\/uploads\/2020\/07\/LucineteAlves.jpg",500,375,false],"2048x2048":["https:\/\/blogopara.com.br\/wp-content\/uploads\/2020\/07\/LucineteAlves.jpg",500,375,false],"mantranews-slider-large":["https:\/\/blogopara.com.br\/wp-content\/uploads\/2020\/07\/LucineteAlves.jpg",500,375,false],"mantranews-featured-medium":["https:\/\/blogopara.com.br\/wp-content\/uploads\/2020\/07\/LucineteAlves-420x307.jpg",420,307,true],"mantranews-featured-long":["https:\/\/blogopara.com.br\/wp-content\/uploads\/2020\/07\/LucineteAlves-300x375.jpg",300,375,true],"mantranews-block-medium":["https:\/\/blogopara.com.br\/wp-content\/uploads\/2020\/07\/LucineteAlves-464x290.jpg",464,290,true],"mantranews-carousel-image":["https:\/\/blogopara.com.br\/wp-content\/uploads\/2020\/07\/LucineteAlves.jpg",500,375,false],"mantranews-block-thumb":["https:\/\/blogopara.com.br\/wp-content\/uploads\/2020\/07\/LucineteAlves-322x230.jpg",322,230,true],"mantranews-single-large":["https:\/\/blogopara.com.br\/wp-content\/uploads\/2020\/07\/LucineteAlves.jpg",500,375,false]},"uagb_author_info":{"display_name":"Reda\u00e7\u00e3o geral","author_link":"https:\/\/blogopara.com.br\/index.php\/author\/blogopara"},"uagb_comment_info":0,"uagb_excerpt":"Conforme hav\u00edamos publicado no m\u00eas de maio deste ano, que a secret\u00e1ria de Educa\u00e7\u00e3o do Munic\u00edpio de Juazeiro\/BA, Lucinete Alves, estava acumulando cargos e sal\u00e1rios ilegalmente, e se n\u00e3o fosse ilegal, era o imoral.\u00a0 A partir da den\u00fancia do blogueiro Cauby Fernandes, do blog A l\u00edngua, o comunit\u00e1rio Davi Lima, encaminhou den\u00fancia ao Minist\u00e9rio P\u00fablico&hellip;","jetpack_sharing_enabled":true,"jetpack_likes_enabled":true,"_links":{"self":[{"href":"https:\/\/blogopara.com.br\/index.php\/wp-json\/wp\/v2\/posts\/12970","targetHints":{"allow":["GET"]}}],"collection":[{"href":"https:\/\/blogopara.com.br\/index.php\/wp-json\/wp\/v2\/posts"}],"about":[{"href":"https:\/\/blogopara.com.br\/index.php\/wp-json\/wp\/v2\/types\/post"}],"author":[{"embeddable":true,"href":"https:\/\/blogopara.com.br\/index.php\/wp-json\/wp\/v2\/users\/1"}],"replies":[{"embeddable":true,"href":"https:\/\/blogopara.com.br\/index.php\/wp-json\/wp\/v2\/comments?post=12970"}],"version-history":[{"count":9,"href":"https:\/\/blogopara.com.br\/index.php\/wp-json\/wp\/v2\/posts\/12970\/revisions"}],"predecessor-version":[{"id":12981,"href":"https:\/\/blogopara.com.br\/index.php\/wp-json\/wp\/v2\/posts\/12970\/revisions\/12981"}],"wp:featuredmedia":[{"embeddable":true,"href":"https:\/\/blogopara.com.br\/index.php\/wp-json\/wp\/v2\/media\/12972"}],"wp:attachment":[{"href":"https:\/\/blogopara.com.br\/index.php\/wp-json\/wp\/v2\/media?parent=12970"}],"wp:term":[{"taxonomy":"category","embeddable":true,"href":"https:\/\/blogopara.com.br\/index.php\/wp-json\/wp\/v2\/categories?post=12970"},{"taxonomy":"post_tag","embeddable":true,"href":"https:\/\/blogopara.com.br\/index.php\/wp-json\/wp\/v2\/tags?post=12970"}],"curies":[{"name":"wp","href":"https:\/\/api.w.org\/{rel}","templated":true}]}}