{"id":12982,"date":"2020-07-25T10:37:21","date_gmt":"2020-07-25T13:37:21","guid":{"rendered":"http:\/\/blogopara.com.br\/?p=12982"},"modified":"2020-07-25T10:37:26","modified_gmt":"2020-07-25T13:37:26","slug":"comercio-de-juazeiro-reabre-a-partir-de-segunda-feira-27-confira","status":"publish","type":"post","link":"https:\/\/blogopara.com.br\/index.php\/2020\/07\/25\/comercio-de-juazeiro-reabre-a-partir-de-segunda-feira-27-confira","title":{"rendered":"Com\u00e9rcio de Juazeiro reabre a partir de segunda-feira (27). Confira:"},"content":{"rendered":"<div class=\"post-content-area\">\n<p style=\"text-align: justify;\">O prefeito Paulo Bomfim anunciou neste s\u00e1bado, 25, a retomada das atividades comerciais para a pr\u00f3xima segunda-feira, 27. A medida foi adotada de forma conjunta com a vizinha cidade de Petrolina.<\/p>\n<p style=\"text-align: justify;\">O novo plano de reabertura do com\u00e9rcio de Juazeiro retoma as atividades a partir dos crit\u00e9rios da segunda fase do plano anterior, com algumas altera\u00e7\u00f5es. A prefeitura tem trabalhado pela amplia\u00e7\u00e3o de leitos de UTI e conta com a parceria do Governo do Estado neste objetivo.<\/p>\n<p style=\"text-align: justify;\"><strong>Conhe\u00e7a os detalhes do plano de retomada:\u00a0<\/strong><\/p>\n<p style=\"text-align: justify;\"><strong>27 DE JULHO<\/strong><\/p>\n<p style=\"text-align: justify;\">Lojas em geral, \u00f3ticas, suplementos, produtos naturais e outros estabelecimentos de \u00e1reas n\u00e3o essenciais poder\u00e3o funcionar \u2013 exceto nos feriados. Tamb\u00e9m volta a funcionar o sistema de estacionamentos rotativos (zona azul).<\/p>\n<p style=\"text-align: justify;\"><strong>CRIT\u00c9RIOS DE FUNCIONAMENTO<\/strong><\/p>\n<p style=\"text-align: justify;\">Todas as lojas e empreendimentos comerciais dos diversos segmentos dever\u00e3o autorizar a perman\u00eancia de, no m\u00e1ximo, um cliente para cada 12,5 metros quadrados do im\u00f3vel e adotar medidas de higiene e prote\u00e7\u00e3o:<\/p>\n<ul style=\"text-align: justify;\">\n<li>Aferi\u00e7\u00e3o da temperatura na entrada das lojas.<\/li>\n<li>Exig\u00eancia do uso de m\u00e1scara para todos os clientes e funcion\u00e1rios.<\/li>\n<li>Demarca\u00e7\u00e3o de posicionamento das pessoas nas filas, com dist\u00e2ncia m\u00ednima de 2 metros entre elas.<\/li>\n<li>Proibi\u00e7\u00e3o de consumo de produtos no interior dos estabelecimentos.<\/li>\n<li>Fornecimento de \u00e1lcool em gel para clientes e funcion\u00e1rios.<\/li>\n<li>O com\u00e9rcio varejista de rua tamb\u00e9m deve controlar o efetivo de trabalhadores:<\/li>\n<li>Apenas empresas com at\u00e9 quatro funcion\u00e1rios poder\u00e3o funcionar com 100% do pessoal. Para as lojas com mais de cinco funcion\u00e1rios, s\u00e3o exigidos rod\u00edzios do efetivo, que variam de acordo com o tamanho da empresa. Para o caso das lojas que possuam entre 10 e 20 funcion\u00e1rios, efetivo de 50% por dia; Entre 21 e 49, 40% do efetivo; A partir de 50 funcion\u00e1rios, no m\u00e1ximo, 30% do efetivo.<\/li>\n<li>Pessoas acima dos 60 anos e crian\u00e7as abaixo dos 12 anos de idade n\u00e3o poder\u00e3o frequentar estes empreendimentos. Os estabelecimentos dever\u00e3o orientar, atrav\u00e9s de cartazes, que portadores do doen\u00e7as cr\u00f4nicas tamb\u00e9m n\u00e3o dever\u00e3o frequent\u00e1-los no per\u00edodo da pandemia.<\/li>\n<\/ul>\n<p style=\"text-align: justify;\"><strong>OUTRAS ATIVIDADES<\/strong><\/p>\n<p style=\"text-align: justify;\">Cultos, missas e outras celebra\u00e7\u00f5es religiosas poder\u00e3o acontecer, desde que, com ocupa\u00e7\u00e3o m\u00e1xima de 40% dos espa\u00e7os dispon\u00edveis, controle no acesso, distanciamento m\u00ednimo de 2 metros entre as cadeiras ou ocupantes dos assentos em bancos, disponibiliza\u00e7\u00e3o de \u00e1lcool em gel na entrada e sa\u00edda, al\u00e9m do uso de m\u00e1scaras por todos os presentes.<\/p>\n<p style=\"text-align: justify;\">Recomenda-se que pessoas acima dos 60 anos, portadores de doen\u00e7as cr\u00f4nicas e crian\u00e7as abaixo dos 12 anos de idade n\u00e3o frequentem as celebra\u00e7\u00f5es no per\u00edodo da pandemia.<\/p>\n<p style=\"text-align: justify;\">Feiras, mercados, sal\u00f5es de beleza e barbearias, funcionar\u00e3o no hor\u00e1rio comercial convencional. Shoppings abrir\u00e3o de 12h \u00e0s 20h e galerias no hor\u00e1rio comercial. A partir do dia 30 de julho, ap\u00f3s o fim do toque de recolher, o Shopping poder\u00e1 funcionar at\u00e9 as 20h.<\/p>\n<p style=\"text-align: justify;\">Os shoppings e galerias dever\u00e3o seguir, em suas lojas, os mesmos crit\u00e9rios de distanciamento, uso de m\u00e1scaras e \u00e1lcool em gel estabelecidos para o com\u00e9rcio de rua. A pra\u00e7a de alimenta\u00e7\u00e3o s\u00f3 poder\u00e1 funcionar em sistema delivery ou retirada no balc\u00e3o, n\u00e3o sendo permitido o consumo dentro do shopping.<\/p>\n<p style=\"text-align: justify;\">O controle de temperatura dever\u00e1 ser feito na entrada destes empreendimentos. Recomenda-se que pessoas acima dos 60 anos e crian\u00e7as abaixo dos 12 anos de idade n\u00e3o frequentem as lojas. Cartazes dever\u00e3o orientar que portadores de doen\u00e7as cr\u00f4nicas tamb\u00e9m n\u00e3o devem frequentar os estabelecimentos no per\u00edodo da pandemia.<\/p>\n<p style=\"text-align: justify;\">Sal\u00f5es de beleza e barbearias dever\u00e3o funcionar atrav\u00e9s de agendamento e garantia da dist\u00e2ncia m\u00ednima de 2 metros, al\u00e9m de uso de m\u00e1scaras, luvas e \u00e1lcool em gel.<\/p>\n<p style=\"text-align: justify;\"><strong>10 DE AGOSTO<\/strong><\/p>\n<ul style=\"text-align: justify;\">\n<li>Academias de gin\u00e1stica, restaurantes, bares e lanchonetes.<\/li>\n<li>Bares e restaurantes dever\u00e3o funcionar com, no m\u00e1ximo, 30% da ocupa\u00e7\u00e3o de mesas e cadeiras, controlando o distanciamento m\u00ednimo de 2 metros entre as mesas;<\/li>\n<li>As academias de gin\u00e1stica dever\u00e3o funcionar tamb\u00e9m fazendo o controle de temperatura no acesso, permiss\u00e3o de ocupa\u00e7\u00e3o de apenas 30% da sua capacidade, higieniza\u00e7\u00e3o permanente dos equipamentos, exig\u00eancia do uso de m\u00e1scaras e luvas pelos profissionais e frequentadores.<\/li>\n<\/ul>\n<p style=\"text-align: justify;\"><strong>Outros segmentos<\/strong><\/p>\n<ul style=\"text-align: justify;\">\n<li>Permanece proibida a aglomera\u00e7\u00e3o de pessoas em pra\u00e7as, e parques, al\u00e9m de eventos p\u00fablicos ou particulares.<\/li>\n<\/ul>\n<p style=\"text-align: justify;\"><strong>O QUE N\u00c3O PODE FUNCIONAR<\/strong><\/p>\n<ul>\n<li style=\"text-align: justify;\">Casas noturnas, boates e similares;<\/li>\n<li style=\"text-align: justify;\">Teatros, cinemas e demais casas de evento;<\/li>\n<li style=\"text-align: justify;\">\u00a0Clubes, associa\u00e7\u00f5es recreativas e afins, \u00e1reas comuns, playground, complexos de lazer, pista de skate e complexos esportivos;<\/li>\n<li style=\"text-align: justify;\">Aulas presenciais.<\/li>\n<\/ul>\n<\/div>\n","protected":false},"excerpt":{"rendered":"<p>O prefeito Paulo Bomfim anunciou neste s\u00e1bado, 25, a retomada das atividades comerciais para a pr\u00f3xima segunda-feira, 27. A medida foi adotada de forma conjunta com a vizinha cidade de Petrolina. O novo plano de reabertura do com\u00e9rcio de Juazeiro retoma as atividades a partir dos crit\u00e9rios da segunda fase do plano anterior, com algumas [&hellip;]<\/p>\n","protected":false},"author":1,"featured_media":12983,"comment_status":"open","ping_status":"open","sticky":false,"template":"","format":"standard","meta":{"_uag_custom_page_level_css":"","_monsterinsights_skip_tracking":false,"_monsterinsights_sitenote_active":false,"_monsterinsights_sitenote_note":"","_monsterinsights_sitenote_category":0,"jetpack_post_was_ever_published":false,"_jetpack_newsletter_access":"","_jetpack_dont_email_post_to_subs":false,"_jetpack_newsletter_tier_id":0,"_jetpack_memberships_contains_paywalled_content":false,"_jetpack_memberships_contains_paid_content":false,"footnotes":"","jetpack_publicize_message":"","jetpack_publicize_feature_enabled":true,"jetpack_social_post_already_shared":true,"jetpack_social_options":{"image_generator_settings":{"template":"highway","default_image_id":0,"font":"","enabled":false},"version":2}},"categories":[206,203,197],"tags":[],"class_list":["post-12982","post","type-post","status-publish","format-standard","has-post-thumbnail","hentry","category-economia","category-juazeiro","category-politica"],"jetpack_publicize_connections":[],"jetpack_featured_media_url":"https:\/\/blogopara.com.br\/wp-content\/uploads\/2020\/07\/Com\u00e9rcio-Juazeiro2-533x300-1.jpg","uagb_featured_image_src":{"full":["https:\/\/blogopara.com.br\/wp-content\/uploads\/2020\/07\/Com\u00e9rcio-Juazeiro2-533x300-1.jpg",500,281,false],"thumbnail":["https:\/\/blogopara.com.br\/wp-content\/uploads\/2020\/07\/Com\u00e9rcio-Juazeiro2-533x300-1-150x150.jpg",150,150,true],"medium":["https:\/\/blogopara.com.br\/wp-content\/uploads\/2020\/07\/Com\u00e9rcio-Juazeiro2-533x300-1-300x169.jpg",300,169,true],"medium_large":["https:\/\/blogopara.com.br\/wp-content\/uploads\/2020\/07\/Com\u00e9rcio-Juazeiro2-533x300-1.jpg",500,281,false],"large":["https:\/\/blogopara.com.br\/wp-content\/uploads\/2020\/07\/Com\u00e9rcio-Juazeiro2-533x300-1.jpg",500,281,false],"1536x1536":["https:\/\/blogopara.com.br\/wp-content\/uploads\/2020\/07\/Com\u00e9rcio-Juazeiro2-533x300-1.jpg",500,281,false],"2048x2048":["https:\/\/blogopara.com.br\/wp-content\/uploads\/2020\/07\/Com\u00e9rcio-Juazeiro2-533x300-1.jpg",500,281,false],"mantranews-slider-large":["https:\/\/blogopara.com.br\/wp-content\/uploads\/2020\/07\/Com\u00e9rcio-Juazeiro2-533x300-1.jpg",500,281,false],"mantranews-featured-medium":["https:\/\/blogopara.com.br\/wp-content\/uploads\/2020\/07\/Com\u00e9rcio-Juazeiro2-533x300-1-420x281.jpg",420,281,true],"mantranews-featured-long":["https:\/\/blogopara.com.br\/wp-content\/uploads\/2020\/07\/Com\u00e9rcio-Juazeiro2-533x300-1-300x281.jpg",300,281,true],"mantranews-block-medium":["https:\/\/blogopara.com.br\/wp-content\/uploads\/2020\/07\/Com\u00e9rcio-Juazeiro2-533x300-1-464x281.jpg",464,281,true],"mantranews-carousel-image":["https:\/\/blogopara.com.br\/wp-content\/uploads\/2020\/07\/Com\u00e9rcio-Juazeiro2-533x300-1.jpg",500,281,false],"mantranews-block-thumb":["https:\/\/blogopara.com.br\/wp-content\/uploads\/2020\/07\/Com\u00e9rcio-Juazeiro2-533x300-1-322x230.jpg",322,230,true],"mantranews-single-large":["https:\/\/blogopara.com.br\/wp-content\/uploads\/2020\/07\/Com\u00e9rcio-Juazeiro2-533x300-1.jpg",500,281,false]},"uagb_author_info":{"display_name":"Reda\u00e7\u00e3o geral","author_link":"https:\/\/blogopara.com.br\/index.php\/author\/blogopara"},"uagb_comment_info":0,"uagb_excerpt":"O prefeito Paulo Bomfim anunciou neste s\u00e1bado, 25, a retomada das atividades comerciais para a pr\u00f3xima segunda-feira, 27. A medida foi adotada de forma conjunta com a vizinha cidade de Petrolina. O novo plano de reabertura do com\u00e9rcio de Juazeiro retoma as atividades a partir dos crit\u00e9rios da segunda fase do plano anterior, com algumas&hellip;","jetpack_sharing_enabled":true,"jetpack_likes_enabled":true,"_links":{"self":[{"href":"https:\/\/blogopara.com.br\/index.php\/wp-json\/wp\/v2\/posts\/12982","targetHints":{"allow":["GET"]}}],"collection":[{"href":"https:\/\/blogopara.com.br\/index.php\/wp-json\/wp\/v2\/posts"}],"about":[{"href":"https:\/\/blogopara.com.br\/index.php\/wp-json\/wp\/v2\/types\/post"}],"author":[{"embeddable":true,"href":"https:\/\/blogopara.com.br\/index.php\/wp-json\/wp\/v2\/users\/1"}],"replies":[{"embeddable":true,"href":"https:\/\/blogopara.com.br\/index.php\/wp-json\/wp\/v2\/comments?post=12982"}],"version-history":[{"count":1,"href":"https:\/\/blogopara.com.br\/index.php\/wp-json\/wp\/v2\/posts\/12982\/revisions"}],"predecessor-version":[{"id":12984,"href":"https:\/\/blogopara.com.br\/index.php\/wp-json\/wp\/v2\/posts\/12982\/revisions\/12984"}],"wp:featuredmedia":[{"embeddable":true,"href":"https:\/\/blogopara.com.br\/index.php\/wp-json\/wp\/v2\/media\/12983"}],"wp:attachment":[{"href":"https:\/\/blogopara.com.br\/index.php\/wp-json\/wp\/v2\/media?parent=12982"}],"wp:term":[{"taxonomy":"category","embeddable":true,"href":"https:\/\/blogopara.com.br\/index.php\/wp-json\/wp\/v2\/categories?post=12982"},{"taxonomy":"post_tag","embeddable":true,"href":"https:\/\/blogopara.com.br\/index.php\/wp-json\/wp\/v2\/tags?post=12982"}],"curies":[{"name":"wp","href":"https:\/\/api.w.org\/{rel}","templated":true}]}}