{"id":12997,"date":"2020-07-26T08:12:00","date_gmt":"2020-07-26T11:12:00","guid":{"rendered":"http:\/\/blogopara.com.br\/?p=12997"},"modified":"2020-07-25T23:15:39","modified_gmt":"2020-07-26T02:15:39","slug":"cacique-raoni-recebe-alta-hospitalar-apos-uma-semana-internado","status":"publish","type":"post","link":"https:\/\/blogopara.com.br\/index.php\/2020\/07\/26\/cacique-raoni-recebe-alta-hospitalar-apos-uma-semana-internado","title":{"rendered":"Cacique Raoni recebe alta hospitalar ap\u00f3s uma semana internado"},"content":{"rendered":"<article class=\"articlecontent allowvig loaded\" data-id=\"105\" data-m=\"{&quot;i&quot;:105,&quot;p&quot;:102,&quot;n&quot;:&quot;article&quot;,&quot;y&quot;:6,&quot;o&quot;:3}\" data-nativead-placements=\"article_aside:3;singlecard1:1;singlecard2:1;singlecard3:1;singlecard4:1;singlecard5:1;singlecard6:1;singlecard7:1;singlecard8:1;singlecard9:1;singlecard10:1;singlecard11:1;\">\n<section class=\"flexarticle\" data-id=\"106\" data-m=\"{&quot;i&quot;:106,&quot;p&quot;:105,&quot;n&quot;:&quot;flexarticle&quot;,&quot;y&quot;:6,&quot;o&quot;:1}\">\n<section class=\"articlebody   \" data-id=\"107\" data-m=\"{&quot;i&quot;:107,&quot;p&quot;:106,&quot;n&quot;:&quot;articlebody&quot;,&quot;y&quot;:6,&quot;o&quot;:1}\">\n<p style=\"text-align: justify;\">Depois de uma semana internado no Hospital Dois Pinheiros, em Sinop, no Mato Grosso, o cacique\u00a0<a href=\"https:\/\/veja.abril.com.br\/noticias-sobre\/raoni\" target=\"_blank\" rel=\"noopener noreferrer\" data-id=\"110\" data-m=\"{&quot;i&quot;:110,&quot;p&quot;:107,&quot;n&quot;:&quot;partnerLink&quot;,&quot;y&quot;:24,&quot;o&quot;:3}\"><strong>Raoni<\/strong><\/a>\u00a0recebeu alta hospitalar na manh\u00e3 deste s\u00e1bado, 25, e retornar\u00e1 para o Xingu ainda nesta tarde. De acordo com o boletim m\u00e9dico, o l\u00edder ind\u00edgena est\u00e1 curado do quadro de infec\u00e7\u00e3o intestinal, n\u00e3o apresenta febres e testou negativo para o novo\u00a0<a href=\"https:\/\/veja.abril.com.br\/noticias-sobre\/coronavirus\" target=\"_blank\" rel=\"noopener noreferrer\" data-id=\"111\" data-m=\"{&quot;i&quot;:111,&quot;p&quot;:107,&quot;n&quot;:&quot;partnerLink&quot;,&quot;y&quot;:24,&quot;o&quot;:4}\"><strong>coronav\u00edrus<\/strong><\/a>.<\/p>\n<p style=\"text-align: justify;\">Em coletiva, o m\u00e9dico Douglas Yanai afirmou que Raoni retornar\u00e1 para a sua aldeia com tratamento para preven\u00e7\u00e3o de embolia pulmonar, com prescri\u00e7\u00e3o de antibi\u00f3ticos por via oral e orienta\u00e7\u00e3o nutricional de dieta hipercal\u00f3rica e hiperproteica, al\u00e9m do uso de protetor g\u00e1strico. \u201cManteremos contato com a equipe de sa\u00fade ind\u00edgena que fica na aldeia para podermos acompanhar e continuar orienta\u00e7\u00e3o para a recupera\u00e7\u00e3o plena dele\u201d, disse Yanai.<\/p>\n<p style=\"text-align: justify;\">L\u00edder do povo Kayap\u00f3, Raoni deu entrada no hospital Dois Pinheiros no s\u00e1bado 18, com press\u00e3o baixa, anemia, desidrata\u00e7\u00e3o e sangramento evidenciado nas fezes. Os sintomas apareceram em fun\u00e7\u00e3o de um quadro de depress\u00e3o causado pela morte de sua esposa, Bekwyjk\u00e0 Metukire, no dia 23 de junho ap\u00f3s sofrer um AVC (acidente vascular cerebral).<\/p>\n<div class=\"ads post-ads\" style=\"text-align: justify;\">Continua ap\u00f3s a publicidade<\/div>\n<p style=\"text-align: justify;\">Ao longo da semana, o cacique realizou exames de endoscopia e colonoscopia que indicaram a ocorr\u00eancia de \u00falceras g\u00e1stricas, intestinais, infec\u00e7\u00e3o intestinal e inflama\u00e7\u00e3o no c\u00f3lon, que foram tratadas com antibi\u00f3ticos e protetor g\u00e1strico.<\/p>\n<p style=\"text-align: justify;\">Raoni tamb\u00e9m passou por exames de rotina com uma equipe de cardiologia e pneumologia, onde foram detectadas fibrila\u00e7\u00e3o atrial cr\u00f4nica e enfisema de longa data, mas sem rela\u00e7\u00e3o com as infec\u00e7\u00f5es e as \u00falceras. Foi iniciada medica\u00e7\u00e3o para diminuir o risco de trombose que pode acontecer por causa da fibrila\u00e7\u00e3o atrial.<\/p>\n<p style=\"text-align: justify;\">Enquanto esteve internado, Raoni recebeu uma mensagem do Papa Francisco que lhe desejou melhoras. O recado foi dado pessoalmente pelo bispo de Sinop, Dom Can\u00edsio Klaus, que o visitou no hospital.<\/p>\n<\/section>\n<\/section>\n<\/article>\n<div class=\"sameoab_ad_container loaded\" style=\"text-align: justify;\" data-nativead-2call-placements=\"post-article:3\" data-nativead-postarticle-count=\"3\" data-id=\"114\" data-m=\"{&quot;i&quot;:114,&quot;p&quot;:102,&quot;n&quot;:&quot;sameoab_ad&quot;,&quot;y&quot;:8,&quot;o&quot;:4}\"><\/div>\n","protected":false},"excerpt":{"rendered":"<p>Depois de uma semana internado no Hospital Dois Pinheiros, em Sinop, no Mato Grosso, o cacique\u00a0Raoni\u00a0recebeu alta hospitalar na manh\u00e3 deste s\u00e1bado, 25, e retornar\u00e1 para o Xingu ainda nesta tarde. De acordo com o boletim m\u00e9dico, o l\u00edder ind\u00edgena est\u00e1 curado do quadro de infec\u00e7\u00e3o intestinal, n\u00e3o apresenta febres e testou negativo para o [&hellip;]<\/p>\n","protected":false},"author":1,"featured_media":12998,"comment_status":"open","ping_status":"open","sticky":false,"template":"","format":"standard","meta":{"_uag_custom_page_level_css":"","_monsterinsights_skip_tracking":false,"_monsterinsights_sitenote_active":false,"_monsterinsights_sitenote_note":"","_monsterinsights_sitenote_category":0,"jetpack_post_was_ever_published":false,"_jetpack_newsletter_access":"","_jetpack_dont_email_post_to_subs":false,"_jetpack_newsletter_tier_id":0,"_jetpack_memberships_contains_paywalled_content":false,"_jetpack_memberships_contains_paid_content":false,"footnotes":"","jetpack_publicize_message":"","jetpack_publicize_feature_enabled":true,"jetpack_social_post_already_shared":true,"jetpack_social_options":{"image_generator_settings":{"template":"highway","default_image_id":0,"font":"","enabled":false},"version":2}},"categories":[200],"tags":[],"class_list":["post-12997","post","type-post","status-publish","format-standard","has-post-thumbnail","hentry","category-brasil"],"jetpack_publicize_connections":[],"jetpack_featured_media_url":"https:\/\/blogopara.com.br\/wp-content\/uploads\/2020\/07\/BB17byRt.jpg","uagb_featured_image_src":{"full":["https:\/\/blogopara.com.br\/wp-content\/uploads\/2020\/07\/BB17byRt.jpg",500,333,false],"thumbnail":["https:\/\/blogopara.com.br\/wp-content\/uploads\/2020\/07\/BB17byRt-150x150.jpg",150,150,true],"medium":["https:\/\/blogopara.com.br\/wp-content\/uploads\/2020\/07\/BB17byRt-300x200.jpg",300,200,true],"medium_large":["https:\/\/blogopara.com.br\/wp-content\/uploads\/2020\/07\/BB17byRt.jpg",500,333,false],"large":["https:\/\/blogopara.com.br\/wp-content\/uploads\/2020\/07\/BB17byRt.jpg",500,333,false],"1536x1536":["https:\/\/blogopara.com.br\/wp-content\/uploads\/2020\/07\/BB17byRt.jpg",500,333,false],"2048x2048":["https:\/\/blogopara.com.br\/wp-content\/uploads\/2020\/07\/BB17byRt.jpg",500,333,false],"mantranews-slider-large":["https:\/\/blogopara.com.br\/wp-content\/uploads\/2020\/07\/BB17byRt.jpg",500,333,false],"mantranews-featured-medium":["https:\/\/blogopara.com.br\/wp-content\/uploads\/2020\/07\/BB17byRt-420x307.jpg",420,307,true],"mantranews-featured-long":["https:\/\/blogopara.com.br\/wp-content\/uploads\/2020\/07\/BB17byRt-300x333.jpg",300,333,true],"mantranews-block-medium":["https:\/\/blogopara.com.br\/wp-content\/uploads\/2020\/07\/BB17byRt-464x290.jpg",464,290,true],"mantranews-carousel-image":["https:\/\/blogopara.com.br\/wp-content\/uploads\/2020\/07\/BB17byRt.jpg",500,333,false],"mantranews-block-thumb":["https:\/\/blogopara.com.br\/wp-content\/uploads\/2020\/07\/BB17byRt-322x230.jpg",322,230,true],"mantranews-single-large":["https:\/\/blogopara.com.br\/wp-content\/uploads\/2020\/07\/BB17byRt.jpg",500,333,false]},"uagb_author_info":{"display_name":"Reda\u00e7\u00e3o geral","author_link":"https:\/\/blogopara.com.br\/index.php\/author\/blogopara"},"uagb_comment_info":0,"uagb_excerpt":"Depois de uma semana internado no Hospital Dois Pinheiros, em Sinop, no Mato Grosso, o cacique\u00a0Raoni\u00a0recebeu alta hospitalar na manh\u00e3 deste s\u00e1bado, 25, e retornar\u00e1 para o Xingu ainda nesta tarde. De acordo com o boletim m\u00e9dico, o l\u00edder ind\u00edgena est\u00e1 curado do quadro de infec\u00e7\u00e3o intestinal, n\u00e3o apresenta febres e testou negativo para o&hellip;","jetpack_sharing_enabled":true,"jetpack_likes_enabled":true,"_links":{"self":[{"href":"https:\/\/blogopara.com.br\/index.php\/wp-json\/wp\/v2\/posts\/12997","targetHints":{"allow":["GET"]}}],"collection":[{"href":"https:\/\/blogopara.com.br\/index.php\/wp-json\/wp\/v2\/posts"}],"about":[{"href":"https:\/\/blogopara.com.br\/index.php\/wp-json\/wp\/v2\/types\/post"}],"author":[{"embeddable":true,"href":"https:\/\/blogopara.com.br\/index.php\/wp-json\/wp\/v2\/users\/1"}],"replies":[{"embeddable":true,"href":"https:\/\/blogopara.com.br\/index.php\/wp-json\/wp\/v2\/comments?post=12997"}],"version-history":[{"count":1,"href":"https:\/\/blogopara.com.br\/index.php\/wp-json\/wp\/v2\/posts\/12997\/revisions"}],"predecessor-version":[{"id":12999,"href":"https:\/\/blogopara.com.br\/index.php\/wp-json\/wp\/v2\/posts\/12997\/revisions\/12999"}],"wp:featuredmedia":[{"embeddable":true,"href":"https:\/\/blogopara.com.br\/index.php\/wp-json\/wp\/v2\/media\/12998"}],"wp:attachment":[{"href":"https:\/\/blogopara.com.br\/index.php\/wp-json\/wp\/v2\/media?parent=12997"}],"wp:term":[{"taxonomy":"category","embeddable":true,"href":"https:\/\/blogopara.com.br\/index.php\/wp-json\/wp\/v2\/categories?post=12997"},{"taxonomy":"post_tag","embeddable":true,"href":"https:\/\/blogopara.com.br\/index.php\/wp-json\/wp\/v2\/tags?post=12997"}],"curies":[{"name":"wp","href":"https:\/\/api.w.org\/{rel}","templated":true}]}}