{"id":13007,"date":"2020-07-27T08:16:00","date_gmt":"2020-07-27T11:16:00","guid":{"rendered":"http:\/\/blogopara.com.br\/?p=13007"},"modified":"2020-07-27T08:52:49","modified_gmt":"2020-07-27T11:52:49","slug":"moradores-do-bairro-pedro-raimundo-cobram-saneamento","status":"publish","type":"post","link":"https:\/\/blogopara.com.br\/index.php\/2020\/07\/27\/moradores-do-bairro-pedro-raimundo-cobram-saneamento","title":{"rendered":"Moradores do bairro Pedro Raimundo cobram saneamento"},"content":{"rendered":"<p style=\"font-weight: 400; text-align: justify;\">O presidente da Associa\u00e7\u00e3o do Bairro Pedro Raimundo, Francisco Beliz\u00e1rio, cobrou das autoridades municipais uma&nbsp;a\u00e7\u00e3o e planejamento&nbsp;para implantar o saneamento b\u00e1sico na comunidade. Revoltado o comunit\u00e1rio revelou &#8220;que existe a possibilidade dos moradores n\u00e3o deixarem a administra\u00e7\u00e3o municipal inaugurar uma obra prevista para acontecer no Programa Toda Sexta Feira Tem Obra&#8221;, ainda sem data marcada.<\/p>\n<p style=\"font-weight: 400; text-align: justify;\">Durante entrevista a R\u00e1dio Jornal de Petrolina, Francisco apontou o descontentamento:&nbsp;&nbsp;&#8220;a falta se saneamento \u00e9 puro descaso das autoridades p\u00fablicas&#8221;. Ele acusa que a falta de saneamento prejudica toda a comunidade do Bairro Pedro Raimundo.<\/p>\n<p style=\"font-weight: 400; text-align: justify;\">No final do m\u00eas de maio a reportagem deste Blog Geraldo Jos\u00e9 percorreu as comunidades do Macarr\u00e3o, Malhada, Mulungu, Bra\u00e7o do Malhada, desvio do Malhada, desvio do Mulungu, leito antigo do Mulungu e Vila Jacar\u00e9 e constatou que&nbsp;s\u00e3o espa\u00e7os urbanos que convivem com a polui\u00e7\u00e3o, mau cheiro e muri\u00e7ocas que atacam at\u00e9 durante o dia.<\/p>\n<p style=\"font-weight: 400; text-align: justify;\">Infelizmente, isto acontece em pleno s\u00e9culo XXI, e acomete principalmente Juazeiro, Bahia. \u00c9 quase imposs\u00edvel &#8220;andar&#8221; pr\u00f3ximo a estes locais e n\u00e3o existe sequer um aceno para constituir espa\u00e7os saud\u00e1veis e agrad\u00e1veis na paisagem urbana e um projeto que evite o transporte do esgoto para o Rio S\u00e3o Francisco.<\/p>\n<p style=\"font-weight: 400; text-align: justify;\">Os moradores que residem nas proximidades dos canais Mulungu Remanescente (bairros Monte Castelo, Bairro S\u00e3o Geraldo, Barranqueiro I e II e Dom Thomaz); Canal Macarr\u00e3o (bairros Piranga I, Jardim Vit\u00f3ria e Jardim Fl\u00f3rida); e Canal Mulungu, bairros Itaberaba e Tabuleiro s\u00e3o os que mais sofrem com as muri\u00e7ocas, o pernilongo dom\u00e9stico, o \u00fanico mosquito que sobrevive a &#8220;condi\u00e7\u00f5es extremamente polu\u00eddas.&#8221;<\/p>\n<pre style=\"font-weight: 400; text-align: justify;\"><em>Fonte: Blog TM&nbsp;<\/em><\/pre>\n","protected":false},"excerpt":{"rendered":"<p>O presidente da Associa\u00e7\u00e3o do Bairro Pedro Raimundo, Francisco Beliz\u00e1rio, cobrou das autoridades municipais uma&nbsp;a\u00e7\u00e3o e planejamento&nbsp;para implantar o saneamento b\u00e1sico na comunidade. Revoltado o comunit\u00e1rio revelou &#8220;que existe a possibilidade dos moradores n\u00e3o deixarem a administra\u00e7\u00e3o municipal inaugurar uma obra prevista para acontecer no Programa Toda Sexta Feira Tem Obra&#8221;, ainda sem data marcada. [&hellip;]<\/p>\n","protected":false},"author":1,"featured_media":13015,"comment_status":"open","ping_status":"open","sticky":false,"template":"","format":"standard","meta":{"_uag_custom_page_level_css":"","_monsterinsights_skip_tracking":false,"_monsterinsights_sitenote_active":false,"_monsterinsights_sitenote_note":"","_monsterinsights_sitenote_category":0,"jetpack_post_was_ever_published":false,"_jetpack_newsletter_access":"","_jetpack_dont_email_post_to_subs":false,"_jetpack_newsletter_tier_id":0,"_jetpack_memberships_contains_paywalled_content":false,"_jetpack_memberships_contains_paid_content":false,"footnotes":"","jetpack_publicize_message":"","jetpack_publicize_feature_enabled":true,"jetpack_social_post_already_shared":true,"jetpack_social_options":{"image_generator_settings":{"template":"highway","default_image_id":0,"font":"","enabled":false},"version":2}},"categories":[203,197,205],"tags":[],"class_list":["post-13007","post","type-post","status-publish","format-standard","has-post-thumbnail","hentry","category-juazeiro","category-politica","category-saude"],"jetpack_publicize_connections":[],"jetpack_featured_media_url":"https:\/\/blogopara.com.br\/wp-content\/uploads\/2020\/07\/abairro.jpg","uagb_featured_image_src":{"full":["https:\/\/blogopara.com.br\/wp-content\/uploads\/2020\/07\/abairro.jpg",500,500,false],"thumbnail":["https:\/\/blogopara.com.br\/wp-content\/uploads\/2020\/07\/abairro-150x150.jpg",150,150,true],"medium":["https:\/\/blogopara.com.br\/wp-content\/uploads\/2020\/07\/abairro-300x300.jpg",300,300,true],"medium_large":["https:\/\/blogopara.com.br\/wp-content\/uploads\/2020\/07\/abairro.jpg",500,500,false],"large":["https:\/\/blogopara.com.br\/wp-content\/uploads\/2020\/07\/abairro.jpg",500,500,false],"1536x1536":["https:\/\/blogopara.com.br\/wp-content\/uploads\/2020\/07\/abairro.jpg",500,500,false],"2048x2048":["https:\/\/blogopara.com.br\/wp-content\/uploads\/2020\/07\/abairro.jpg",500,500,false],"mantranews-slider-large":["https:\/\/blogopara.com.br\/wp-content\/uploads\/2020\/07\/abairro.jpg",500,500,false],"mantranews-featured-medium":["https:\/\/blogopara.com.br\/wp-content\/uploads\/2020\/07\/abairro-420x307.jpg",420,307,true],"mantranews-featured-long":["https:\/\/blogopara.com.br\/wp-content\/uploads\/2020\/07\/abairro-300x443.jpg",300,443,true],"mantranews-block-medium":["https:\/\/blogopara.com.br\/wp-content\/uploads\/2020\/07\/abairro-464x290.jpg",464,290,true],"mantranews-carousel-image":["https:\/\/blogopara.com.br\/wp-content\/uploads\/2020\/07\/abairro.jpg",500,500,false],"mantranews-block-thumb":["https:\/\/blogopara.com.br\/wp-content\/uploads\/2020\/07\/abairro-322x230.jpg",322,230,true],"mantranews-single-large":["https:\/\/blogopara.com.br\/wp-content\/uploads\/2020\/07\/abairro.jpg",500,500,false]},"uagb_author_info":{"display_name":"Reda\u00e7\u00e3o geral","author_link":"https:\/\/blogopara.com.br\/index.php\/author\/blogopara"},"uagb_comment_info":0,"uagb_excerpt":"O presidente da Associa\u00e7\u00e3o do Bairro Pedro Raimundo, Francisco Beliz\u00e1rio, cobrou das autoridades municipais uma&nbsp;a\u00e7\u00e3o e planejamento&nbsp;para implantar o saneamento b\u00e1sico na comunidade. Revoltado o comunit\u00e1rio revelou &#8220;que existe a possibilidade dos moradores n\u00e3o deixarem a administra\u00e7\u00e3o municipal inaugurar uma obra prevista para acontecer no Programa Toda Sexta Feira Tem Obra&#8221;, ainda sem data marcada.&hellip;","jetpack_sharing_enabled":true,"jetpack_likes_enabled":true,"_links":{"self":[{"href":"https:\/\/blogopara.com.br\/index.php\/wp-json\/wp\/v2\/posts\/13007","targetHints":{"allow":["GET"]}}],"collection":[{"href":"https:\/\/blogopara.com.br\/index.php\/wp-json\/wp\/v2\/posts"}],"about":[{"href":"https:\/\/blogopara.com.br\/index.php\/wp-json\/wp\/v2\/types\/post"}],"author":[{"embeddable":true,"href":"https:\/\/blogopara.com.br\/index.php\/wp-json\/wp\/v2\/users\/1"}],"replies":[{"embeddable":true,"href":"https:\/\/blogopara.com.br\/index.php\/wp-json\/wp\/v2\/comments?post=13007"}],"version-history":[{"count":2,"href":"https:\/\/blogopara.com.br\/index.php\/wp-json\/wp\/v2\/posts\/13007\/revisions"}],"predecessor-version":[{"id":13016,"href":"https:\/\/blogopara.com.br\/index.php\/wp-json\/wp\/v2\/posts\/13007\/revisions\/13016"}],"wp:featuredmedia":[{"embeddable":true,"href":"https:\/\/blogopara.com.br\/index.php\/wp-json\/wp\/v2\/media\/13015"}],"wp:attachment":[{"href":"https:\/\/blogopara.com.br\/index.php\/wp-json\/wp\/v2\/media?parent=13007"}],"wp:term":[{"taxonomy":"category","embeddable":true,"href":"https:\/\/blogopara.com.br\/index.php\/wp-json\/wp\/v2\/categories?post=13007"},{"taxonomy":"post_tag","embeddable":true,"href":"https:\/\/blogopara.com.br\/index.php\/wp-json\/wp\/v2\/tags?post=13007"}],"curies":[{"name":"wp","href":"https:\/\/api.w.org\/{rel}","templated":true}]}}