{"id":13026,"date":"2020-07-28T09:08:00","date_gmt":"2020-07-28T12:08:00","guid":{"rendered":"http:\/\/blogopara.com.br\/?p=13026"},"modified":"2020-07-27T17:13:05","modified_gmt":"2020-07-27T20:13:05","slug":"bispos-da-cnbb-assinam-carta-contra-governo-bolsonaro-desprezo-pela-educacao-cultura-e-saude-nos-estarrece","status":"publish","type":"post","link":"https:\/\/blogopara.com.br\/index.php\/2020\/07\/28\/bispos-da-cnbb-assinam-carta-contra-governo-bolsonaro-desprezo-pela-educacao-cultura-e-saude-nos-estarrece","title":{"rendered":"Bispos da CNBB assinam carta contra governo Bolsonaro: &#8216;Desprezo pela educa\u00e7\u00e3o, cultura e sa\u00fade nos estarrece&#8217;"},"content":{"rendered":"<div class=\"mc-column content-text active-extra-styles \" data-block-type=\"unstyled\" data-block-weight=\"45\" data-block-id=\"2\">\n<p class=\"content-text__container \" style=\"text-align: justify;\" data-track-category=\"Link no Texto\" data-track-links=\"\">Um grupo de 152 arcebispos e bispos da Igreja Cat\u00f3lica assinaram uma carta com duras cr\u00edticas ao presidente\u00a0<a href=\"https:\/\/g1.globo.com\/politica\/politico\/jair-bolsonaro\/\">Jair Bolsonaro<\/a>\u00a0(sem partido). No documento, os religiosos citam que o governo federal demonstra &#8220;omiss\u00e3o, apatia e recha\u00e7o pelos mais pobres&#8221;, al\u00e9m de &#8220;incapacidade para enfrentar crises&#8221;.<\/p>\n<\/div>\n<div class=\"wall protected-content\">\n<div class=\"mc-column content-text active-extra-styles\" style=\"text-align: justify;\" data-block-type=\"raw\" data-block-weight=\"12\" data-block-id=\"3\">\n<blockquote class=\"content-blockquote theme-border-color-primary-before\"><p>&#8220;O desprezo pela educa\u00e7\u00e3o, cultura, sa\u00fade e pela diplomacia tamb\u00e9m nos estarrece.&#8221;<\/p><\/blockquote>\n<\/div>\n<div class=\"mc-column content-text active-extra-styles \" style=\"text-align: justify;\" data-block-type=\"unstyled\" data-block-weight=\"40\" data-block-id=\"4\">\n<p class=\"content-text__container \" data-track-category=\"Link no Texto\" data-track-links=\"\">Ao longo do texto, os bispos afirmam que a situa\u00e7\u00e3o &#8220;\u00e9 vis\u00edvel nas demonstra\u00e7\u00f5es de raiva pela educa\u00e7\u00e3o p\u00fablica; no apelo a ideias obscurantistas; na escolha da educa\u00e7\u00e3o como inimiga e nos sucessivos e grosseiros erros na escolha dos ministros&#8221;.<\/p>\n<\/div>\n<div class=\"mc-column content-text active-extra-styles \" style=\"text-align: justify;\" data-block-type=\"unstyled\" data-block-weight=\"33\" data-block-id=\"5\">\n<p class=\"content-text__container \" data-track-category=\"Link no Texto\" data-track-links=\"\">A carta, que seria publicada na \u00faltima quarta-feira (22), chegou a ser suspensa para an\u00e1lise do Conselho permanente da Confer\u00eancia Nacional dos Bispos do Brasil (CNBB), no entanto, acabou vazando neste domingo (26).<\/p>\n<\/div>\n<div class=\"mc-column content-text active-extra-styles \" style=\"text-align: justify;\" data-block-type=\"unstyled\" data-block-weight=\"36\" data-block-id=\"6\">\n<p class=\"content-text__container \" data-track-category=\"Link no Texto\" data-track-links=\"\">Ao\u00a0<strong>G1<\/strong> a secretaria de comunica\u00e7\u00e3o da CNBB informou que o documento &#8220;nada tem a ver&#8221; com a confer\u00eancia.&#8221; \u00c9 de responsabilidade dos signat\u00e1rios&#8221;. O Pal\u00e1cio do Planalto disse que n\u00e3o vai comentar o caso.<\/p>\n<\/div>\n<div class=\"mc-column content-text active-extra-styles\" style=\"text-align: justify;\" data-block-type=\"raw\" data-block-weight=\"5\" data-block-id=\"8\">\n<div class=\"content-intertitle\">\n<h2>&#8216;Carta ao Povo de Deus&#8217;<\/h2>\n<\/div>\n<\/div>\n<div class=\"mc-column content-text active-extra-styles \" style=\"text-align: justify;\" data-block-type=\"unstyled\" data-block-weight=\"37\" data-block-id=\"9\">\n<p class=\"content-text__container \" data-track-category=\"Link no Texto\" data-track-links=\"\">Ainda de acordo com o texto, chamado de &#8220;Carta ao Povo de Deus&#8221;, os bispos e arcebispos afirmam que o presidente da Rep\u00fablica usa o nome de Deus para &#8220;difundir mensagens de \u00f3dio e preconceito&#8221;.<\/p>\n<\/div>\n<div class=\"content-ads content-ads--reveal\" style=\"text-align: justify;\" data-block-type=\"ads\" data-block-id=\"10\"><\/div>\n<div class=\"mc-column content-text active-extra-styles\" style=\"text-align: justify;\" data-block-type=\"raw\" data-block-weight=\"46\" data-block-id=\"11\">\n<blockquote class=\"content-blockquote theme-border-color-primary-before\"><p>&#8220;Como n\u00e3o ficarmos indignados diante do uso do nome de Deus e de sua Santa Palavra, misturados a falas e posturas preconceituosas, que incitam ao \u00f3dio, ao inv\u00e9s de pregar o amor, para legitimar pr\u00e1ticas que n\u00e3o condizem com o Reino de Deus e sua justi\u00e7a?&#8221;<\/p><\/blockquote>\n<\/div>\n<div class=\"mc-column content-text active-extra-styles \" style=\"text-align: justify;\" data-block-type=\"unstyled\" data-block-weight=\"56\" data-block-id=\"12\">\n<p class=\"content-text__container \" data-track-category=\"Link no Texto\" data-track-links=\"\">O documento tamb\u00e9m pede &#8220;uni\u00e3o&#8221; por um di\u00e1logo contr\u00e1rio \u00e0s a\u00e7\u00f5es do governo. Neste ponto, os religiosos convocam os leitores para &#8220;um amplo di\u00e1logo nacional que envolva humanistas, os comprometidos com a democracia, movimentos sociais, homens e mulheres de boa vontade, para que seja restabelecido o respeito \u00e0 Constitui\u00e7\u00e3o Federal e ao Estado Democr\u00e1tico de Direito&#8221;.<\/p>\n<\/div>\n<div class=\"mc-column content-text active-extra-styles \" style=\"text-align: justify;\" data-block-type=\"unstyled\" data-block-weight=\"45\" data-block-id=\"13\">\n<p class=\"content-text__container \" data-track-category=\"Link no Texto\" data-track-links=\"\">&#8220;[&#8230;] com \u00e9tica na pol\u00edtica, com transpar\u00eancia das informa\u00e7\u00f5es e dos gastos p\u00fablicos, com uma economia que vise ao bem comum, com justi\u00e7a socioambiental, com &#8216;terra, teto e trabalho&#8217;, com alegria e prote\u00e7\u00e3o da fam\u00edlia, com educa\u00e7\u00e3o e sa\u00fade integrais e de qualidade para todos.&#8221;<\/p>\n<\/div>\n<div class=\"mc-column content-text active-extra-styles\" style=\"text-align: justify;\" data-block-type=\"raw\" data-block-weight=\"1\" data-block-id=\"14\">\n<div class=\"content-intertitle\">\n<h2>Covid-19<\/h2>\n<\/div>\n<\/div>\n<div class=\"mc-column content-text active-extra-styles \" style=\"text-align: justify;\" data-block-type=\"unstyled\" data-block-weight=\"60\" data-block-id=\"15\">\n<p class=\"content-text__container \" data-track-category=\"Link no Texto\" data-track-links=\"\">Na carta, os religiosos afirmam que o Brasil atravessa &#8220;um dos momentos mais dif\u00edceis de sua hist\u00f3ria&#8221;, vivendo uma &#8220;tempestade perfeita&#8221;. Essa tempestade, nas palavras dos bispos, culminaria em uma &#8220;crise sem precedentes na sa\u00fade&#8221; e em um &#8220;avassalador colapso na economia&#8221;, com a tens\u00e3o &#8220;provocada em grande medida pelo Presidente da Rep\u00fablica [Jair Bolsonaro] e outros setores da sociedade&#8221;.<\/p>\n<\/div>\n<div class=\"mc-column content-text active-extra-styles\" style=\"text-align: justify;\" data-block-type=\"raw\" data-block-weight=\"24\" data-block-id=\"16\">\n<blockquote class=\"content-blockquote theme-border-color-primary-before\"><p>&#8221; Analisando o cen\u00e1rio pol\u00edtico, sem paix\u00f5es, percebemos claramente a incapacidade e inabilidade do governo federal em enfrentar essas crises&#8221;, diz trecho da carta.<\/p><\/blockquote>\n<\/div>\n<div class=\"mc-column content-text active-extra-styles \" style=\"text-align: justify;\" data-block-type=\"unstyled\" data-block-weight=\"42\" data-block-id=\"17\">\n<p class=\"content-text__container \" data-track-category=\"Link no Texto\" data-track-links=\"\">Com base em vers\u00edculos b\u00edblicos, o texto cita o atual momento da pandemia enfrentada pelo pa\u00eds e o aumento de casos e \u00f3bitos pelo novo coronav\u00edrus. &#8220;Assistimos discursos anticient\u00edficos, que tentam naturalizar ou normalizar o flagelo dos milhares de mortes pela Covid-19&#8221;.<\/p>\n<\/div>\n<div class=\"mc-column content-text active-extra-styles\" style=\"text-align: justify;\" data-block-type=\"raw\" data-block-weight=\"23\" data-block-id=\"18\">\n<blockquote class=\"content-blockquote theme-border-color-primary-before\"><p>&#8220;Esse discurso n\u00e3o se baseia nos princ\u00edpios \u00e9ticos e morais, tampouco suporta ser confrontado com a Tradi\u00e7\u00e3o e a Doutrina Social da Igreja.&#8221;<\/p><\/blockquote>\n<\/div>\n<div class=\"mc-column content-text active-extra-styles \" style=\"text-align: justify;\" data-block-type=\"unstyled\" data-block-weight=\"25\" data-block-id=\"19\">\n<p class=\"content-text__container \" data-track-category=\"Link no Texto\" data-track-links=\"\">O documento termina com um pedido da igreja ao povo brasileiro por uni\u00e3o aos movimentos que &#8220;buscam novas e urgentes&#8221; alternativas para o pa\u00eds.<\/p>\n<\/div>\n<div class=\"content-ads content-ads--reveal\" style=\"text-align: justify;\" data-block-type=\"ads\" data-block-id=\"20\"><\/div>\n<div class=\"mc-column content-text active-extra-styles\" style=\"text-align: justify;\" data-block-type=\"raw\" data-block-weight=\"25\" data-block-id=\"21\">\n<blockquote class=\"content-blockquote theme-border-color-primary-before\"><p>&#8220;Despertemo-nos, portanto, do sono que nos imobiliza e nos faz meros espectadores da realidade de milhares de mortes e da viol\u00eancia que nos assolam&#8221;, conclui.<\/p><\/blockquote>\n<\/div>\n<div class=\"mc-column content-text active-extra-styles\" style=\"text-align: justify;\" data-block-type=\"raw\" data-block-weight=\"12\" data-block-id=\"22\">\n<div class=\"content-intertitle\">\n<h2>Leia abaixo a \u00edntegra da carta assinada por 152 bispos da CNBB:<\/h2>\n<\/div>\n<\/div>\n<div class=\"mc-column content-text active-extra-styles \" style=\"text-align: justify;\" data-block-type=\"unstyled\" data-block-weight=\"95\" data-block-id=\"23\">\n<p class=\"content-text__container \" data-track-category=\"Link no Texto\" data-track-links=\"\"><em>&#8220;Somos bispos da Igreja Cat\u00f3lica, de v\u00e1rias regi\u00f5es do Brasil, em profunda comunh\u00e3o com o Papa Francisco e seu magist\u00e9rio e em comunh\u00e3o plena com a Confer\u00eancia Nacional dos Bispos do Brasil, que no exerc\u00edcio de sua miss\u00e3o evangelizadora, sempre se coloca na defesa dos pequeninos, da justi\u00e7a e da paz. Escrevemos esta Carta ao Povo de Deus, interpelados pela gravidade do momento em que vivemos, sens\u00edveis ao Evangelho e \u00e0 Doutrina Social da Igreja, como um servi\u00e7o a todos os que desejam ver superada esta fase de tantas incertezas e tanto sofrimento do povo.<\/em><\/p>\n<\/div>\n<div class=\"mc-column content-text active-extra-styles \" style=\"text-align: justify;\" data-block-type=\"unstyled\" data-block-weight=\"112\" data-block-id=\"24\">\n<p class=\"content-text__container \" data-track-category=\"Link no Texto\" data-track-links=\"\"><em>Evangelizar \u00e9 a miss\u00e3o pr\u00f3pria da Igreja, herdada de Jesus. Ela tem consci\u00eancia de que \u201cevangelizar \u00e9 tornar o Reino de Deus presente no mundo\u201d (Alegria do Evangelho, 176). Temos clareza de que \u201ca proposta do Evangelho n\u00e3o consiste s\u00f3 numa rela\u00e7\u00e3o pessoal com Deus. A nossa reposta de amor n\u00e3o deveria ser entendida como uma mera soma de pequenos gestos pessoais a favor de alguns indiv\u00edduos necessitados [&#8230;], uma s\u00e9rie de a\u00e7\u00f5es destinadas apenas a tranquilizar a pr\u00f3pria consci\u00eancia. A proposta \u00e9 o Reino de Deus [&#8230;] (Lc 4,43 e Mt 6,33)\u201d (Alegria do Evangelho, 180). Nasce da\u00ed a compreens\u00e3o de que o Reino de Deus \u00e9 dom, compromisso e meta.<\/em><\/p>\n<\/div>\n<div class=\"mc-column content-text active-extra-styles \" style=\"text-align: justify;\" data-block-type=\"unstyled\" data-block-weight=\"55\" data-block-id=\"25\">\n<p class=\"content-text__container \" data-track-category=\"Link no Texto\" data-track-links=\"\"><em>\u00c9 neste horizonte que nos posicionamos frente \u00e0 realidade atual do Brasil. N\u00e3o temos interesses pol\u00edtico-partid\u00e1rios, econ\u00f4micos, ideol\u00f3gicos ou de qualquer outra natureza. Nosso \u00fanico interesse \u00e9 o Reino de Deus, presente em nossa hist\u00f3ria, na medida em que avan\u00e7amos na constru\u00e7\u00e3o de uma sociedade estruturalmente justa, fraterna e solid\u00e1ria, como uma civiliza\u00e7\u00e3o do amor.<\/em><\/p>\n<\/div>\n<div class=\"mc-column content-text active-extra-styles \" style=\"text-align: justify;\" data-block-type=\"unstyled\" data-block-weight=\"74\" data-block-id=\"26\">\n<p class=\"content-text__container \" data-track-category=\"Link no Texto\" data-track-links=\"\"><em>O Brasil atravessa um dos per\u00edodos mais dif\u00edceis de sua hist\u00f3ria, comparado a uma \u201ctempestade perfeita\u201d que, dolorosamente, precisa ser atravessada. A causa dessa tempestade \u00e9 a combina\u00e7\u00e3o de uma crise de sa\u00fade sem precedentes, com um avassalador colapso da economia e com a tens\u00e3o que se abate sobre os fundamentos da Rep\u00fablica, provocada em grande medida pelo Presidente da Rep\u00fablica e outros setores da sociedade, resultando numa profunda crise pol\u00edtica e de governan\u00e7a.<\/em><\/p>\n<\/div>\n<div class=\"mc-column content-text active-extra-styles \" style=\"text-align: justify;\" data-block-type=\"unstyled\" data-block-weight=\"65\" data-block-id=\"28\">\n<p class=\"content-text__container \" data-track-category=\"Link no Texto\" data-track-links=\"\"><em>Este cen\u00e1rio de perigosos impasses, que colocam nosso Pa\u00eds \u00e0 prova, exige de suas institui\u00e7\u00f5es, l\u00edderes e organiza\u00e7\u00f5es civis muito mais di\u00e1logo do que discursos ideol\u00f3gicos fechados. Somos convocados a apresentar propostas e pactos objetivos, com vistas \u00e0 supera\u00e7\u00e3o dos grandes desafios, em favor da vida, principalmente dos segmentos mais vulner\u00e1veis e exclu\u00eddos, nesta sociedade estruturalmente desigual, injusta e violenta. Essa realidade n\u00e3o comporta indiferen\u00e7a.<\/em><\/p>\n<\/div>\n<div class=\"mc-column content-text active-extra-styles \" style=\"text-align: justify;\" data-block-type=\"unstyled\" data-block-weight=\"128\" data-block-id=\"29\">\n<p class=\"content-text__container \" data-track-category=\"Link no Texto\" data-track-links=\"\"><em>\u00c9 dever de quem se coloca na defesa da vida posicionar-se, claramente, em rela\u00e7\u00e3o a esse cen\u00e1rio. As escolhas pol\u00edticas que nos trouxeram at\u00e9 aqui e a narrativa que prop\u00f5e a complac\u00eancia frente aos desmandos do Governo Federal, n\u00e3o justificam a in\u00e9rcia e a omiss\u00e3o no combate \u00e0s mazelas que se abateram sobre o povo brasileiro. Mazelas que se abatem tamb\u00e9m sobre a Casa Comum, amea\u00e7ada constantemente pela a\u00e7\u00e3o inescrupulosa de madeireiros, garimpeiros, mineradores, latifundi\u00e1rios e outros defensores de um desenvolvimento que despreza os direitos humanos e os da m\u00e3e terra. \u201cN\u00e3o podemos pretender ser saud\u00e1veis num mundo que est\u00e1 doente. As feridas causadas \u00e0 nossa m\u00e3e terra sangram tamb\u00e9m a n\u00f3s\u201d (Papa Francisco, Carta ao Presidente da Col\u00f4mbia por ocasi\u00e3o do Dia Mundial do Meio Ambiente, 05\/06\/2020).<\/em><\/p>\n<\/div>\n<div class=\"mc-column content-text active-extra-styles \" style=\"text-align: justify;\" data-block-type=\"unstyled\" data-block-weight=\"115\" data-block-id=\"30\">\n<p class=\"content-text__container \" data-track-category=\"Link no Texto\" data-track-links=\"\"><em>Todos, pessoas e institui\u00e7\u00f5es, seremos julgados pelas a\u00e7\u00f5es ou omiss\u00f5es neste momento t\u00e3o grave e desafiador. Assistimos, sistematicamente, a discursos anticient\u00edficos, que tentam naturalizar ou normalizar o flagelo dos milhares de mortes pela COVID-19, tratando-o como fruto do acaso ou do castigo divino, o caos socioecon\u00f4mico que se avizinha, com o desemprego e a carestia que s\u00e3o projetados para os pr\u00f3ximos meses, e os conchavos pol\u00edticos que visam \u00e0 manuten\u00e7\u00e3o do poder a qualquer pre\u00e7o. Esse discurso n\u00e3o se baseia nos princ\u00edpios \u00e9ticos e morais, tampouco suporta ser confrontado com a Tradi\u00e7\u00e3o e a Doutrina Social da Igreja, no seguimento \u00c0quele que veio \u201cpara que todos tenham vida e a tenham em abund\u00e2ncia\u201d (Jo 10,10).<\/em><\/p>\n<\/div>\n<div class=\"mc-column content-text active-extra-styles \" style=\"text-align: justify;\" data-block-type=\"unstyled\" data-block-weight=\"118\" data-block-id=\"32\">\n<p class=\"content-text__container \" data-track-category=\"Link no Texto\" data-track-links=\"\"><em>Analisando o cen\u00e1rio pol\u00edtico, sem paix\u00f5es, percebemos claramente a incapacidade e inabilidade do Governo Federal em enfrentar essas crises. As reformas trabalhista e previdenci\u00e1ria, tidas como para melhorarem a vida dos mais pobres, mostraram-se como armadilhas que precarizaram ainda mais a vida do povo. \u00c9 verdade que o Brasil necessita de medidas e reformas s\u00e9rias, mas n\u00e3o como as que foram feitas, cujos resultados pioraram a vida dos pobres, desprotegeram vulner\u00e1veis, liberaram o uso de agrot\u00f3xicos antes proibidos, afrouxaram o controle de desmatamentos e, por isso, n\u00e3o favoreceram o bem comum e a paz social. \u00c9 insustent\u00e1vel uma economia que insiste no neoliberalismo, que privilegia o monop\u00f3lio de pequenos grupos poderosos em detrimento da grande maioria da popula\u00e7\u00e3o.<\/em><\/p>\n<\/div>\n<div class=\"mc-column content-text active-extra-styles \" style=\"text-align: justify;\" data-block-type=\"unstyled\" data-block-weight=\"136\" data-block-id=\"33\">\n<p class=\"content-text__container \" data-track-category=\"Link no Texto\" data-track-links=\"\"><em>O sistema do atual governo n\u00e3o coloca no centro a pessoa humana e o bem de todos, mas a defesa intransigente dos interesses de uma \u201ceconomia que mata\u201d (Alegria do Evangelho, 53), centrada no mercado e no lucro a qualquer pre\u00e7o. Convivemos, assim, com a incapacidade e a incompet\u00eancia do Governo Federal, para coordenar suas a\u00e7\u00f5es, agravadas pelo fato de ele se colocar contra a ci\u00eancia, contra estados e munic\u00edpios, contra poderes da Rep\u00fablica; por se aproximar do totalitarismo e utilizar de expedientes conden\u00e1veis, como o apoio e o est\u00edmulo a atos contra a democracia, a flexibiliza\u00e7\u00e3o das leis de tr\u00e2nsito e do uso de armas de fogo pela popula\u00e7\u00e3o, e das leis do tr\u00e2nsito e o recurso \u00e0 pr\u00e1tica de suspeitas a\u00e7\u00f5es de comunica\u00e7\u00e3o, como as not\u00edcias falsas, que mobilizam uma massa de seguidores radicais.<\/em><\/p>\n<\/div>\n<div class=\"mc-column content-text active-extra-styles \" style=\"text-align: justify;\" data-block-type=\"unstyled\" data-block-weight=\"159\" data-block-id=\"34\">\n<p class=\"content-text__container \" data-track-category=\"Link no Texto\" data-track-links=\"\"><em>O desprezo pela educa\u00e7\u00e3o, cultura, sa\u00fade e pela diplomacia tamb\u00e9m nos estarrece. Esse desprezo \u00e9 vis\u00edvel nas demonstra\u00e7\u00f5es de raiva pela educa\u00e7\u00e3o p\u00fablica; no apelo a ideias obscurantistas; na escolha da educa\u00e7\u00e3o como inimiga; nos sucessivos e grosseiros erros na escolha dos ministros da educa\u00e7\u00e3o e do meio ambiente e do secret\u00e1rio da cultura; no desconhecimento e deprecia\u00e7\u00e3o de processos pedag\u00f3gicos e de importantes pensadores do Brasil; na repugn\u00e2ncia pela consci\u00eancia cr\u00edtica e pela liberdade de pensamento e de imprensa; na desqualifica\u00e7\u00e3o das rela\u00e7\u00f5es diplom\u00e1ticas com v\u00e1rios pa\u00edses; na indiferen\u00e7a pelo fato de o Brasil ocupar um dos primeiros lugares em n\u00famero de infectados e mortos pela pandemia sem, sequer, ter um ministro titular no Minist\u00e9rio da Sa\u00fade; na desnecess\u00e1ria tens\u00e3o com os outros entes da Rep\u00fablica na coordena\u00e7\u00e3o do enfrentamento da pandemia; na falta de sensibilidade para com os familiares dos mortos pelo novo coronav\u00edrus e pelos profissionais da sa\u00fade, que est\u00e3o adoecendo nos esfor\u00e7os para salvar vidas.<\/em><\/p>\n<\/div>\n<div class=\"mc-column content-text active-extra-styles \" style=\"text-align: justify;\" data-block-type=\"unstyled\" data-block-weight=\"71\" data-block-id=\"36\">\n<p class=\"content-text__container \" data-track-category=\"Link no Texto\" data-track-links=\"\"><em>No plano econ\u00f4mico, o ministro da economia desdenha dos pequenos empres\u00e1rios, respons\u00e1veis pela maioria dos empregos no Pa\u00eds, privilegiando apenas grandes grupos econ\u00f4micos, concentradores de renda e os grupos financeiros que nada produzem. A recess\u00e3o que nos assombra pode fazer o n\u00famero de desempregados ultrapassar 20 milh\u00f5es de brasileiros. H\u00e1 uma brutal descontinuidade da destina\u00e7\u00e3o de recursos para as pol\u00edticas p\u00fablicas no campo da alimenta\u00e7\u00e3o, educa\u00e7\u00e3o, moradia e gera\u00e7\u00e3o de renda.<\/em><\/p>\n<\/div>\n<div class=\"mc-column content-text active-extra-styles \" style=\"text-align: justify;\" data-block-type=\"unstyled\" data-block-weight=\"158\" data-block-id=\"37\">\n<p class=\"content-text__container \" data-track-category=\"Link no Texto\" data-track-links=\"\"><em>Fechando os olhos aos apelos de entidades nacionais e internacionais, o Governo Federal demonstra omiss\u00e3o, apatia e recha\u00e7o pelos mais pobres e vulner\u00e1veis da sociedade, quais sejam: as comunidades ind\u00edgenas, quilombolas, ribeirinhas, as popula\u00e7\u00f5es das periferias urbanas, dos corti\u00e7os e o povo que vive nas ruas, aos milhares, em todo o Brasil. Estes s\u00e3o os mais atingidos pela pandemia do novo coronav\u00edrus e, lamentavelmente, n\u00e3o vislumbram medida efetiva que os levem a ter esperan\u00e7a de superar as crises sanit\u00e1ria e econ\u00f4mica que lhes s\u00e3o impostas de forma cruel. O Presidente da Rep\u00fablica, h\u00e1 poucos dias, no Plano Emergencial para Enfrentamento \u00e0 COVID-19, aprovado no legislativo federal, sob o argumento de n\u00e3o haver previs\u00e3o or\u00e7ament\u00e1ria, dentre outros pontos, vetou o acesso a \u00e1gua pot\u00e1vel, material de higiene, oferta de leitos hospitalares e de terapia intensiva, ventiladores e m\u00e1quinas de oxigena\u00e7\u00e3o sangu\u00ednea, nos territ\u00f3rios ind\u00edgenas, quilombolas e de comunidades tradicionais (Cf. Presid\u00eancia da CNBB, Carta Aberta ao Congresso Nacional, 13\/07\/2020).<\/em><\/p>\n<\/div>\n<div class=\"mc-column content-text active-extra-styles \" style=\"text-align: justify;\" data-block-type=\"unstyled\" data-block-weight=\"95\" data-block-id=\"38\">\n<p class=\"content-text__container \" data-track-category=\"Link no Texto\" data-track-links=\"\"><em>At\u00e9 a religi\u00e3o \u00e9 utilizada para manipular sentimentos e cren\u00e7as, provocar divis\u00f5es, difundir o \u00f3dio, criar tens\u00f5es entre igrejas e seus l\u00edderes. Ressalte-se o quanto \u00e9 perniciosa toda associa\u00e7\u00e3o entre religi\u00e3o e poder no Estado laico, especialmente a associa\u00e7\u00e3o entre grupos religiosos fundamentalistas e a manuten\u00e7\u00e3o do poder autorit\u00e1rio. Como n\u00e3o ficarmos indignados diante do uso do nome de Deus e de sua Santa Palavra, misturados a falas e posturas preconceituosas, que incitam ao \u00f3dio, ao inv\u00e9s de pregar o amor, para legitimar pr\u00e1ticas que n\u00e3o condizem com o Reino de Deus e sua justi\u00e7a?<\/em><\/p>\n<\/div>\n<div class=\"mc-column content-text active-extra-styles \" style=\"text-align: justify;\" data-block-type=\"unstyled\" data-block-weight=\"153\" data-block-id=\"40\">\n<p class=\"content-text__container \" data-track-category=\"Link no Texto\" data-track-links=\"\"><em>O momento \u00e9 de unidade no respeito \u00e0 pluralidade! Por isso, propomos um amplo di\u00e1logo nacional que envolva humanistas, os comprometidos com a democracia, movimentos sociais, homens e mulheres de boa vontade, para que seja restabelecido o respeito \u00e0 Constitui\u00e7\u00e3o Federal e ao Estado Democr\u00e1tico de Direito, com \u00e9tica na pol\u00edtica, com transpar\u00eancia das informa\u00e7\u00f5es e dos gastos p\u00fablicos, com uma economia que vise ao bem comum, com justi\u00e7a socioambiental, com \u201cterra, teto e trabalho\u201d, com alegria e prote\u00e7\u00e3o da fam\u00edlia, com educa\u00e7\u00e3o e sa\u00fade integrais e de qualidade para todos. Estamos comprometidos com o recente \u201cPacto pela vida e pelo Brasil\u201d, da CNBB e entidades da sociedade civil brasileira, e em sintonia com o Papa Francisco, que convoca a humanidade para pensar um novo \u201cPacto Educativo Global\u201d e a nova \u201cEconomia de Francisco e Clara\u201d, bem como, unimo-nos aos movimentos eclesiais e populares que buscam novas e urgentes alternativas para o Brasil.<\/em><\/p>\n<\/div>\n<div class=\"mc-column content-text active-extra-styles \" style=\"text-align: justify;\" data-block-type=\"unstyled\" data-block-weight=\"77\" data-block-id=\"41\">\n<p class=\"content-text__container \" data-track-category=\"Link no Texto\" data-track-links=\"\"><em>Neste tempo da pandemia que nos obriga ao distanciamento social e nos ensina um \u201cnovo normal\u201d, estamos redescobrindo nossas casas e fam\u00edlias como nossa Igreja dom\u00e9stica, um espa\u00e7o do encontro com Deus e com os irm\u00e3os e irm\u00e3s. \u00c9 sobretudo nesse ambiente que deve brilhar a luz do Evangelho que nos faz compreender que este tempo n\u00e3o \u00e9 para a indiferen\u00e7a, para ego\u00edsmos, para divis\u00f5es nem para o esquecimento (cf. Papa Francisco, Mensagem Urbi et Orbi, 12\/4\/20).<\/em><\/p>\n<\/div>\n<div class=\"mc-column content-text active-extra-styles \" style=\"text-align: justify;\" data-block-type=\"unstyled\" data-block-weight=\"53\" data-block-id=\"42\">\n<p class=\"content-text__container \" data-track-category=\"Link no Texto\" data-track-links=\"\"><em>Despertemo-nos, portanto, do sono que nos imobiliza e nos faz meros espectadores da realidade de milhares de mortes e da viol\u00eancia que nos assolam. Com o ap\u00f3stolo S\u00e3o Paulo, alertamos que \u201ca noite vai avan\u00e7ada e o dia se aproxima; rejeitemos as obras das trevas e vistamos a armadura da luz\u201d (Rm 13,12).<\/em><\/p>\n<\/div>\n<div class=\"mc-column content-text active-extra-styles \" style=\"text-align: justify;\" data-block-type=\"unstyled\" data-block-weight=\"18\" data-block-id=\"43\">\n<p class=\"content-text__container \" data-track-category=\"Link no Texto\" data-track-links=\"\"><em>O Senhor vos aben\u00e7oe e vos guarde. Ele vos mostre a sua face e se compade\u00e7a de v\u00f3s.<\/em><\/p>\n<\/div>\n<div class=\"mc-column content-text active-extra-styles \" data-block-type=\"unstyled\" data-block-weight=\"16\" data-block-id=\"45\">\n<p class=\"content-text__container \" style=\"text-align: justify;\" data-track-category=\"Link no Texto\" data-track-links=\"\"><em>O Senhor volte para v\u00f3s o seu olhar e vos d\u00ea a sua paz! (Nm 6,24-26).&#8221;<\/em><\/p>\n<pre data-track-category=\"Link no Texto\">Fonte: G1<\/pre>\n<\/div>\n<\/div>\n","protected":false},"excerpt":{"rendered":"<p>Documento ainda seria analisado por conselho da Confer\u00eancia Nacional, mas acabou vazado neste domingo (26). Pal\u00e1cio do Planalto disse que n\u00e3o vai comentar caso.<\/p>\n","protected":false},"author":1,"featured_media":13027,"comment_status":"open","ping_status":"open","sticky":false,"template":"","format":"standard","meta":{"_uag_custom_page_level_css":"","_monsterinsights_skip_tracking":false,"_monsterinsights_sitenote_active":false,"_monsterinsights_sitenote_note":"","_monsterinsights_sitenote_category":0,"jetpack_post_was_ever_published":false,"_jetpack_newsletter_access":"","_jetpack_dont_email_post_to_subs":false,"_jetpack_newsletter_tier_id":0,"_jetpack_memberships_contains_paywalled_content":false,"_jetpack_memberships_contains_paid_content":false,"footnotes":"","jetpack_publicize_message":"","jetpack_publicize_feature_enabled":true,"jetpack_social_post_already_shared":true,"jetpack_social_options":{"image_generator_settings":{"template":"highway","default_image_id":0,"font":"","enabled":false},"version":2}},"categories":[203],"tags":[],"class_list":["post-13026","post","type-post","status-publish","format-standard","has-post-thumbnail","hentry","category-juazeiro"],"jetpack_publicize_connections":[],"jetpack_featured_media_url":"https:\/\/blogopara.com.br\/wp-content\/uploads\/2020\/07\/cnbb.jpg","uagb_featured_image_src":{"full":["https:\/\/blogopara.com.br\/wp-content\/uploads\/2020\/07\/cnbb.jpg",500,333,false],"thumbnail":["https:\/\/blogopara.com.br\/wp-content\/uploads\/2020\/07\/cnbb-150x150.jpg",150,150,true],"medium":["https:\/\/blogopara.com.br\/wp-content\/uploads\/2020\/07\/cnbb-300x200.jpg",300,200,true],"medium_large":["https:\/\/blogopara.com.br\/wp-content\/uploads\/2020\/07\/cnbb.jpg",500,333,false],"large":["https:\/\/blogopara.com.br\/wp-content\/uploads\/2020\/07\/cnbb.jpg",500,333,false],"1536x1536":["https:\/\/blogopara.com.br\/wp-content\/uploads\/2020\/07\/cnbb.jpg",500,333,false],"2048x2048":["https:\/\/blogopara.com.br\/wp-content\/uploads\/2020\/07\/cnbb.jpg",500,333,false],"mantranews-slider-large":["https:\/\/blogopara.com.br\/wp-content\/uploads\/2020\/07\/cnbb.jpg",500,333,false],"mantranews-featured-medium":["https:\/\/blogopara.com.br\/wp-content\/uploads\/2020\/07\/cnbb-420x307.jpg",420,307,true],"mantranews-featured-long":["https:\/\/blogopara.com.br\/wp-content\/uploads\/2020\/07\/cnbb-300x333.jpg",300,333,true],"mantranews-block-medium":["https:\/\/blogopara.com.br\/wp-content\/uploads\/2020\/07\/cnbb-464x290.jpg",464,290,true],"mantranews-carousel-image":["https:\/\/blogopara.com.br\/wp-content\/uploads\/2020\/07\/cnbb.jpg",500,333,false],"mantranews-block-thumb":["https:\/\/blogopara.com.br\/wp-content\/uploads\/2020\/07\/cnbb-322x230.jpg",322,230,true],"mantranews-single-large":["https:\/\/blogopara.com.br\/wp-content\/uploads\/2020\/07\/cnbb.jpg",500,333,false]},"uagb_author_info":{"display_name":"Reda\u00e7\u00e3o geral","author_link":"https:\/\/blogopara.com.br\/index.php\/author\/blogopara"},"uagb_comment_info":0,"uagb_excerpt":"Documento ainda seria analisado por conselho da Confer\u00eancia Nacional, mas acabou vazado neste domingo (26). Pal\u00e1cio do Planalto disse que n\u00e3o vai comentar caso.","jetpack_sharing_enabled":true,"jetpack_likes_enabled":true,"_links":{"self":[{"href":"https:\/\/blogopara.com.br\/index.php\/wp-json\/wp\/v2\/posts\/13026","targetHints":{"allow":["GET"]}}],"collection":[{"href":"https:\/\/blogopara.com.br\/index.php\/wp-json\/wp\/v2\/posts"}],"about":[{"href":"https:\/\/blogopara.com.br\/index.php\/wp-json\/wp\/v2\/types\/post"}],"author":[{"embeddable":true,"href":"https:\/\/blogopara.com.br\/index.php\/wp-json\/wp\/v2\/users\/1"}],"replies":[{"embeddable":true,"href":"https:\/\/blogopara.com.br\/index.php\/wp-json\/wp\/v2\/comments?post=13026"}],"version-history":[{"count":1,"href":"https:\/\/blogopara.com.br\/index.php\/wp-json\/wp\/v2\/posts\/13026\/revisions"}],"predecessor-version":[{"id":13028,"href":"https:\/\/blogopara.com.br\/index.php\/wp-json\/wp\/v2\/posts\/13026\/revisions\/13028"}],"wp:featuredmedia":[{"embeddable":true,"href":"https:\/\/blogopara.com.br\/index.php\/wp-json\/wp\/v2\/media\/13027"}],"wp:attachment":[{"href":"https:\/\/blogopara.com.br\/index.php\/wp-json\/wp\/v2\/media?parent=13026"}],"wp:term":[{"taxonomy":"category","embeddable":true,"href":"https:\/\/blogopara.com.br\/index.php\/wp-json\/wp\/v2\/categories?post=13026"},{"taxonomy":"post_tag","embeddable":true,"href":"https:\/\/blogopara.com.br\/index.php\/wp-json\/wp\/v2\/tags?post=13026"}],"curies":[{"name":"wp","href":"https:\/\/api.w.org\/{rel}","templated":true}]}}