{"id":13054,"date":"2020-07-28T10:04:36","date_gmt":"2020-07-28T13:04:36","guid":{"rendered":"http:\/\/blogopara.com.br\/?p=13054"},"modified":"2020-07-28T10:04:44","modified_gmt":"2020-07-28T13:04:44","slug":"pesquisadores-identificam-mudanca-atipica-em-registro-de-recuperados-da-bahia","status":"publish","type":"post","link":"https:\/\/blogopara.com.br\/index.php\/2020\/07\/28\/pesquisadores-identificam-mudanca-atipica-em-registro-de-recuperados-da-bahia","title":{"rendered":"Pesquisadores identificam &#8216;mudan\u00e7a at\u00edpica&#8217; em registro de recuperados da Bahia"},"content":{"rendered":"<p style=\"text-align: justify;\">Um grupo Internacional de Engenharia de Controle para Enfrentamento do Covid-19 identificou uma \u201cmudan\u00e7a at\u00edpica\u201d nos dados de recuperados da Bahia nos \u00faltimos 12 dias. Os especialistas estudam os dados da pandemia no estado e no Brasil e aplicam c\u00e1lculos matem\u00e1ticos para tra\u00e7ar modelos epidemiol\u00f3gicos e sistemas computacionais que possibilitem previs\u00f5es e tomadas de decis\u00e3o para o controle da Covid-19 (<a href=\"https:\/\/www.bahianoticias.com.br\/saude\/noticia\/24377-modelo-epidemiologico-de-pesquisadores-coloca-bahia-distante-do-pico-da-covid-19.html\" target=\"_blank\" rel=\"noopener noreferrer\">entenda melhor aqui<\/a>).<\/p>\n<p style=\"text-align: justify;\">Um dos pesquisadores do grupo, o professor Marcus Americano, da Universidade Federal da Bahia (Ufba), explica que eles notaram a mudan\u00e7a, mas ainda n\u00e3o sabem apontar o motivo. Os dados podem ser atribu\u00eddos a in\u00fameros fatores, que ser\u00e3o investigados pelo grupo.<\/p>\n<p style=\"text-align: justify;\">\u201cA gente n\u00e3o sabe o porqu\u00ea, basicamente foi uma mudan\u00e7a muito dr\u00e1stica no n\u00famero de recuperados, que subiu de forma at\u00edpica. Obviamente que n\u00e3o representa a realidade\u201d, disse Marcus. \u201cPode ter sido simplesmente pelo registro de dados, uma mudan\u00e7a de protocolo, ou na comunica\u00e7\u00e3o entre as secretarias de sa\u00fade dos munic\u00edpios, mas houve uma altera\u00e7\u00e3o muito forte que afetou nossa curva epid\u00eamica\u201d, acrescentou.<\/p>\n<p style=\"text-align: justify;\">O professor da Ufba ressalta que a mudan\u00e7a at\u00edpica reflete no n\u00famero de infectados ativos, e o resultado \u00e9 que torna dif\u00edcil a identifica\u00e7\u00e3o do est\u00e1gio na pandemia na Bahia. \u201cHoje a gente n\u00e3o tem como dizer qual a situa\u00e7\u00e3o epid\u00eamica verdadeira no estado\u201d, argumentou Americano.<\/p>\n<p style=\"text-align: justify;\">No per\u00edodo citado pelo professor, o registro de recuperados da Covid-19 na Bahia, com base no boletim da Secretaria da Sa\u00fade (Sesab), saltou de 91.096 (em 16 de julho) para os atuais 132.944. Uma diferen\u00e7a de 41.848, ou 45%. Enquanto os casos ativos foram de 22.584 para 12.938 no mesmo per\u00edodo. Os casos totais passaram de 116.373 para 149.109.<\/p>\n<p style=\"text-align: justify;\">A Sesab explicou que os casos ativos s\u00e3o monitorados pelo aplicativo Monitora e pelo Telecoronav\u00edrus. E que \u201ccomo regra geral, desde que n\u00e3o esteja internado, se considera pacientes recuperados\/curados\u00a0todos aqueles que passaram de 14 dias desde o in\u00edcio dos sintomas\u201d.\u00a0Sobre o c\u00e1lculo do n\u00famero de recuperados e ativos divulgado diariamente, a pasta explica que se trata do resultado da subtra\u00e7\u00e3o dos casos confirmados, menos os \u00f3bitos, menos os casos recuperados.<\/p>\n<p style=\"text-align: justify;\">RESPOSTA &#8216;\u00d3TIMA&#8217;\u00a0\u00c0 PANDEMIA<\/p>\n<p style=\"text-align: justify;\">Al\u00e9m de Marcus, integram o estudo os especialistas Igor Pataro da Universidade de Almer\u00eda na Espanha, e Marcelo Menezes Morato e Julio E. Normey Rico da Universidade Federal de Santa Catarina. Eles ainda trabalham em conjunto com a Funda\u00e7\u00e3o Oswaldo Cruz (Fiocruz), a Rede CoVida\u00a0e o Centro de Integra\u00e7\u00e3o de Dados e Conhecimentos para Sa\u00fade (Cidacs).<\/p>\n<p style=\"text-align: justify;\">Os pesquisadores analisam os dados da pandemia no sentido de otimizar fatores de sa\u00fade e econ\u00f4micos de maneira que se minimize o n\u00famero de leitos cl\u00ednicos\u00a0e de UTI. Dados como esses s\u00e3o os indicadores utilizados, por exemplo, pela prefeitura de Salvador para a flexibiliza\u00e7\u00e3o da quarentena e reabertura do com\u00e9rcio e das atividades.<\/p>\n<p style=\"text-align: justify;\">\u201cNossa proposta, com base nos modelos matem\u00e1ticos, \u00e9 um sistema de controle que calcula o melhor distanciamento social poss\u00edvel considerando aspectos econ\u00f4micos e da sa\u00fade, a fim de que possa minimizar o uso de leitos\u201d, explicou Marcus.<\/p>\n<p style=\"text-align: justify;\">Os estudos at\u00e9 o momento indicam que, do ponto de vista da sa\u00fade, o ideal seria a ado\u00e7\u00e3o de um lockdown, que \u00e9 o fechamento total. A medida foi sugerida para Salvador tamb\u00e9m pelo Comit\u00ea Cient\u00edfico do Cons\u00f3rcio Nordeste (<a href=\"https:\/\/www.bahianoticias.com.br\/noticia\/250373-comite-cientifico-recomenda-lockdown-em-salvador-e-mais-3-cidades-baianas.html\" target=\"_blank\" rel=\"noopener noreferrer\">lembre aqui<\/a>). No entanto, do ponto de vista econ\u00f4mico o fechamento total \u00e9 um problema.<\/p>\n<p style=\"text-align: justify;\">Diante disso, os pesquisadores calculam matematicamente medidas sustent\u00e1veis com uma pondera\u00e7\u00e3o entre economia e sa\u00fade. Marcus Americano explica que nesse sentido seria necess\u00e1rio um c\u00e1lculo semanal de grau de distanciamento necess\u00e1rio para manter a epidemia controlada sem afetar totalmente a economia.<\/p>\n<p style=\"text-align: justify;\">\u201cMapear o isolamento social, a fim de propor uma porcentagem de distanciamento que iria determinar o fechamento de X% do transporte, do com\u00e9rcio de utens\u00edlios, academias, etc\u201d, explicou.<\/p>\n<pre>Fonte: Bahia Not\u00edcias<\/pre>\n<div id=\"div-gpt-ad-bn_saude_conteudo\" data-google-query-id=\"CPeNh8n_7-oCFegxuQYd7QAN_g\">\n<div id=\"google_ads_iframe_\/123935210\/Bahia_Noticias\/bn_saude_conteudo_0__container__\" style=\"text-align: justify;\"><\/div>\n<\/div>\n","protected":false},"excerpt":{"rendered":"<p>Um grupo Internacional de Engenharia de Controle para Enfrentamento do Covid-19 identificou uma \u201cmudan\u00e7a at\u00edpica\u201d nos dados de recuperados da Bahia nos \u00faltimos 12 dias. Os especialistas estudam os dados da pandemia no estado e no Brasil e aplicam c\u00e1lculos matem\u00e1ticos para tra\u00e7ar modelos epidemiol\u00f3gicos e sistemas computacionais que possibilitem previs\u00f5es e tomadas de decis\u00e3o [&hellip;]<\/p>\n","protected":false},"author":1,"featured_media":13055,"comment_status":"open","ping_status":"open","sticky":false,"template":"","format":"standard","meta":{"_uag_custom_page_level_css":"","_monsterinsights_skip_tracking":false,"_monsterinsights_sitenote_active":false,"_monsterinsights_sitenote_note":"","_monsterinsights_sitenote_category":0,"jetpack_post_was_ever_published":false,"_jetpack_newsletter_access":"","_jetpack_dont_email_post_to_subs":false,"_jetpack_newsletter_tier_id":0,"_jetpack_memberships_contains_paywalled_content":false,"_jetpack_memberships_contains_paid_content":false,"footnotes":"","jetpack_publicize_message":"","jetpack_publicize_feature_enabled":true,"jetpack_social_post_already_shared":true,"jetpack_social_options":{"image_generator_settings":{"template":"highway","default_image_id":0,"font":"","enabled":false},"version":2}},"categories":[199,205],"tags":[],"class_list":["post-13054","post","type-post","status-publish","format-standard","has-post-thumbnail","hentry","category-bahia","category-saude"],"jetpack_publicize_connections":[],"jetpack_featured_media_url":"https:\/\/blogopara.com.br\/wp-content\/uploads\/2020\/07\/download-5.jpg","uagb_featured_image_src":{"full":["https:\/\/blogopara.com.br\/wp-content\/uploads\/2020\/07\/download-5.jpg",400,260,false],"thumbnail":["https:\/\/blogopara.com.br\/wp-content\/uploads\/2020\/07\/download-5-150x150.jpg",150,150,true],"medium":["https:\/\/blogopara.com.br\/wp-content\/uploads\/2020\/07\/download-5-300x195.jpg",300,195,true],"medium_large":["https:\/\/blogopara.com.br\/wp-content\/uploads\/2020\/07\/download-5.jpg",400,260,false],"large":["https:\/\/blogopara.com.br\/wp-content\/uploads\/2020\/07\/download-5.jpg",400,260,false],"1536x1536":["https:\/\/blogopara.com.br\/wp-content\/uploads\/2020\/07\/download-5.jpg",400,260,false],"2048x2048":["https:\/\/blogopara.com.br\/wp-content\/uploads\/2020\/07\/download-5.jpg",400,260,false],"mantranews-slider-large":["https:\/\/blogopara.com.br\/wp-content\/uploads\/2020\/07\/download-5.jpg",400,260,false],"mantranews-featured-medium":["https:\/\/blogopara.com.br\/wp-content\/uploads\/2020\/07\/download-5.jpg",400,260,false],"mantranews-featured-long":["https:\/\/blogopara.com.br\/wp-content\/uploads\/2020\/07\/download-5-300x260.jpg",300,260,true],"mantranews-block-medium":["https:\/\/blogopara.com.br\/wp-content\/uploads\/2020\/07\/download-5.jpg",400,260,false],"mantranews-carousel-image":["https:\/\/blogopara.com.br\/wp-content\/uploads\/2020\/07\/download-5.jpg",400,260,false],"mantranews-block-thumb":["https:\/\/blogopara.com.br\/wp-content\/uploads\/2020\/07\/download-5-322x230.jpg",322,230,true],"mantranews-single-large":["https:\/\/blogopara.com.br\/wp-content\/uploads\/2020\/07\/download-5.jpg",400,260,false]},"uagb_author_info":{"display_name":"Reda\u00e7\u00e3o geral","author_link":"https:\/\/blogopara.com.br\/index.php\/author\/blogopara"},"uagb_comment_info":0,"uagb_excerpt":"Um grupo Internacional de Engenharia de Controle para Enfrentamento do Covid-19 identificou uma \u201cmudan\u00e7a at\u00edpica\u201d nos dados de recuperados da Bahia nos \u00faltimos 12 dias. Os especialistas estudam os dados da pandemia no estado e no Brasil e aplicam c\u00e1lculos matem\u00e1ticos para tra\u00e7ar modelos epidemiol\u00f3gicos e sistemas computacionais que possibilitem previs\u00f5es e tomadas de decis\u00e3o&hellip;","jetpack_sharing_enabled":true,"jetpack_likes_enabled":true,"_links":{"self":[{"href":"https:\/\/blogopara.com.br\/index.php\/wp-json\/wp\/v2\/posts\/13054","targetHints":{"allow":["GET"]}}],"collection":[{"href":"https:\/\/blogopara.com.br\/index.php\/wp-json\/wp\/v2\/posts"}],"about":[{"href":"https:\/\/blogopara.com.br\/index.php\/wp-json\/wp\/v2\/types\/post"}],"author":[{"embeddable":true,"href":"https:\/\/blogopara.com.br\/index.php\/wp-json\/wp\/v2\/users\/1"}],"replies":[{"embeddable":true,"href":"https:\/\/blogopara.com.br\/index.php\/wp-json\/wp\/v2\/comments?post=13054"}],"version-history":[{"count":1,"href":"https:\/\/blogopara.com.br\/index.php\/wp-json\/wp\/v2\/posts\/13054\/revisions"}],"predecessor-version":[{"id":13056,"href":"https:\/\/blogopara.com.br\/index.php\/wp-json\/wp\/v2\/posts\/13054\/revisions\/13056"}],"wp:featuredmedia":[{"embeddable":true,"href":"https:\/\/blogopara.com.br\/index.php\/wp-json\/wp\/v2\/media\/13055"}],"wp:attachment":[{"href":"https:\/\/blogopara.com.br\/index.php\/wp-json\/wp\/v2\/media?parent=13054"}],"wp:term":[{"taxonomy":"category","embeddable":true,"href":"https:\/\/blogopara.com.br\/index.php\/wp-json\/wp\/v2\/categories?post=13054"},{"taxonomy":"post_tag","embeddable":true,"href":"https:\/\/blogopara.com.br\/index.php\/wp-json\/wp\/v2\/tags?post=13054"}],"curies":[{"name":"wp","href":"https:\/\/api.w.org\/{rel}","templated":true}]}}