{"id":13061,"date":"2020-07-28T15:10:39","date_gmt":"2020-07-28T18:10:39","guid":{"rendered":"http:\/\/blogopara.com.br\/?p=13061"},"modified":"2020-07-28T15:10:43","modified_gmt":"2020-07-28T18:10:43","slug":"apos-decisao-judicial-quilombo-do-rio-dos-macacos-recebe-titulacao-de-terras","status":"publish","type":"post","link":"https:\/\/blogopara.com.br\/index.php\/2020\/07\/28\/apos-decisao-judicial-quilombo-do-rio-dos-macacos-recebe-titulacao-de-terras","title":{"rendered":"Ap\u00f3s decis\u00e3o judicial, Quilombo do Rio dos Macacos recebe titula\u00e7\u00e3o de terras"},"content":{"rendered":"<p style=\"text-align: justify;\" xml:lang=\"PT-BR\">A comunidade remanescente quilombola\u00a0Rio\u00a0dos\u00a0Macacos,\u00a0localizada\u00a0em Sim\u00f5es Filho, regi\u00e3o metropolitana de Salvador,\u00a0assinou nesta ter\u00e7a-feira (28) o documento de\u00a0titula\u00e7\u00e3o das\u00a0terras\u00a0outorgado\u00a0pelo Instituto Nacional de Coloniza\u00e7\u00e3o e\u00a0Reforma Agr\u00e1ria (Incra). A assinatura aconteceu na\u00a0Superintend\u00eancia Regional do Incra na Bahia, localizada no Centro Administrativo.<\/p>\n<p style=\"text-align: justify;\" xml:lang=\"PT-BR\">A titula\u00e7\u00e3o ocorre por for\u00e7a de uma decis\u00e3o judicial proferida em outubro de 2019. A a\u00e7\u00e3o foi movida Defensoria P\u00fablica da Uni\u00e3o na Bahia (DPU-BA) e o Minist\u00e9rio P\u00fablico Federal baiano (MPF) para que o Incra conclu\u00edsse o processo de demarca\u00e7\u00e3o e titula\u00e7\u00e3o das terras da comunidade.<\/p>\n<p style=\"text-align: justify;\" xml:lang=\"PT-BR\">A\u00a0DPU atua na defesa do grupo\u00a0quilombola, que\u00a0disputa o terreno com a Marinha desde\u00a02010.\u00a0Na a\u00e7\u00e3o ajuizada em julho de 2019,\u00a0o defensor regional de Direitos Humanos da DPU na Bahia,\u00a0Vladimir Correia, e o\u00a0procurador da Rep\u00fablica\u00a0Leandro Nunes\u00a0argumentaram\u00a0que a aus\u00eancia de finaliza\u00e7\u00e3o do processo de titula\u00e7\u00e3o impedia\u00a0a efetiva\u00e7\u00e3o\u00a0dos\u00a0programas de pol\u00edticas p\u00fablicas em prol da comunidade.<\/p>\n<p style=\"text-align: justify;\" xml:lang=\"PT-BR\">Em cumprimento \u00e0 decis\u00e3o judicial favor\u00e1vel ao grupo, o instituto reconheceu as terras como \u00e1rea remanescente de quilombo, destinada a atividades que possam garantir a autossustentabilidade da comunidade e a preserva\u00e7\u00e3o dos seus aspectos sociais, culturais e hist\u00f3ricos.<\/p>\n<p style=\"text-align: justify;\" xml:lang=\"PT-BR\">A \u00e1rea demarcada pelo Incra corresponde a cerca de 98 hectares.\u00a0Correia afirma que a assinatura dos t\u00edtulos de terra facilitar\u00e1 o acesso a servi\u00e7os p\u00fablicos pela comunidade, al\u00e9m de garantir a estabilidade e\u00a0posse do terreno.<\/p>\n","protected":false},"excerpt":{"rendered":"<p>A comunidade remanescente quilombola\u00a0Rio\u00a0dos\u00a0Macacos,\u00a0localizada\u00a0em Sim\u00f5es Filho, regi\u00e3o metropolitana de Salvador,\u00a0assinou nesta ter\u00e7a-feira (28) o documento de\u00a0titula\u00e7\u00e3o das\u00a0terras\u00a0outorgado\u00a0pelo Instituto Nacional de Coloniza\u00e7\u00e3o e\u00a0Reforma Agr\u00e1ria (Incra). A assinatura aconteceu na\u00a0Superintend\u00eancia Regional do Incra na Bahia, localizada no Centro Administrativo. A titula\u00e7\u00e3o ocorre por for\u00e7a de uma decis\u00e3o judicial proferida em outubro de 2019. A a\u00e7\u00e3o foi movida [&hellip;]<\/p>\n","protected":false},"author":1,"featured_media":13062,"comment_status":"open","ping_status":"open","sticky":false,"template":"","format":"standard","meta":{"_uag_custom_page_level_css":"","_monsterinsights_skip_tracking":false,"_monsterinsights_sitenote_active":false,"_monsterinsights_sitenote_note":"","_monsterinsights_sitenote_category":0,"jetpack_post_was_ever_published":false,"_jetpack_newsletter_access":"","_jetpack_dont_email_post_to_subs":false,"_jetpack_newsletter_tier_id":0,"_jetpack_memberships_contains_paywalled_content":false,"_jetpack_memberships_contains_paid_content":false,"footnotes":"","jetpack_publicize_message":"","jetpack_publicize_feature_enabled":true,"jetpack_social_post_already_shared":true,"jetpack_social_options":{"image_generator_settings":{"template":"highway","default_image_id":0,"font":"","enabled":false},"version":2}},"categories":[199,204],"tags":[],"class_list":["post-13061","post","type-post","status-publish","format-standard","has-post-thumbnail","hentry","category-bahia","category-social"],"jetpack_publicize_connections":[],"jetpack_featured_media_url":"https:\/\/blogopara.com.br\/wp-content\/uploads\/2020\/07\/IMAGEM_NOTICIA_5-1-1.jpg","uagb_featured_image_src":{"full":["https:\/\/blogopara.com.br\/wp-content\/uploads\/2020\/07\/IMAGEM_NOTICIA_5-1-1.jpg",400,294,false],"thumbnail":["https:\/\/blogopara.com.br\/wp-content\/uploads\/2020\/07\/IMAGEM_NOTICIA_5-1-1-150x150.jpg",150,150,true],"medium":["https:\/\/blogopara.com.br\/wp-content\/uploads\/2020\/07\/IMAGEM_NOTICIA_5-1-1-300x221.jpg",300,221,true],"medium_large":["https:\/\/blogopara.com.br\/wp-content\/uploads\/2020\/07\/IMAGEM_NOTICIA_5-1-1.jpg",400,294,false],"large":["https:\/\/blogopara.com.br\/wp-content\/uploads\/2020\/07\/IMAGEM_NOTICIA_5-1-1.jpg",400,294,false],"1536x1536":["https:\/\/blogopara.com.br\/wp-content\/uploads\/2020\/07\/IMAGEM_NOTICIA_5-1-1.jpg",400,294,false],"2048x2048":["https:\/\/blogopara.com.br\/wp-content\/uploads\/2020\/07\/IMAGEM_NOTICIA_5-1-1.jpg",400,294,false],"mantranews-slider-large":["https:\/\/blogopara.com.br\/wp-content\/uploads\/2020\/07\/IMAGEM_NOTICIA_5-1-1.jpg",400,294,false],"mantranews-featured-medium":["https:\/\/blogopara.com.br\/wp-content\/uploads\/2020\/07\/IMAGEM_NOTICIA_5-1-1.jpg",400,294,false],"mantranews-featured-long":["https:\/\/blogopara.com.br\/wp-content\/uploads\/2020\/07\/IMAGEM_NOTICIA_5-1-1-300x294.jpg",300,294,true],"mantranews-block-medium":["https:\/\/blogopara.com.br\/wp-content\/uploads\/2020\/07\/IMAGEM_NOTICIA_5-1-1-400x290.jpg",400,290,true],"mantranews-carousel-image":["https:\/\/blogopara.com.br\/wp-content\/uploads\/2020\/07\/IMAGEM_NOTICIA_5-1-1.jpg",400,294,false],"mantranews-block-thumb":["https:\/\/blogopara.com.br\/wp-content\/uploads\/2020\/07\/IMAGEM_NOTICIA_5-1-1-322x230.jpg",322,230,true],"mantranews-single-large":["https:\/\/blogopara.com.br\/wp-content\/uploads\/2020\/07\/IMAGEM_NOTICIA_5-1-1.jpg",400,294,false]},"uagb_author_info":{"display_name":"Reda\u00e7\u00e3o geral","author_link":"https:\/\/blogopara.com.br\/index.php\/author\/blogopara"},"uagb_comment_info":0,"uagb_excerpt":"A comunidade remanescente quilombola\u00a0Rio\u00a0dos\u00a0Macacos,\u00a0localizada\u00a0em Sim\u00f5es Filho, regi\u00e3o metropolitana de Salvador,\u00a0assinou nesta ter\u00e7a-feira (28) o documento de\u00a0titula\u00e7\u00e3o das\u00a0terras\u00a0outorgado\u00a0pelo Instituto Nacional de Coloniza\u00e7\u00e3o e\u00a0Reforma Agr\u00e1ria (Incra). A assinatura aconteceu na\u00a0Superintend\u00eancia Regional do Incra na Bahia, localizada no Centro Administrativo. A titula\u00e7\u00e3o ocorre por for\u00e7a de uma decis\u00e3o judicial proferida em outubro de 2019. A a\u00e7\u00e3o foi movida&hellip;","jetpack_sharing_enabled":true,"jetpack_likes_enabled":true,"_links":{"self":[{"href":"https:\/\/blogopara.com.br\/index.php\/wp-json\/wp\/v2\/posts\/13061","targetHints":{"allow":["GET"]}}],"collection":[{"href":"https:\/\/blogopara.com.br\/index.php\/wp-json\/wp\/v2\/posts"}],"about":[{"href":"https:\/\/blogopara.com.br\/index.php\/wp-json\/wp\/v2\/types\/post"}],"author":[{"embeddable":true,"href":"https:\/\/blogopara.com.br\/index.php\/wp-json\/wp\/v2\/users\/1"}],"replies":[{"embeddable":true,"href":"https:\/\/blogopara.com.br\/index.php\/wp-json\/wp\/v2\/comments?post=13061"}],"version-history":[{"count":1,"href":"https:\/\/blogopara.com.br\/index.php\/wp-json\/wp\/v2\/posts\/13061\/revisions"}],"predecessor-version":[{"id":13063,"href":"https:\/\/blogopara.com.br\/index.php\/wp-json\/wp\/v2\/posts\/13061\/revisions\/13063"}],"wp:featuredmedia":[{"embeddable":true,"href":"https:\/\/blogopara.com.br\/index.php\/wp-json\/wp\/v2\/media\/13062"}],"wp:attachment":[{"href":"https:\/\/blogopara.com.br\/index.php\/wp-json\/wp\/v2\/media?parent=13061"}],"wp:term":[{"taxonomy":"category","embeddable":true,"href":"https:\/\/blogopara.com.br\/index.php\/wp-json\/wp\/v2\/categories?post=13061"},{"taxonomy":"post_tag","embeddable":true,"href":"https:\/\/blogopara.com.br\/index.php\/wp-json\/wp\/v2\/tags?post=13061"}],"curies":[{"name":"wp","href":"https:\/\/api.w.org\/{rel}","templated":true}]}}