{"id":1315,"date":"2019-07-08T08:38:26","date_gmt":"2019-07-08T11:38:26","guid":{"rendered":"http:\/\/blogopara.com.br\/?p=1315"},"modified":"2019-07-08T14:50:14","modified_gmt":"2019-07-08T17:50:14","slug":"pavao-misterioso-anuncia-fim-depois-de-gafes-nas-publicacoes","status":"publish","type":"post","link":"https:\/\/blogopara.com.br\/index.php\/2019\/07\/08\/pavao-misterioso-anuncia-fim-depois-de-gafes-nas-publicacoes","title":{"rendered":"Pav\u00e3o Misterioso anuncia fim depois de gafes nas publica\u00e7\u00f5es"},"content":{"rendered":"<p style=\"text-align: justify;\">No final da tarde deste domingo (7) o perfil Pav\u00e3o Misterioso voltou a soltar fake news nas redes sociais. Com mais uma sequ\u00eancia de postagens, ele apresentou novos supostos prints que seriam de conversas do deputado federal David Miranda (PSOL-RJ) com o editor do<em>&nbsp;The Intercept<\/em>, Leandro Demori, e com ex-parlamentar Jean Wyllys.<\/p>\n<p style=\"text-align: justify;\">Para justificar a falha que mostrou que o n\u00famero atribu\u00eddo anteriormente a Demori era o que estava vinculado a cria\u00e7\u00e3o do perfil, o Pav\u00e3o Misterioso afirmou que tinha usado o n\u00famero do jornalista para reativar a conta.<\/p>\n<p style=\"text-align: justify;\">\u201c\u00c9 uma pena que o sarcasmo de usarmos o chip do Demori depois do descarte para reativar esta @rroba tenha sido entendido como fraqueza. A decep\u00e7\u00e3o com tudo que acontece se segue a um levante que deve ser pac\u00edfico e judicial, n\u00e3o com alucinados\u201d, postou.<\/p>\n<p style=\"text-align: justify;\">Em uma outra publica\u00e7\u00e3o, o perfil que espalha not\u00edcias falsas acusa o golpe e se despede da internet fazendo a sauda\u00e7\u00e3o comum ao presidente Jair Bolsonaro. \u201cSedentos por sangue justi\u00e7ando algu\u00e9m. Todos temos podres, os deles est\u00e3o expostos, os nossos por vezes tamb\u00e9m. Hoje ser\u00e1 a \u00faltima vez do pav\u00e3o, pois certamente nosso trabalho chega ao fim neste instante! Brasil acima de tudo\u201d.<\/p>\n<p style=\"text-align: justify;\">O deputado federal Marcelo Freixo disse que vai acionar a Pol\u00edcia Federal para que se descubra quem est\u00e1 por tr\u00e1s do perfil fake. Ele tamb\u00e9m colocou&nbsp;<a href=\"https:\/\/revistaforum.com.br\/freixo-diz-que-coloca-celular-a-disposicao-para-desmentir-pavao-misterioso\/\">seu telefone \u00e0 disposi\u00e7\u00e3o<\/a>&nbsp;das autoridades para ser periciado.<a href=\"https:\/\/revistaforum.com.br\/perfil-pavao-misterioso-divulga-prints-de-supostas-conversas-hackeadas-do-celular-de-david-miranda\/\">&nbsp;Um dos apontados por ser o administrador da conta \u00e9 o vereador e filho do presidente da rep\u00fablica, Carlos Bolsonaro.<\/a><\/p>\n<pre>Fonte: Revista F\u00f3rum<\/pre>\n","protected":false},"excerpt":{"rendered":"<p>O perfil fez novas acusa\u00e7\u00f5es contra Glenn Greenwald, Leandro Demori, Jean Willys, Davi Miranda e Marcelo Freixo.<\/p>\n","protected":false},"author":1,"featured_media":0,"comment_status":"open","ping_status":"open","sticky":false,"template":"","format":"standard","meta":{"_uag_custom_page_level_css":"","_monsterinsights_skip_tracking":false,"_monsterinsights_sitenote_active":false,"_monsterinsights_sitenote_note":"","_monsterinsights_sitenote_category":0,"jetpack_post_was_ever_published":false,"_jetpack_newsletter_access":"","_jetpack_dont_email_post_to_subs":false,"_jetpack_newsletter_tier_id":0,"_jetpack_memberships_contains_paywalled_content":false,"_jetpack_memberships_contains_paid_content":false,"footnotes":"","jetpack_publicize_message":"","jetpack_publicize_feature_enabled":true,"jetpack_social_post_already_shared":true,"jetpack_social_options":{"image_generator_settings":{"template":"highway","default_image_id":0,"font":"","enabled":false},"version":2}},"categories":[200,1],"tags":[113,118],"class_list":["post-1315","post","type-post","status-publish","format-standard","hentry","category-brasil","category-sem-categoria","tag-intercept-brasil","tag-politica"],"jetpack_publicize_connections":[],"jetpack_featured_media_url":"","uagb_featured_image_src":{"full":false,"thumbnail":false,"medium":false,"medium_large":false,"large":false,"1536x1536":false,"2048x2048":false,"mantranews-slider-large":false,"mantranews-featured-medium":false,"mantranews-featured-long":false,"mantranews-block-medium":false,"mantranews-carousel-image":false,"mantranews-block-thumb":false,"mantranews-single-large":false},"uagb_author_info":{"display_name":"Reda\u00e7\u00e3o geral","author_link":"https:\/\/blogopara.com.br\/index.php\/author\/blogopara"},"uagb_comment_info":0,"uagb_excerpt":"O perfil fez novas acusa\u00e7\u00f5es contra Glenn Greenwald, Leandro Demori, Jean Willys, Davi Miranda e Marcelo Freixo.","jetpack_sharing_enabled":true,"jetpack_likes_enabled":true,"_links":{"self":[{"href":"https:\/\/blogopara.com.br\/index.php\/wp-json\/wp\/v2\/posts\/1315","targetHints":{"allow":["GET"]}}],"collection":[{"href":"https:\/\/blogopara.com.br\/index.php\/wp-json\/wp\/v2\/posts"}],"about":[{"href":"https:\/\/blogopara.com.br\/index.php\/wp-json\/wp\/v2\/types\/post"}],"author":[{"embeddable":true,"href":"https:\/\/blogopara.com.br\/index.php\/wp-json\/wp\/v2\/users\/1"}],"replies":[{"embeddable":true,"href":"https:\/\/blogopara.com.br\/index.php\/wp-json\/wp\/v2\/comments?post=1315"}],"version-history":[{"count":4,"href":"https:\/\/blogopara.com.br\/index.php\/wp-json\/wp\/v2\/posts\/1315\/revisions"}],"predecessor-version":[{"id":1343,"href":"https:\/\/blogopara.com.br\/index.php\/wp-json\/wp\/v2\/posts\/1315\/revisions\/1343"}],"wp:attachment":[{"href":"https:\/\/blogopara.com.br\/index.php\/wp-json\/wp\/v2\/media?parent=1315"}],"wp:term":[{"taxonomy":"category","embeddable":true,"href":"https:\/\/blogopara.com.br\/index.php\/wp-json\/wp\/v2\/categories?post=1315"},{"taxonomy":"post_tag","embeddable":true,"href":"https:\/\/blogopara.com.br\/index.php\/wp-json\/wp\/v2\/tags?post=1315"}],"curies":[{"name":"wp","href":"https:\/\/api.w.org\/{rel}","templated":true}]}}