{"id":13173,"date":"2020-08-03T08:34:00","date_gmt":"2020-08-03T11:34:00","guid":{"rendered":"http:\/\/blogopara.com.br\/?p=13173"},"modified":"2020-08-02T22:45:29","modified_gmt":"2020-08-03T01:45:29","slug":"liberacao-de-r-3-bi-da-lei-aldir-blanc-sera-por-meio-de-plataforma","status":"publish","type":"post","link":"https:\/\/blogopara.com.br\/index.php\/2020\/08\/03\/liberacao-de-r-3-bi-da-lei-aldir-blanc-sera-por-meio-de-plataforma","title":{"rendered":"Libera\u00e7\u00e3o de R$ 3 bi da Lei Aldir Blanc ser\u00e1 por meio de plataforma"},"content":{"rendered":"<p style=\"text-align: justify;\">Estados, munic\u00edpios e o Distrito Federal ter\u00e3o acesso aos R$ 3 bilh\u00f5es de recursos da Lei Aldir Blanc, destinados a a\u00e7\u00f5es emergenciais de apoio ao setor cultural e seus trabalhadores durante a pandemia de covid-19, por meio da Plataforma +Brasil.<\/p>\n<p style=\"text-align: justify;\">O recurso foi estabelecido pela Lei 14.017\/2020, mais conhecida como Lei Aldir Blanc, sancionada pelo presidente Jair Bolsonaro em 29 de junho. O dinheiro ser\u00e1 repassado aos estados e munic\u00edpios que t\u00eam a responsabilidade de fazer a distribui\u00e7\u00e3o, de acordo com a Ag\u00eancia Brasil.<\/p>\n<p style=\"text-align: justify;\">Institu\u00edda pelo Decreto n\u00ba 10.035\/2019, a Plataforma +Brasil \u00e9 um sistema integrado que busca reunir as diferentes modalidades de transfer\u00eancias de recursos da Uni\u00e3o. At\u00e9 2022, a Plataforma operacionalizar\u00e1 todas as 31 modalidades de transfer\u00eancias da Uni\u00e3o, totalizando a gest\u00e3o de aproximadamente R$ 380 bilh\u00f5es por ano.<\/p>\n<p style=\"text-align: justify;\">De acordo com a lei, metade dos R$ 3 bilh\u00f5es \u00e9 destinada aos estados e Distrito Federal. Segundo o Minist\u00e9rio do Turismo, o valor foi definido por uma equa\u00e7\u00e3o que considerou: 20% dos crit\u00e9rios de rateio do Fundo de Participa\u00e7\u00e3o dos Estados e do Distrito Federal (FPE) e 80% em rela\u00e7\u00e3o \u00e0 propor\u00e7\u00e3o da popula\u00e7\u00e3o. J\u00e1 o c\u00e1lculo dos valores que ser\u00e3o passados aos munic\u00edpios considerou: 20% de acordo com os crit\u00e9rios de rateio do Fundo de Participa\u00e7\u00e3o dos Munic\u00edpios (FPM) e 80% em rela\u00e7\u00e3o \u00e0 propor\u00e7\u00e3o da popula\u00e7\u00e3o.<\/p>\n<p style=\"text-align: justify;\">O recurso poder\u00e1 ser usado para pagamento de renda emergencial mensal aos trabalhadores da cultura \u2013 R$ 600 pelo per\u00edodo de tr\u00eas meses -, subs\u00eddio mensal para manuten\u00e7\u00e3o de espa\u00e7os art\u00edsticos e culturais \u2013 entre R$ 3 mil e R$ 10 mil \u2013 e iniciativas de fomento cultural, como: editais, chamadas p\u00fablicas, pr\u00eamios, aquisi\u00e7\u00e3o de bens e servi\u00e7os vinculados ao setor cultural e outros instrumentos destinados \u00e0 manuten\u00e7\u00e3o de agentes, espa\u00e7os, iniciativas, cursos, produ\u00e7\u00f5es, entre outros. Para as a\u00e7\u00f5es de fomento foi definido um percentual m\u00ednimo de 20%, o equivalente a R$ 600 mil.<\/p>\n<p style=\"text-align: justify;\">Os valores ser\u00e3o transferidos do Fundo Nacional da Cultura, administrado pelo Minist\u00e9rio do Turismo, preferencialmente para os fundos estaduais, municipais e distritais de cultura. No caso de n\u00e3o haver fundo para a realiza\u00e7\u00e3o da transfer\u00eancia, o dinheiro poder\u00e1 ser repassado para outros \u00f3rg\u00e3os respons\u00e1veis pela gest\u00e3o desses recursos.<\/p>\n<p style=\"text-align: justify;\">Toda a operacionaliza\u00e7\u00e3o dos repasses ser\u00e1 feita por meio da Plataforma + Brasil. O Minist\u00e9rio do Turismo ressalta que o gestor de conv\u00eanios deve estar atento para \u201cem breve\u201d entrar na plataforma, cadastrar o plano de a\u00e7\u00e3o e indicar a ag\u00eancia de relacionamento no Banco do Brasil para onde ser\u00e1 feita a transfer\u00eancia. O estado\/munic\u00edpio dever\u00e1 enviar um relat\u00f3rio de gest\u00e3o e recolher os recursos n\u00e3o aplicados em um prazo de at\u00e9 180 dias.<\/p>\n","protected":false},"excerpt":{"rendered":"<p>Estados, munic\u00edpios e o Distrito Federal ter\u00e3o acesso aos R$ 3 bilh\u00f5es de recursos da Lei Aldir Blanc, destinados a a\u00e7\u00f5es emergenciais de apoio ao setor cultural e seus trabalhadores durante a pandemia de covid-19, por meio da Plataforma +Brasil. O recurso foi estabelecido pela Lei 14.017\/2020, mais conhecida como Lei Aldir Blanc, sancionada pelo [&hellip;]<\/p>\n","protected":false},"author":1,"featured_media":13174,"comment_status":"open","ping_status":"open","sticky":false,"template":"","format":"standard","meta":{"_uag_custom_page_level_css":"","_monsterinsights_skip_tracking":false,"_monsterinsights_sitenote_active":false,"_monsterinsights_sitenote_note":"","_monsterinsights_sitenote_category":0,"jetpack_post_was_ever_published":false,"_jetpack_newsletter_access":"","_jetpack_dont_email_post_to_subs":false,"_jetpack_newsletter_tier_id":0,"_jetpack_memberships_contains_paywalled_content":false,"_jetpack_memberships_contains_paid_content":false,"footnotes":"","jetpack_publicize_message":"","jetpack_publicize_feature_enabled":true,"jetpack_social_post_already_shared":true,"jetpack_social_options":{"image_generator_settings":{"template":"highway","default_image_id":0,"font":"","enabled":false},"version":2}},"categories":[200,197,204],"tags":[],"class_list":["post-13173","post","type-post","status-publish","format-standard","has-post-thumbnail","hentry","category-brasil","category-politica","category-social"],"jetpack_publicize_connections":[],"jetpack_featured_media_url":"https:\/\/blogopara.com.br\/wp-content\/uploads\/2020\/08\/auxilio_cultura.jpg","uagb_featured_image_src":{"full":["https:\/\/blogopara.com.br\/wp-content\/uploads\/2020\/08\/auxilio_cultura.jpg",500,262,false],"thumbnail":["https:\/\/blogopara.com.br\/wp-content\/uploads\/2020\/08\/auxilio_cultura-150x150.jpg",150,150,true],"medium":["https:\/\/blogopara.com.br\/wp-content\/uploads\/2020\/08\/auxilio_cultura-300x157.jpg",300,157,true],"medium_large":["https:\/\/blogopara.com.br\/wp-content\/uploads\/2020\/08\/auxilio_cultura.jpg",500,262,false],"large":["https:\/\/blogopara.com.br\/wp-content\/uploads\/2020\/08\/auxilio_cultura.jpg",500,262,false],"1536x1536":["https:\/\/blogopara.com.br\/wp-content\/uploads\/2020\/08\/auxilio_cultura.jpg",500,262,false],"2048x2048":["https:\/\/blogopara.com.br\/wp-content\/uploads\/2020\/08\/auxilio_cultura.jpg",500,262,false],"mantranews-slider-large":["https:\/\/blogopara.com.br\/wp-content\/uploads\/2020\/08\/auxilio_cultura.jpg",500,262,false],"mantranews-featured-medium":["https:\/\/blogopara.com.br\/wp-content\/uploads\/2020\/08\/auxilio_cultura-420x262.jpg",420,262,true],"mantranews-featured-long":["https:\/\/blogopara.com.br\/wp-content\/uploads\/2020\/08\/auxilio_cultura-300x262.jpg",300,262,true],"mantranews-block-medium":["https:\/\/blogopara.com.br\/wp-content\/uploads\/2020\/08\/auxilio_cultura-464x262.jpg",464,262,true],"mantranews-carousel-image":["https:\/\/blogopara.com.br\/wp-content\/uploads\/2020\/08\/auxilio_cultura.jpg",500,262,false],"mantranews-block-thumb":["https:\/\/blogopara.com.br\/wp-content\/uploads\/2020\/08\/auxilio_cultura-322x230.jpg",322,230,true],"mantranews-single-large":["https:\/\/blogopara.com.br\/wp-content\/uploads\/2020\/08\/auxilio_cultura.jpg",500,262,false]},"uagb_author_info":{"display_name":"Reda\u00e7\u00e3o geral","author_link":"https:\/\/blogopara.com.br\/index.php\/author\/blogopara"},"uagb_comment_info":0,"uagb_excerpt":"Estados, munic\u00edpios e o Distrito Federal ter\u00e3o acesso aos R$ 3 bilh\u00f5es de recursos da Lei Aldir Blanc, destinados a a\u00e7\u00f5es emergenciais de apoio ao setor cultural e seus trabalhadores durante a pandemia de covid-19, por meio da Plataforma +Brasil. O recurso foi estabelecido pela Lei 14.017\/2020, mais conhecida como Lei Aldir Blanc, sancionada pelo&hellip;","jetpack_sharing_enabled":true,"jetpack_likes_enabled":true,"_links":{"self":[{"href":"https:\/\/blogopara.com.br\/index.php\/wp-json\/wp\/v2\/posts\/13173","targetHints":{"allow":["GET"]}}],"collection":[{"href":"https:\/\/blogopara.com.br\/index.php\/wp-json\/wp\/v2\/posts"}],"about":[{"href":"https:\/\/blogopara.com.br\/index.php\/wp-json\/wp\/v2\/types\/post"}],"author":[{"embeddable":true,"href":"https:\/\/blogopara.com.br\/index.php\/wp-json\/wp\/v2\/users\/1"}],"replies":[{"embeddable":true,"href":"https:\/\/blogopara.com.br\/index.php\/wp-json\/wp\/v2\/comments?post=13173"}],"version-history":[{"count":1,"href":"https:\/\/blogopara.com.br\/index.php\/wp-json\/wp\/v2\/posts\/13173\/revisions"}],"predecessor-version":[{"id":13175,"href":"https:\/\/blogopara.com.br\/index.php\/wp-json\/wp\/v2\/posts\/13173\/revisions\/13175"}],"wp:featuredmedia":[{"embeddable":true,"href":"https:\/\/blogopara.com.br\/index.php\/wp-json\/wp\/v2\/media\/13174"}],"wp:attachment":[{"href":"https:\/\/blogopara.com.br\/index.php\/wp-json\/wp\/v2\/media?parent=13173"}],"wp:term":[{"taxonomy":"category","embeddable":true,"href":"https:\/\/blogopara.com.br\/index.php\/wp-json\/wp\/v2\/categories?post=13173"},{"taxonomy":"post_tag","embeddable":true,"href":"https:\/\/blogopara.com.br\/index.php\/wp-json\/wp\/v2\/tags?post=13173"}],"curies":[{"name":"wp","href":"https:\/\/api.w.org\/{rel}","templated":true}]}}