{"id":13181,"date":"2020-08-03T09:13:08","date_gmt":"2020-08-03T12:13:08","guid":{"rendered":"http:\/\/blogopara.com.br\/?p=13181"},"modified":"2020-08-03T09:13:11","modified_gmt":"2020-08-03T12:13:11","slug":"vereador-paulo-valgueiro-cobra-da-prefeitura-de-petrolina-resposta-ao-requerimento-de-informacoes-sobre-o-endividamento-do-municipio","status":"publish","type":"post","link":"https:\/\/blogopara.com.br\/index.php\/2020\/08\/03\/vereador-paulo-valgueiro-cobra-da-prefeitura-de-petrolina-resposta-ao-requerimento-de-informacoes-sobre-o-endividamento-do-municipio","title":{"rendered":"Vereador Paulo Valgueiro cobra da Prefeitura de Petrolina resposta ao requerimento de informa\u00e7\u00f5es sobre o endividamento do munic\u00edpio"},"content":{"rendered":"<p style=\"text-align: justify;\">Dois anos se passaram e o vereador de Petrolina Paulo Valgueiro continua aguardando resposta do Governo Miguel Coelho sobre o requerimento que pede informa\u00e7\u00f5es da situa\u00e7\u00e3o financeira do munic\u00edpio.<\/p>\n<p style=\"text-align: justify;\">Em 20 de setembro de 2018, por meio do requerimento n\u00b0 192\/2018, Valgueiro solicitou o detalhamento do endividamento do munic\u00edpio de Petrolina, mas, at\u00e9 o momento, o pedido n\u00e3o foi atendido pela gest\u00e3o municipal, que insiste em descumprir os princ\u00edpios da publicidade e da transpar\u00eancia dos atos p\u00fablicos e do direito \u00e0 informa\u00e7\u00e3o, exigidos pela Constitui\u00e7\u00e3o Federal e pela Lei n\u00ba 12.527\/2011, de Acesso \u00e0 Informa\u00e7\u00e3o, quando, injustificadamente, n\u00e3o disponibiliza dados completos e atualizados referentes \u00e0s despesas e receitas do munic\u00edpio para consulta p\u00fablica no Portal de Transpar\u00eancia.<\/p>\n<p style=\"text-align: justify;\">\u00c0 \u00e9poca, Valgueiro solicitou a listagem dos credores, descri\u00e7\u00e3o dos valores depositados em 2017 e 2018 e a previs\u00e3o de pagamento de precat\u00f3rios do munic\u00edpio at\u00e9 este ano, al\u00e9m da listagem dos empr\u00e9stimos e financiamentos ativos onde consta o munic\u00edpio de Petrolina como devedor, com a descri\u00e7\u00e3o dos valores adimplidos e a vencer.<\/p>\n<p style=\"text-align: justify;\">\u00c9 de conhecimento geral que o Prefeito Miguel Coelho fez dois empr\u00e9stimos junto \u00e0 Caixa Econ\u00f4mica Federal (CEF), alegando que seriam destinados \u00e0 pavimenta\u00e7\u00e3o de ruas e avenidas de Petrolina e, somados, os valores chegam a quase R$ 100 milh\u00f5es. O pr\u00f3prio prefeito divulgou nas suas redes sociais a import\u00e2ncia da assinatura dos empr\u00e9stimos, gabando-se de ter conseguido o maior financiamento da hist\u00f3ria de Petrolina para obras de infraestrutura que, somando os recursos investidos e outros garantidos at\u00e9 2020, totalizariam um valor superior a R$ 280 milh\u00f5es, mas n\u00e3o vem prestando contas do uso e destina\u00e7\u00e3o desses recursos, como manda a lei.<\/p>\n<p style=\"text-align: justify;\">\u201cN\u00f3s solicitamos essas informa\u00e7\u00f5es ap\u00f3s o primeiro ano da gest\u00e3o e agora, em 2020, depois de empr\u00e9stimos para pavimenta\u00e7\u00e3o e obras no munic\u00edpio Petrolina, com certeza Petrolina tem d\u00edvidas ativas preocupantes, o que faz a gente questionar onde est\u00e1 essa for\u00e7a pol\u00edtica. Essa gest\u00e3o tem trazido preju\u00edzos financeiros para as contas p\u00fablicas de Petrolina e, no exerc\u00edcio do cargo de vereador, temos a miss\u00e3o de zelar pelo er\u00e1rio p\u00fablico, temos a obriga\u00e7\u00e3o de fiscalizar as a\u00e7\u00f5es do Poder Executivo, porque foi para isso que o povo de Petrolina me elegeu\u201d, frisa Valgueiro.<\/p>\n<p style=\"text-align: justify;\">Valgueiro lembra que, recentemente, o Tribunal de Contas de Pernambuco (TCE-PE) emitiu um Alerta de Responsabiliza\u00e7\u00e3o \u00e0 Prefeitura de Petrolina pela falta de transpar\u00eancia. O \u00f3rg\u00e3o fiscalizador alega que constam erros e irregularidades no portal da transpar\u00eancia do munic\u00edpio e que Petrolina omite informa\u00e7\u00f5es sobre os gastos p\u00fablicos durante a pandemia do Covid-19.<br \/>\nM\u00f4nia Ramos\/Jornalista<br \/>\nAssessoria da Bancada de Oposi\u00e7\u00e3o de Petrolina<\/p>\n","protected":false},"excerpt":{"rendered":"<p>Dois anos se passaram e o vereador de Petrolina Paulo Valgueiro continua aguardando resposta do Governo Miguel Coelho sobre o requerimento que pede informa\u00e7\u00f5es da situa\u00e7\u00e3o financeira do munic\u00edpio. Em 20 de setembro de 2018, por meio do requerimento n\u00b0 192\/2018, Valgueiro solicitou o detalhamento do endividamento do munic\u00edpio de Petrolina, mas, at\u00e9 o momento, [&hellip;]<\/p>\n","protected":false},"author":1,"featured_media":13182,"comment_status":"open","ping_status":"open","sticky":false,"template":"","format":"standard","meta":{"_uag_custom_page_level_css":"","_monsterinsights_skip_tracking":false,"_monsterinsights_sitenote_active":false,"_monsterinsights_sitenote_note":"","_monsterinsights_sitenote_category":0,"jetpack_post_was_ever_published":false,"_jetpack_newsletter_access":"","_jetpack_dont_email_post_to_subs":false,"_jetpack_newsletter_tier_id":0,"_jetpack_memberships_contains_paywalled_content":false,"_jetpack_memberships_contains_paid_content":false,"footnotes":"","jetpack_publicize_message":"","jetpack_publicize_feature_enabled":true,"jetpack_social_post_already_shared":true,"jetpack_social_options":{"image_generator_settings":{"template":"highway","default_image_id":0,"font":"","enabled":false},"version":2}},"categories":[203],"tags":[],"class_list":["post-13181","post","type-post","status-publish","format-standard","has-post-thumbnail","hentry","category-juazeiro"],"jetpack_publicize_connections":[],"jetpack_featured_media_url":"https:\/\/blogopara.com.br\/wp-content\/uploads\/2020\/08\/A-China-construiu-um-hospital-em-dez-dias-13.jpg","uagb_featured_image_src":{"full":["https:\/\/blogopara.com.br\/wp-content\/uploads\/2020\/08\/A-China-construiu-um-hospital-em-dez-dias-13.jpg",1747,1240,false],"thumbnail":["https:\/\/blogopara.com.br\/wp-content\/uploads\/2020\/08\/A-China-construiu-um-hospital-em-dez-dias-13-150x150.jpg",150,150,true],"medium":["https:\/\/blogopara.com.br\/wp-content\/uploads\/2020\/08\/A-China-construiu-um-hospital-em-dez-dias-13-300x213.jpg",300,213,true],"medium_large":["https:\/\/blogopara.com.br\/wp-content\/uploads\/2020\/08\/A-China-construiu-um-hospital-em-dez-dias-13-768x545.jpg",640,454,true],"large":["https:\/\/blogopara.com.br\/wp-content\/uploads\/2020\/08\/A-China-construiu-um-hospital-em-dez-dias-13-1024x727.jpg",640,454,true],"1536x1536":["https:\/\/blogopara.com.br\/wp-content\/uploads\/2020\/08\/A-China-construiu-um-hospital-em-dez-dias-13-1536x1090.jpg",1536,1090,true],"2048x2048":["https:\/\/blogopara.com.br\/wp-content\/uploads\/2020\/08\/A-China-construiu-um-hospital-em-dez-dias-13.jpg",1747,1240,false],"mantranews-slider-large":["https:\/\/blogopara.com.br\/wp-content\/uploads\/2020\/08\/A-China-construiu-um-hospital-em-dez-dias-13-1020x741.jpg",1020,741,true],"mantranews-featured-medium":["https:\/\/blogopara.com.br\/wp-content\/uploads\/2020\/08\/A-China-construiu-um-hospital-em-dez-dias-13-420x307.jpg",420,307,true],"mantranews-featured-long":["https:\/\/blogopara.com.br\/wp-content\/uploads\/2020\/08\/A-China-construiu-um-hospital-em-dez-dias-13-300x443.jpg",300,443,true],"mantranews-block-medium":["https:\/\/blogopara.com.br\/wp-content\/uploads\/2020\/08\/A-China-construiu-um-hospital-em-dez-dias-13-464x290.jpg",464,290,true],"mantranews-carousel-image":["https:\/\/blogopara.com.br\/wp-content\/uploads\/2020\/08\/A-China-construiu-um-hospital-em-dez-dias-13-600x500.jpg",600,500,true],"mantranews-block-thumb":["https:\/\/blogopara.com.br\/wp-content\/uploads\/2020\/08\/A-China-construiu-um-hospital-em-dez-dias-13-322x230.jpg",322,230,true],"mantranews-single-large":["https:\/\/blogopara.com.br\/wp-content\/uploads\/2020\/08\/A-China-construiu-um-hospital-em-dez-dias-13-1210x642.jpg",1210,642,true]},"uagb_author_info":{"display_name":"Reda\u00e7\u00e3o geral","author_link":"https:\/\/blogopara.com.br\/index.php\/author\/blogopara"},"uagb_comment_info":0,"uagb_excerpt":"Dois anos se passaram e o vereador de Petrolina Paulo Valgueiro continua aguardando resposta do Governo Miguel Coelho sobre o requerimento que pede informa\u00e7\u00f5es da situa\u00e7\u00e3o financeira do munic\u00edpio. Em 20 de setembro de 2018, por meio do requerimento n\u00b0 192\/2018, Valgueiro solicitou o detalhamento do endividamento do munic\u00edpio de Petrolina, mas, at\u00e9 o momento,&hellip;","jetpack_sharing_enabled":true,"jetpack_likes_enabled":true,"_links":{"self":[{"href":"https:\/\/blogopara.com.br\/index.php\/wp-json\/wp\/v2\/posts\/13181","targetHints":{"allow":["GET"]}}],"collection":[{"href":"https:\/\/blogopara.com.br\/index.php\/wp-json\/wp\/v2\/posts"}],"about":[{"href":"https:\/\/blogopara.com.br\/index.php\/wp-json\/wp\/v2\/types\/post"}],"author":[{"embeddable":true,"href":"https:\/\/blogopara.com.br\/index.php\/wp-json\/wp\/v2\/users\/1"}],"replies":[{"embeddable":true,"href":"https:\/\/blogopara.com.br\/index.php\/wp-json\/wp\/v2\/comments?post=13181"}],"version-history":[{"count":1,"href":"https:\/\/blogopara.com.br\/index.php\/wp-json\/wp\/v2\/posts\/13181\/revisions"}],"predecessor-version":[{"id":13183,"href":"https:\/\/blogopara.com.br\/index.php\/wp-json\/wp\/v2\/posts\/13181\/revisions\/13183"}],"wp:featuredmedia":[{"embeddable":true,"href":"https:\/\/blogopara.com.br\/index.php\/wp-json\/wp\/v2\/media\/13182"}],"wp:attachment":[{"href":"https:\/\/blogopara.com.br\/index.php\/wp-json\/wp\/v2\/media?parent=13181"}],"wp:term":[{"taxonomy":"category","embeddable":true,"href":"https:\/\/blogopara.com.br\/index.php\/wp-json\/wp\/v2\/categories?post=13181"},{"taxonomy":"post_tag","embeddable":true,"href":"https:\/\/blogopara.com.br\/index.php\/wp-json\/wp\/v2\/tags?post=13181"}],"curies":[{"name":"wp","href":"https:\/\/api.w.org\/{rel}","templated":true}]}}