{"id":13205,"date":"2020-08-04T09:49:00","date_gmt":"2020-08-04T12:49:00","guid":{"rendered":"http:\/\/blogopara.com.br\/?p=13205"},"modified":"2020-08-03T21:56:14","modified_gmt":"2020-08-04T00:56:14","slug":"bahia-escolas-voltarao-com-aulas-aos-sabados-e-sem-recesso-de-fim-de-ano-diz-rui","status":"publish","type":"post","link":"https:\/\/blogopara.com.br\/index.php\/2020\/08\/04\/bahia-escolas-voltarao-com-aulas-aos-sabados-e-sem-recesso-de-fim-de-ano-diz-rui","title":{"rendered":"Bahia: Escolas voltar\u00e3o com aulas aos s\u00e1bados e sem recesso de fim de ano, diz Rui"},"content":{"rendered":"<p style=\"text-align: justify;\">Em momentos como o que vivemos, o jornalismo s\u00e9rio ganha ainda mais relev\u00e2ncia. Precisamos um do outro para atravessar essa tempestade. Se puder, apoie nosso trabalho e assine o Jornal Correio por apenas R$ 5,94\/m\u00eas.<\/p>\n<p style=\"text-align: justify;\">O governador Rui Costa falou nesta segunda-feira (3) sobre o planejamento para o retorno das aulas nas escolas estaduais da Bahia. Ainda sem data prevista para essa volta, as aulas devem passar a acontecer incluindo todos os s\u00e1bados, sem recesso no final de ano e com encerramento do ano letivo para fevereiro de 2021, afirmou o governador, durante entrega de apartamentos no bairro do Costa Azul pela amanh\u00e3.<\/p>\n<p style=\"text-align: justify;\">\n&#8220;No retorno vai ter aula todos os s\u00e1bados e provavelmente vamos alternar, dividindo a turma em duas, garantindo dentro da sala o distanciamento social. Ser\u00e1 obrigat\u00f3rio uso de m\u00e1scara dentro da escola por todos&#8221;, afirmou o governador. &#8220;Devemos ir at\u00e9 fevereiro, para terminar o ano de 2020. N\u00e3o ter\u00e1 recesso no final do ano. E com isso a gente cumprir\u00e1 o n\u00famero de horas&#8221;, acrescenta.<\/p>\n<p style=\"text-align: justify;\">\nRui disse que o planejamento inclui a testagem de alunos, que j\u00e1 aconteceu em tr\u00eas cidades do interior e constatou uma taxa de contamina\u00e7\u00e3o 10 vezes maior do que os n\u00fameros oficiais traziam. &#8220;Fizemos em Ipia\u00fa, Itaju\u00edpe e Uru\u00e7uca. Em duas encontramos 10% da popula\u00e7\u00e3o estudantil e professores (j\u00e1 contaminadas). Tinham 1% em dado oficial&#8221;, afirmou o governador.\u00a0Nesta semana, os testes acontecem em cidades maiores: Jequi\u00e9, Itabuna e Ilh\u00e9us. &#8220;Queremos ver o perfil de contamina\u00e7\u00e3o&#8221;, diz.<\/p>\n<p style=\"text-align: justify;\">O retorno \u00e0s aulas inclui interven\u00e7\u00f5es f\u00edsicas nas escolas, com refor\u00e7o de quest\u00f5es sanit\u00e1rias, como reforma de banheiros, inclus\u00e3o de pias em \u00e1reas externas e \u00e1rea para passar \u00e1lcool gel. Ventiladores est\u00e3o sendo instalados nas escolas &#8211; as que t\u00eam ar condicionado n\u00e3o poder\u00e3o usar o aparelho porque facilita a contamina\u00e7\u00e3o. Tamb\u00e9m est\u00e1 sendo instalada banda larga nas escolas. Os alunos ter\u00e3o oferta de conte\u00fado digital para baixarem na sala e acompanharem em casa as tarefas.<\/p>\n<p style=\"text-align: justify;\">&#8220;A\u00a0data \u00e9 a \u00fanica coisa que est\u00e1 pendente. estamos monitorando a taxa de contamina\u00e7\u00e3o e ocupa\u00e7\u00e3o de leitos. Ainda n\u00e3o podemos afirmar, vai depender do comportamento da doen\u00e7a nos pr\u00f3ximos dias. Esses testes que estamos fazendo nas escolas v\u00e3o\u00a0ser um bom par\u00e2metro&#8221;, acredita. &#8220;S\u00f3 iremos anunciar (a data) quando tivermos uma taxa de contamina\u00e7\u00e3o inferior a que temos hoje&#8221;, disse, sem cravar um n\u00famero.<\/p>\n<pre>Fonte: Correio da Bahia<\/pre>\n","protected":false},"excerpt":{"rendered":"<p>Previs\u00e3o do governador \u00e9 que ano letivo se encerre em fevereiro de 2021.<\/p>\n","protected":false},"author":1,"featured_media":13206,"comment_status":"open","ping_status":"open","sticky":false,"template":"","format":"standard","meta":{"_uag_custom_page_level_css":"","_monsterinsights_skip_tracking":false,"_monsterinsights_sitenote_active":false,"_monsterinsights_sitenote_note":"","_monsterinsights_sitenote_category":0,"jetpack_post_was_ever_published":false,"_jetpack_newsletter_access":"","_jetpack_dont_email_post_to_subs":false,"_jetpack_newsletter_tier_id":0,"_jetpack_memberships_contains_paywalled_content":false,"_jetpack_memberships_contains_paid_content":false,"footnotes":"","jetpack_publicize_message":"","jetpack_publicize_feature_enabled":true,"jetpack_social_post_already_shared":true,"jetpack_social_options":{"image_generator_settings":{"template":"highway","default_image_id":0,"font":"","enabled":false},"version":2}},"categories":[199,209],"tags":[],"class_list":["post-13205","post","type-post","status-publish","format-standard","has-post-thumbnail","hentry","category-bahia","category-educacao"],"jetpack_publicize_connections":[],"jetpack_featured_media_url":"https:\/\/blogopara.com.br\/wp-content\/uploads\/2020\/08\/d152f05a-3e39-40a7-80bb-ce8ce2bd6736.jpg","uagb_featured_image_src":{"full":["https:\/\/blogopara.com.br\/wp-content\/uploads\/2020\/08\/d152f05a-3e39-40a7-80bb-ce8ce2bd6736.jpg",500,336,false],"thumbnail":["https:\/\/blogopara.com.br\/wp-content\/uploads\/2020\/08\/d152f05a-3e39-40a7-80bb-ce8ce2bd6736-150x150.jpg",150,150,true],"medium":["https:\/\/blogopara.com.br\/wp-content\/uploads\/2020\/08\/d152f05a-3e39-40a7-80bb-ce8ce2bd6736-300x202.jpg",300,202,true],"medium_large":["https:\/\/blogopara.com.br\/wp-content\/uploads\/2020\/08\/d152f05a-3e39-40a7-80bb-ce8ce2bd6736.jpg",500,336,false],"large":["https:\/\/blogopara.com.br\/wp-content\/uploads\/2020\/08\/d152f05a-3e39-40a7-80bb-ce8ce2bd6736.jpg",500,336,false],"1536x1536":["https:\/\/blogopara.com.br\/wp-content\/uploads\/2020\/08\/d152f05a-3e39-40a7-80bb-ce8ce2bd6736.jpg",500,336,false],"2048x2048":["https:\/\/blogopara.com.br\/wp-content\/uploads\/2020\/08\/d152f05a-3e39-40a7-80bb-ce8ce2bd6736.jpg",500,336,false],"mantranews-slider-large":["https:\/\/blogopara.com.br\/wp-content\/uploads\/2020\/08\/d152f05a-3e39-40a7-80bb-ce8ce2bd6736.jpg",500,336,false],"mantranews-featured-medium":["https:\/\/blogopara.com.br\/wp-content\/uploads\/2020\/08\/d152f05a-3e39-40a7-80bb-ce8ce2bd6736-420x307.jpg",420,307,true],"mantranews-featured-long":["https:\/\/blogopara.com.br\/wp-content\/uploads\/2020\/08\/d152f05a-3e39-40a7-80bb-ce8ce2bd6736-300x336.jpg",300,336,true],"mantranews-block-medium":["https:\/\/blogopara.com.br\/wp-content\/uploads\/2020\/08\/d152f05a-3e39-40a7-80bb-ce8ce2bd6736-464x290.jpg",464,290,true],"mantranews-carousel-image":["https:\/\/blogopara.com.br\/wp-content\/uploads\/2020\/08\/d152f05a-3e39-40a7-80bb-ce8ce2bd6736.jpg",500,336,false],"mantranews-block-thumb":["https:\/\/blogopara.com.br\/wp-content\/uploads\/2020\/08\/d152f05a-3e39-40a7-80bb-ce8ce2bd6736-322x230.jpg",322,230,true],"mantranews-single-large":["https:\/\/blogopara.com.br\/wp-content\/uploads\/2020\/08\/d152f05a-3e39-40a7-80bb-ce8ce2bd6736.jpg",500,336,false]},"uagb_author_info":{"display_name":"Reda\u00e7\u00e3o geral","author_link":"https:\/\/blogopara.com.br\/index.php\/author\/blogopara"},"uagb_comment_info":0,"uagb_excerpt":"Previs\u00e3o do governador \u00e9 que ano letivo se encerre em fevereiro de 2021.","jetpack_sharing_enabled":true,"jetpack_likes_enabled":true,"_links":{"self":[{"href":"https:\/\/blogopara.com.br\/index.php\/wp-json\/wp\/v2\/posts\/13205","targetHints":{"allow":["GET"]}}],"collection":[{"href":"https:\/\/blogopara.com.br\/index.php\/wp-json\/wp\/v2\/posts"}],"about":[{"href":"https:\/\/blogopara.com.br\/index.php\/wp-json\/wp\/v2\/types\/post"}],"author":[{"embeddable":true,"href":"https:\/\/blogopara.com.br\/index.php\/wp-json\/wp\/v2\/users\/1"}],"replies":[{"embeddable":true,"href":"https:\/\/blogopara.com.br\/index.php\/wp-json\/wp\/v2\/comments?post=13205"}],"version-history":[{"count":1,"href":"https:\/\/blogopara.com.br\/index.php\/wp-json\/wp\/v2\/posts\/13205\/revisions"}],"predecessor-version":[{"id":13207,"href":"https:\/\/blogopara.com.br\/index.php\/wp-json\/wp\/v2\/posts\/13205\/revisions\/13207"}],"wp:featuredmedia":[{"embeddable":true,"href":"https:\/\/blogopara.com.br\/index.php\/wp-json\/wp\/v2\/media\/13206"}],"wp:attachment":[{"href":"https:\/\/blogopara.com.br\/index.php\/wp-json\/wp\/v2\/media?parent=13205"}],"wp:term":[{"taxonomy":"category","embeddable":true,"href":"https:\/\/blogopara.com.br\/index.php\/wp-json\/wp\/v2\/categories?post=13205"},{"taxonomy":"post_tag","embeddable":true,"href":"https:\/\/blogopara.com.br\/index.php\/wp-json\/wp\/v2\/tags?post=13205"}],"curies":[{"name":"wp","href":"https:\/\/api.w.org\/{rel}","templated":true}]}}