{"id":13226,"date":"2020-08-08T08:18:00","date_gmt":"2020-08-08T11:18:00","guid":{"rendered":"http:\/\/blogopara.com.br\/?p=13226"},"modified":"2020-08-08T13:09:06","modified_gmt":"2020-08-08T16:09:06","slug":"a-gestao-de-paulo-bomfim-e-de-esquerda-ou-neoliberal","status":"publish","type":"post","link":"https:\/\/blogopara.com.br\/index.php\/2020\/08\/08\/a-gestao-de-paulo-bomfim-e-de-esquerda-ou-neoliberal","title":{"rendered":"A gest\u00e3o de Paulo Bomfim \u00e9 de esquerda ou neoliberal?"},"content":{"rendered":"<p style=\"text-align: justify;\">Embora seja filiado ao Partido dos Trabalhadores, o prefeito Paulo Bomfim e o seu antecessor, Isaac Carvalho (PT), nunca leram nada sobre teoria pol\u00edtica e econ\u00f4mica, nem sequer leram o Estatuto do Partido.<\/p>\n<p style=\"text-align: justify;\">A base te\u00f3rica sobre pol\u00edtica e economia dos prefeitos, foi a pr\u00e1tica cotidiana e a hist\u00f3ria de ambos. Isaac Carvalho desde jovem foi empres\u00e1rio do agroneg\u00f3cio (um dos maiores da regi\u00e3o) e Paulo Bomfim, aprendeu com a dureza da vida a ganhar as suas moedas para a sobreviv\u00eancia. Antes de ocuparem os cargos, n\u00e3o tiveram participa\u00e7\u00e3o em movimentos pol\u00edticos ou engajamentos em a\u00e7\u00f5es pol\u00edtico-sociais.<\/p>\n<p style=\"text-align: justify;\">Mas indiscutivelmente a condu\u00e7\u00e3o de agenda pol\u00edtica deles \u00e9 pautada no neoliberalismo como fonte decis\u00f3ria para as suas a\u00e7\u00f5es governamentais.<\/p>\n<p style=\"text-align: justify;\">Mas o que seria neoliberalismo? Os partidos ditos de esquerda no Brasil, abominam esse nome. O termo neoliberalismo surgiu a partir dos anos 1980, associados aos governos de Ronald Reagan e Margareth Thatcher, que devido \u00e0 crise econ\u00f4mica do petr\u00f3leo, privatizaram muitas empresas p\u00fablicas e cortaram gastos sociais para atingir um equil\u00edbrio fiscal. Era o fim do chamado Estado de Bem-Estar Social e o come\u00e7o do Estado M\u00ednimo, com gastos enxutos.<\/p>\n<p style=\"text-align: justify;\">Para a esquerda, o neoliberalismo teria como consequ\u00eancias a privatiza\u00e7\u00e3o e a terceiriza\u00e7\u00e3o de bens comuns e espa\u00e7os p\u00fablicos, a flexibiliza\u00e7\u00e3o de direitos conquistados e a desregula\u00e7\u00e3o e liberaliza\u00e7\u00e3o em nome do livre mercado, o que poderia gerar mais desigualdades sociais.<\/p>\n<h4 style=\"text-align: justify;\">Mas como estar a gest\u00e3o de Paulo Bomfim\/Isaac Carvalho?<\/h4>\n<p style=\"text-align: justify;\">Exatamente dentro de uma agenda neoliberal. A terceiriza\u00e7\u00e3o dos servi\u00e7os tem sido a t\u00f4nica das gest\u00f5es. Ainda no governo Isaac Carvalho foi aprovada pela C\u00e2mara a PPP \u2013 Parceria P\u00fablico Privada para o Mercado do Produtor, assim como foi descoberta atrav\u00e9s da dela\u00e7\u00e3o de um executivo da Odebrecht, que aconteceria a privatiza\u00e7\u00e3o do SAAE em troca de 300 mil reais para a campanha de 2012.<\/p>\n<p style=\"text-align: justify;\">A terceiriza\u00e7\u00e3o do SAAE foi concretizada em 2019, a empresa Metro Engenharia abocanhou dois contratos com autarquia municipal no valor de 60 milh\u00f5es de reais. A terceiriza\u00e7\u00e3o aconteceu um ano antes do presidente Jair Bolsonaro sancionar o Novo Marco do Saneamento B\u00e1sico.<\/p>\n<p style=\"text-align: justify;\">Na educa\u00e7\u00e3o, desde o in\u00edcio da gest\u00e3o de Isaac Carvalho, v\u00e1rios institutos e organiza\u00e7\u00f5es n\u00e3o-governamentais gerenciam a\u00e7\u00f5es dentro da Secretaria de Educa\u00e7\u00e3o.<\/p>\n<p style=\"text-align: justify;\">A partir de 2009 foram fechados hospitais particulares, em detrimento ao sucateamento da rede de sa\u00fade p\u00fablica. Mas alguns hospitais particulares tinham contratos com a gest\u00e3o, e agora durante a pandemia, ao inv\u00e9s de fortalecer a rede p\u00fablica, o prefeito Paulo Bomfim preferiu contratar servi\u00e7os da rede particular e montar um hospital de campanha improvisado com toldos, quando poderia reformar ou aproveitar algum pr\u00e9dio p\u00fablico para montar o hospital.<\/p>\n<p style=\"text-align: justify;\">Mas como tudo ainda \u00e9 pouco para quem defender o m\u00ednimo de interven\u00e7\u00e3o estatal, o munic\u00edpio estar contratando uma Funda\u00e7\u00e3o ligada a Caixa Econ\u00f4mica, no valor de 3 milh\u00f5es reais para elaborar uma Parceira P\u00fablico Privada (PPP) para privatizar a ilumina\u00e7\u00e3o p\u00fablica de Juazeiro.<\/p>\n<p style=\"text-align: justify;\">No campo social, a gest\u00e3o governa de costas para o povo mais pobre do munic\u00edpio, n\u00e3o h\u00e1 projetos de fortalecimento dos grupos sociais perif\u00e9ricos ou marginalizados. Os Programas Sociais que existem a maioria s\u00e3o do governo federal, o munic\u00edpio n\u00e3o investe em moradia social com recursos pr\u00f3prios, e a secret\u00e1ria de A\u00e7\u00e3o Social se ocupa mais com o seu programa de r\u00e1dio e em fazer assistencialismo, do que modificar a realidade de centenas de juazeirenses que vivem na mis\u00e9ria econ\u00f4mica e habitacional.<\/p>\n<p style=\"text-align: justify;\">Por fim, embora tenha criado a Secretaria de Gest\u00e3o de Pessoas, o governo continua com o arrocho ao funcionalismo p\u00fablico municipal. No in\u00edcio do ano a C\u00e2mara aprovou o aumento da al\u00edquota de 14% para os servidores ativos e inativos, com vig\u00eancia a partir de 1 de maio de 2020 (coincid\u00eancia o 1 de maio?). Resultado foi desastroso para os aposentados, houve aumento no desconto previdenci\u00e1rio que pegou a todos desprevenidos.<\/p>\n<p style=\"text-align: justify;\">Como contrapartida para receber os recursos do governo federal para o enfrentamento ao covid, o prefeito Paulo Bomfim assinou um decreto congelando os aumentos de sal\u00e1rios, avalia\u00e7\u00e3o de desempenho e outros direitos adquiridos pelos servidores p\u00fablico municipal, at\u00e9 dezembro de 2021.<\/p>\n<p style=\"text-align: justify;\">N\u00e3o h\u00e1 na gest\u00e3o de Paulo Bomfim um indicativo de pol\u00edtica p\u00fablica com a\u00e7\u00f5es que o caracterize como um governo de esquerda, a n\u00e3o ser o aparelhamento do governo com cargos e a cria\u00e7\u00e3o de castas privilegiadas.<\/p>\n","protected":false},"excerpt":{"rendered":"<p>Embora seja filiado ao Partido dos Trabalhadores, o prefeito Paulo Bomfim e o seu antecessor, Isaac Carvalho (PT), nunca leram nada sobre teoria pol\u00edtica e econ\u00f4mica, nem sequer leram o Estatuto do Partido. A base te\u00f3rica sobre pol\u00edtica e economia dos prefeitos, foi a pr\u00e1tica cotidiana e a hist\u00f3ria de ambos. Isaac Carvalho desde jovem [&hellip;]<\/p>\n","protected":false},"author":1,"featured_media":13227,"comment_status":"open","ping_status":"open","sticky":false,"template":"","format":"standard","meta":{"_uag_custom_page_level_css":"","_monsterinsights_skip_tracking":false,"_monsterinsights_sitenote_active":false,"_monsterinsights_sitenote_note":"","_monsterinsights_sitenote_category":0,"jetpack_post_was_ever_published":false,"_jetpack_newsletter_access":"","_jetpack_dont_email_post_to_subs":false,"_jetpack_newsletter_tier_id":0,"_jetpack_memberships_contains_paywalled_content":false,"_jetpack_memberships_contains_paid_content":false,"footnotes":"","jetpack_publicize_message":"","jetpack_publicize_feature_enabled":true,"jetpack_social_post_already_shared":true,"jetpack_social_options":{"image_generator_settings":{"template":"highway","default_image_id":0,"font":"","enabled":false},"version":2}},"categories":[203,197],"tags":[],"class_list":["post-13226","post","type-post","status-publish","format-standard","has-post-thumbnail","hentry","category-juazeiro","category-politica"],"jetpack_publicize_connections":[],"jetpack_featured_media_url":"https:\/\/blogopara.com.br\/wp-content\/uploads\/2020\/08\/isaac4.png","uagb_featured_image_src":{"full":["https:\/\/blogopara.com.br\/wp-content\/uploads\/2020\/08\/isaac4.png",400,468,false],"thumbnail":["https:\/\/blogopara.com.br\/wp-content\/uploads\/2020\/08\/isaac4-150x150.png",150,150,true],"medium":["https:\/\/blogopara.com.br\/wp-content\/uploads\/2020\/08\/isaac4-256x300.png",256,300,true],"medium_large":["https:\/\/blogopara.com.br\/wp-content\/uploads\/2020\/08\/isaac4.png",400,468,false],"large":["https:\/\/blogopara.com.br\/wp-content\/uploads\/2020\/08\/isaac4.png",400,468,false],"1536x1536":["https:\/\/blogopara.com.br\/wp-content\/uploads\/2020\/08\/isaac4.png",400,468,false],"2048x2048":["https:\/\/blogopara.com.br\/wp-content\/uploads\/2020\/08\/isaac4.png",400,468,false],"mantranews-slider-large":["https:\/\/blogopara.com.br\/wp-content\/uploads\/2020\/08\/isaac4.png",400,468,false],"mantranews-featured-medium":["https:\/\/blogopara.com.br\/wp-content\/uploads\/2020\/08\/isaac4-400x307.png",400,307,true],"mantranews-featured-long":["https:\/\/blogopara.com.br\/wp-content\/uploads\/2020\/08\/isaac4-300x443.png",300,443,true],"mantranews-block-medium":["https:\/\/blogopara.com.br\/wp-content\/uploads\/2020\/08\/isaac4-400x290.png",400,290,true],"mantranews-carousel-image":["https:\/\/blogopara.com.br\/wp-content\/uploads\/2020\/08\/isaac4.png",400,468,false],"mantranews-block-thumb":["https:\/\/blogopara.com.br\/wp-content\/uploads\/2020\/08\/isaac4-322x230.png",322,230,true],"mantranews-single-large":["https:\/\/blogopara.com.br\/wp-content\/uploads\/2020\/08\/isaac4.png",400,468,false]},"uagb_author_info":{"display_name":"Reda\u00e7\u00e3o geral","author_link":"https:\/\/blogopara.com.br\/index.php\/author\/blogopara"},"uagb_comment_info":0,"uagb_excerpt":"Embora seja filiado ao Partido dos Trabalhadores, o prefeito Paulo Bomfim e o seu antecessor, Isaac Carvalho (PT), nunca leram nada sobre teoria pol\u00edtica e econ\u00f4mica, nem sequer leram o Estatuto do Partido. A base te\u00f3rica sobre pol\u00edtica e economia dos prefeitos, foi a pr\u00e1tica cotidiana e a hist\u00f3ria de ambos. Isaac Carvalho desde jovem&hellip;","jetpack_sharing_enabled":true,"jetpack_likes_enabled":true,"_links":{"self":[{"href":"https:\/\/blogopara.com.br\/index.php\/wp-json\/wp\/v2\/posts\/13226","targetHints":{"allow":["GET"]}}],"collection":[{"href":"https:\/\/blogopara.com.br\/index.php\/wp-json\/wp\/v2\/posts"}],"about":[{"href":"https:\/\/blogopara.com.br\/index.php\/wp-json\/wp\/v2\/types\/post"}],"author":[{"embeddable":true,"href":"https:\/\/blogopara.com.br\/index.php\/wp-json\/wp\/v2\/users\/1"}],"replies":[{"embeddable":true,"href":"https:\/\/blogopara.com.br\/index.php\/wp-json\/wp\/v2\/comments?post=13226"}],"version-history":[{"count":3,"href":"https:\/\/blogopara.com.br\/index.php\/wp-json\/wp\/v2\/posts\/13226\/revisions"}],"predecessor-version":[{"id":13303,"href":"https:\/\/blogopara.com.br\/index.php\/wp-json\/wp\/v2\/posts\/13226\/revisions\/13303"}],"wp:featuredmedia":[{"embeddable":true,"href":"https:\/\/blogopara.com.br\/index.php\/wp-json\/wp\/v2\/media\/13227"}],"wp:attachment":[{"href":"https:\/\/blogopara.com.br\/index.php\/wp-json\/wp\/v2\/media?parent=13226"}],"wp:term":[{"taxonomy":"category","embeddable":true,"href":"https:\/\/blogopara.com.br\/index.php\/wp-json\/wp\/v2\/categories?post=13226"},{"taxonomy":"post_tag","embeddable":true,"href":"https:\/\/blogopara.com.br\/index.php\/wp-json\/wp\/v2\/tags?post=13226"}],"curies":[{"name":"wp","href":"https:\/\/api.w.org\/{rel}","templated":true}]}}