{"id":13267,"date":"2020-08-06T14:03:23","date_gmt":"2020-08-06T17:03:23","guid":{"rendered":"http:\/\/blogopara.com.br\/?p=13267"},"modified":"2020-08-06T14:26:11","modified_gmt":"2020-08-06T17:26:11","slug":"youtuber-gabriel-monteiro-e-expulso-da-pm-por-desercao","status":"publish","type":"post","link":"https:\/\/blogopara.com.br\/index.php\/2020\/08\/06\/youtuber-gabriel-monteiro-e-expulso-da-pm-por-desercao","title":{"rendered":"Expulso e reintegrado \u00e0 PM, policial youtuber Gabriel Monteiro responder\u00e1 por deser\u00e7\u00e3o"},"content":{"rendered":"<div class=\"texto\" style=\"text-align: justify;\">Rio &#8211; Um dia ap\u00f3s\u00a0ter sido expulso da PM, o policial e youtuber Gabriel Monteiro, ser\u00e1 reintegrado \u00e0 corpora\u00e7\u00e3o. De acordo com a pol\u00edcia militar, ele ainda responder\u00e1 pelo crime de deser\u00e7\u00e3o.<\/div>\n<div style=\"text-align: justify;\"><\/div>\n<div class=\"texto\" style=\"text-align: justify;\">Procurada pelo\u00a0<strong>DIA<\/strong>, a PM informou que o soldado foi exclu\u00eddo por n\u00e3o ter se apresentado ao\u00a034\u00ba BPM (Mag\u00e9)\u00a0desde o dia 22 de julho. &#8220;O\u00a0comando da unidade enviou viatura ao endere\u00e7o do policial, diariamente, a partir do segundo dia de aus\u00eancia, repetindo o procedimento at\u00e9 completar o prazo. Em nenhuma dessas visitas o policial foi localizado&#8221;, disse a pol\u00edcia militar em nota.<\/div>\n<div style=\"text-align: justify;\"><\/div>\n<div style=\"text-align: justify;\">\n<div class=\"texto\">A PM informou ainda que Gabriel s\u00f3 se apresentou ao 34\u00ba BPM, nesta tarde, ap\u00f3s saber de sua expuls\u00e3o.<\/div>\n<div><\/div>\n<div class=\"texto\">&#8220;O soldado Gabriel Monteiro ser\u00e1 reintegrado \u00e0 tropa e responder\u00e1 em liberdade pelo crime de deser\u00e7\u00e3o, assim como continuar\u00e1 incurso na Comiss\u00e3o de Revis\u00e3o Disciplinar (CRD), instaurada contra ele anteriormente por quebra de hierarquia&#8221;, informou a PM.<\/div>\n<div><\/div>\n<div class=\"texto\">A corpora\u00e7\u00e3o informou ainda que\u00a0por faltar ao servi\u00e7o 52 vezes durante o per\u00edodo em que trabalhou efetivamente como militar e de cometer outras transgress\u00f5es, o soldado recebeu conceito \u201cmau\u201d em sua ficha disciplinar, a pior das cinco classifica\u00e7\u00f5es previstas no regulamento da corpora\u00e7\u00e3o: excepcional, \u00f3timo, bom, insuficiente e mau.<\/div>\n<div><\/div>\n<div class=\"texto\">&#8220;Gabriel foi apresentado no 34\u00ba BPM em 16 de mar\u00e7o e que at\u00e9 o dia 30 de julho (data em que se consumou a sua deser\u00e7\u00e3o) foi escalado em 45 servi\u00e7os, tendo faltado a 20 dentre os quais, apenas seis de forma justificada&#8221;, finalizou a nota.<\/div>\n<div><\/div>\n<div class=\"texto\">Gabriel Monteiro foi procurado pela reportagem para explicar o caso, mas n\u00e3o retornou.<\/div>\n<\/div>\n<div style=\"text-align: justify;\"><\/div>\n<pre>Fonte: Jornal O Dia<\/pre>\n","protected":false},"excerpt":{"rendered":"<p>Em nota, a Pol\u00edcia Militar informou que o soldado foi escalado em 45 servi\u00e7os, tendo faltado a 20 deles, dentre os quais, apenas seis de forma justificada<\/p>\n","protected":false},"author":1,"featured_media":13268,"comment_status":"open","ping_status":"open","sticky":false,"template":"","format":"standard","meta":{"_uag_custom_page_level_css":"","_monsterinsights_skip_tracking":false,"_monsterinsights_sitenote_active":false,"_monsterinsights_sitenote_note":"","_monsterinsights_sitenote_category":0,"jetpack_post_was_ever_published":false,"_jetpack_newsletter_access":"","_jetpack_dont_email_post_to_subs":false,"_jetpack_newsletter_tier_id":0,"_jetpack_memberships_contains_paywalled_content":false,"_jetpack_memberships_contains_paid_content":false,"footnotes":"","jetpack_publicize_message":"","jetpack_publicize_feature_enabled":true,"jetpack_social_post_already_shared":true,"jetpack_social_options":{"image_generator_settings":{"template":"highway","default_image_id":0,"font":"","enabled":false},"version":2}},"categories":[200,202],"tags":[],"class_list":["post-13267","post","type-post","status-publish","format-standard","has-post-thumbnail","hentry","category-brasil","category-policia"],"jetpack_publicize_connections":[],"jetpack_featured_media_url":"https:\/\/blogopara.com.br\/wp-content\/uploads\/2020\/08\/ximage-281029.png.pagespeed.ic_.tjTI50Gprl.jpg","uagb_featured_image_src":{"full":["https:\/\/blogopara.com.br\/wp-content\/uploads\/2020\/08\/ximage-281029.png.pagespeed.ic_.tjTI50Gprl.jpg",500,281,false],"thumbnail":["https:\/\/blogopara.com.br\/wp-content\/uploads\/2020\/08\/ximage-281029.png.pagespeed.ic_.tjTI50Gprl-150x150.jpg",150,150,true],"medium":["https:\/\/blogopara.com.br\/wp-content\/uploads\/2020\/08\/ximage-281029.png.pagespeed.ic_.tjTI50Gprl-300x169.jpg",300,169,true],"medium_large":["https:\/\/blogopara.com.br\/wp-content\/uploads\/2020\/08\/ximage-281029.png.pagespeed.ic_.tjTI50Gprl.jpg",500,281,false],"large":["https:\/\/blogopara.com.br\/wp-content\/uploads\/2020\/08\/ximage-281029.png.pagespeed.ic_.tjTI50Gprl.jpg",500,281,false],"1536x1536":["https:\/\/blogopara.com.br\/wp-content\/uploads\/2020\/08\/ximage-281029.png.pagespeed.ic_.tjTI50Gprl.jpg",500,281,false],"2048x2048":["https:\/\/blogopara.com.br\/wp-content\/uploads\/2020\/08\/ximage-281029.png.pagespeed.ic_.tjTI50Gprl.jpg",500,281,false],"mantranews-slider-large":["https:\/\/blogopara.com.br\/wp-content\/uploads\/2020\/08\/ximage-281029.png.pagespeed.ic_.tjTI50Gprl.jpg",500,281,false],"mantranews-featured-medium":["https:\/\/blogopara.com.br\/wp-content\/uploads\/2020\/08\/ximage-281029.png.pagespeed.ic_.tjTI50Gprl-420x281.jpg",420,281,true],"mantranews-featured-long":["https:\/\/blogopara.com.br\/wp-content\/uploads\/2020\/08\/ximage-281029.png.pagespeed.ic_.tjTI50Gprl-300x281.jpg",300,281,true],"mantranews-block-medium":["https:\/\/blogopara.com.br\/wp-content\/uploads\/2020\/08\/ximage-281029.png.pagespeed.ic_.tjTI50Gprl-464x281.jpg",464,281,true],"mantranews-carousel-image":["https:\/\/blogopara.com.br\/wp-content\/uploads\/2020\/08\/ximage-281029.png.pagespeed.ic_.tjTI50Gprl.jpg",500,281,false],"mantranews-block-thumb":["https:\/\/blogopara.com.br\/wp-content\/uploads\/2020\/08\/ximage-281029.png.pagespeed.ic_.tjTI50Gprl-322x230.jpg",322,230,true],"mantranews-single-large":["https:\/\/blogopara.com.br\/wp-content\/uploads\/2020\/08\/ximage-281029.png.pagespeed.ic_.tjTI50Gprl.jpg",500,281,false]},"uagb_author_info":{"display_name":"Reda\u00e7\u00e3o geral","author_link":"https:\/\/blogopara.com.br\/index.php\/author\/blogopara"},"uagb_comment_info":0,"uagb_excerpt":"Em nota, a Pol\u00edcia Militar informou que o soldado foi escalado em 45 servi\u00e7os, tendo faltado a 20 deles, dentre os quais, apenas seis de forma justificada","jetpack_sharing_enabled":true,"jetpack_likes_enabled":true,"_links":{"self":[{"href":"https:\/\/blogopara.com.br\/index.php\/wp-json\/wp\/v2\/posts\/13267","targetHints":{"allow":["GET"]}}],"collection":[{"href":"https:\/\/blogopara.com.br\/index.php\/wp-json\/wp\/v2\/posts"}],"about":[{"href":"https:\/\/blogopara.com.br\/index.php\/wp-json\/wp\/v2\/types\/post"}],"author":[{"embeddable":true,"href":"https:\/\/blogopara.com.br\/index.php\/wp-json\/wp\/v2\/users\/1"}],"replies":[{"embeddable":true,"href":"https:\/\/blogopara.com.br\/index.php\/wp-json\/wp\/v2\/comments?post=13267"}],"version-history":[{"count":3,"href":"https:\/\/blogopara.com.br\/index.php\/wp-json\/wp\/v2\/posts\/13267\/revisions"}],"predecessor-version":[{"id":13271,"href":"https:\/\/blogopara.com.br\/index.php\/wp-json\/wp\/v2\/posts\/13267\/revisions\/13271"}],"wp:featuredmedia":[{"embeddable":true,"href":"https:\/\/blogopara.com.br\/index.php\/wp-json\/wp\/v2\/media\/13268"}],"wp:attachment":[{"href":"https:\/\/blogopara.com.br\/index.php\/wp-json\/wp\/v2\/media?parent=13267"}],"wp:term":[{"taxonomy":"category","embeddable":true,"href":"https:\/\/blogopara.com.br\/index.php\/wp-json\/wp\/v2\/categories?post=13267"},{"taxonomy":"post_tag","embeddable":true,"href":"https:\/\/blogopara.com.br\/index.php\/wp-json\/wp\/v2\/tags?post=13267"}],"curies":[{"name":"wp","href":"https:\/\/api.w.org\/{rel}","templated":true}]}}