{"id":13275,"date":"2020-08-07T08:26:00","date_gmt":"2020-08-07T11:26:00","guid":{"rendered":"http:\/\/blogopara.com.br\/?p=13275"},"modified":"2020-08-07T08:04:13","modified_gmt":"2020-08-07T11:04:13","slug":"opiniao-quem-e-bruno-bitencourt-que-os-conservadores-de-esquerda-de-juazeiro-perseguem","status":"publish","type":"post","link":"https:\/\/blogopara.com.br\/index.php\/2020\/08\/07\/opiniao-quem-e-bruno-bitencourt-que-os-conservadores-de-esquerda-de-juazeiro-perseguem","title":{"rendered":"Opini\u00e3o: Quem \u00e9 Bruno Bitencourt que os conservadores de esquerda de Juazeiro perseguem?"},"content":{"rendered":"<p style=\"text-align: justify;\">O jovem Bruno Bitencourt representa a cara da gera\u00e7\u00e3o Z ou Centenial, com idades entre 8 e 23 anos, tamb\u00e9m conhecidos como centenials, por terem vindo ao mundo em plena mudan\u00e7a de s\u00e9culo \u2014 os mais velhos s\u00e3o do ano de 1995 e os mais novos nasceram em 2010, chegaram com um tablet e um smartphone debaixo do bra\u00e7o.<\/p>\n<p style=\"text-align: justify;\">Bruno \u00e9 um digital influencer, sendo um dos mais famosos na regi\u00e3o, com mais de 50 mil seguidores nas redes sociais, com capacidade de influenciar, ditar tend\u00eancias, comportamentos e opini\u00f5es. Nos seus diversos v\u00eddeos publicados nas redes sociais, Bruno peca por ser irreverente, por extrapolar energia da juventude, com espontaneidade e humor fora do comum.<\/p>\n<p style=\"text-align: justify;\">Em um dos seus posts Bruno se vestiu de Anitta, e arrasou, v\u00e1rios seguidores foram a loucura com tanta irrever\u00eancia. Logo ele que foge do padr\u00e3o dos jovens da sua idade. Nada de corpo sarado ap\u00f3s longas horas de academia e ingest\u00e3o de suplementos, muito pelo contr\u00e1rio, estar com sobrepeso, cara redonda e buxo saliente. Como pode se vestir de Anitta, uma musa pela alta defini\u00e7\u00e3o do corpo espetacular?<\/p>\n<p style=\"text-align: justify;\">Mas Bruno foi a v\u00edtima mais recente da mil\u00edcia virtual e de fakes compartilhados em grupos de mensagens ligados alguns partidos de esquerda em Juazeiro, aqueles que gritam a igualdade de direitos e o respeito a diversidade, principalmente aos grupos LGBTQI+. O ataque a Bruno, foi logo ap\u00f3s ele ter feito um v\u00eddeo bem-humorado, brincando com a ciclovia com os postes no meio numa avenida que d\u00e1 acesso ao bairro Pedra do Lord.<\/p>\n<p style=\"text-align: justify;\">Parece paradoxal, e \u00e9; trata-se de uma ades\u00e3o de alguns partidos de esquerda aos itens da pauta conservadora nos costumes e nas pr\u00e1ticas. Tudo pela manuten\u00e7\u00e3o do poder, o que eles desejam \u00e9 continuar com os discursos que empolgam a milit\u00e2ncia e os desavisados sobre qual \u00e9 a real inten\u00e7\u00e3o deles.<\/p>\n<p style=\"text-align: justify;\">Muitos se declaram e esbravejam serem feministas e que respeitam a diversidade, mas s\u00e3o incapazes de se pronunciarem contra esses atos fascistas e antidemocr\u00e1ticos, por uma simples raz\u00e3o: falta-lhes coragem e \u00e9tica para defenderem as suas pautas discursais.<\/p>\n<p style=\"text-align: justify;\">Bruno \u00e9 filho de Eliene Bitencourt, que tamb\u00e9m foi v\u00edtima da mil\u00edcia virtual e fakeana. Eliene foi rainha do carnaval de Juazeiro, aos 47 anos, quebrando todos os tabus.<\/p>\n<p><img loading=\"lazy\" decoding=\"async\" class=\"alignnone size-medium wp-image-13276\" src=\"https:\/\/blogopara.com.br\/wp-content\/uploads\/2020\/08\/WhatsApp-Image-2020-08-04-at-17.45.54-138x300.jpeg\" alt=\"\" width=\"138\" height=\"300\" srcset=\"https:\/\/blogopara.com.br\/wp-content\/uploads\/2020\/08\/WhatsApp-Image-2020-08-04-at-17.45.54-138x300.jpeg 138w, https:\/\/blogopara.com.br\/wp-content\/uploads\/2020\/08\/WhatsApp-Image-2020-08-04-at-17.45.54-473x1024.jpeg 473w, https:\/\/blogopara.com.br\/wp-content\/uploads\/2020\/08\/WhatsApp-Image-2020-08-04-at-17.45.54.jpeg 540w\" sizes=\"auto, (max-width: 138px) 100vw, 138px\" \/><\/p>\n<p style=\"text-align: justify;\">Bruno e Eliene, costumam receber na sua casa muitas pessoas, de todas as classes sociais: pretos, pobres, gays, e juntas se confraternizam com muitas irrever\u00eancias e humor. Nessas confraterniza\u00e7\u00f5es eles costumam postar as fotos com os amigos nas redes sociais, uma dessas fotos foi utilizada preconceituosamente. Num ataque homof\u00f3bico, um grupo de amigos, todos gays, foram duramente atacados, inclusive um deles apresentou quadro de depress\u00e3o ap\u00f3s a viriliza\u00e7\u00e3o da foto numa montagem para atacar Bruno e Eliene Bitencourt.<\/p>\n<p style=\"text-align: justify;\">O Coletivos de defesa dos direitos das minorias com os seus ditos representantes, se calaram, ficaram mudos pela conveni\u00eancia que lhes peculiar. Nenhuma nota e nenhum discurso do fora o fascismo, o patriarcado, o machismo, a hipocrisia, a homofobia e etc.<\/p>\n<p style=\"text-align: justify;\">Bruno deve ter herdado da m\u00e3e a espontaneidade, o car\u00e1ter, a humanidade, a firmeza e a franqueza em dizer o que pensa, sem arrodeios pol\u00edticos.<\/p>\n<p style=\"text-align: justify;\">A caminhada ainda estar nos primeiros passos, mas Bruno \u00e9 uma promessa de renova\u00e7\u00e3o que Juazeiro tanto precisa.<\/p>\n<pre>Thiago Ribeiro Nunes\nEstudante<\/pre>\n","protected":false},"excerpt":{"rendered":"<p>O jovem Bruno Bitencourt representa a cara da gera\u00e7\u00e3o Z ou Centenial, com idades entre 8 e 23 anos, tamb\u00e9m conhecidos como centenials, por terem vindo ao mundo em plena mudan\u00e7a de s\u00e9culo \u2014 os mais velhos s\u00e3o do ano de 1995 e os mais novos nasceram em 2010, chegaram com um tablet e um [&hellip;]<\/p>\n","protected":false},"author":1,"featured_media":13277,"comment_status":"open","ping_status":"open","sticky":false,"template":"","format":"standard","meta":{"_uag_custom_page_level_css":"","_monsterinsights_skip_tracking":false,"_monsterinsights_sitenote_active":false,"_monsterinsights_sitenote_note":"","_monsterinsights_sitenote_category":0,"jetpack_post_was_ever_published":false,"_jetpack_newsletter_access":"","_jetpack_dont_email_post_to_subs":false,"_jetpack_newsletter_tier_id":0,"_jetpack_memberships_contains_paywalled_content":false,"_jetpack_memberships_contains_paid_content":false,"footnotes":"","jetpack_publicize_message":"","jetpack_publicize_feature_enabled":true,"jetpack_social_post_already_shared":true,"jetpack_social_options":{"image_generator_settings":{"template":"highway","default_image_id":0,"font":"","enabled":false},"version":2}},"categories":[203,197,204],"tags":[],"class_list":["post-13275","post","type-post","status-publish","format-standard","has-post-thumbnail","hentry","category-juazeiro","category-politica","category-social"],"jetpack_publicize_connections":[],"jetpack_featured_media_url":"https:\/\/blogopara.com.br\/wp-content\/uploads\/2020\/08\/Design-sem-nome-1.jpg","uagb_featured_image_src":{"full":["https:\/\/blogopara.com.br\/wp-content\/uploads\/2020\/08\/Design-sem-nome-1.jpg",500,707,false],"thumbnail":["https:\/\/blogopara.com.br\/wp-content\/uploads\/2020\/08\/Design-sem-nome-1-150x150.jpg",150,150,true],"medium":["https:\/\/blogopara.com.br\/wp-content\/uploads\/2020\/08\/Design-sem-nome-1-212x300.jpg",212,300,true],"medium_large":["https:\/\/blogopara.com.br\/wp-content\/uploads\/2020\/08\/Design-sem-nome-1.jpg",500,707,false],"large":["https:\/\/blogopara.com.br\/wp-content\/uploads\/2020\/08\/Design-sem-nome-1.jpg",500,707,false],"1536x1536":["https:\/\/blogopara.com.br\/wp-content\/uploads\/2020\/08\/Design-sem-nome-1.jpg",500,707,false],"2048x2048":["https:\/\/blogopara.com.br\/wp-content\/uploads\/2020\/08\/Design-sem-nome-1.jpg",500,707,false],"mantranews-slider-large":["https:\/\/blogopara.com.br\/wp-content\/uploads\/2020\/08\/Design-sem-nome-1.jpg",500,707,false],"mantranews-featured-medium":["https:\/\/blogopara.com.br\/wp-content\/uploads\/2020\/08\/Design-sem-nome-1-420x307.jpg",420,307,true],"mantranews-featured-long":["https:\/\/blogopara.com.br\/wp-content\/uploads\/2020\/08\/Design-sem-nome-1-300x443.jpg",300,443,true],"mantranews-block-medium":["https:\/\/blogopara.com.br\/wp-content\/uploads\/2020\/08\/Design-sem-nome-1-464x290.jpg",464,290,true],"mantranews-carousel-image":["https:\/\/blogopara.com.br\/wp-content\/uploads\/2020\/08\/Design-sem-nome-1-500x500.jpg",500,500,true],"mantranews-block-thumb":["https:\/\/blogopara.com.br\/wp-content\/uploads\/2020\/08\/Design-sem-nome-1-322x230.jpg",322,230,true],"mantranews-single-large":["https:\/\/blogopara.com.br\/wp-content\/uploads\/2020\/08\/Design-sem-nome-1-500x642.jpg",500,642,true]},"uagb_author_info":{"display_name":"Reda\u00e7\u00e3o geral","author_link":"https:\/\/blogopara.com.br\/index.php\/author\/blogopara"},"uagb_comment_info":0,"uagb_excerpt":"O jovem Bruno Bitencourt representa a cara da gera\u00e7\u00e3o Z ou Centenial, com idades entre 8 e 23 anos, tamb\u00e9m conhecidos como centenials, por terem vindo ao mundo em plena mudan\u00e7a de s\u00e9culo \u2014 os mais velhos s\u00e3o do ano de 1995 e os mais novos nasceram em 2010, chegaram com um tablet e um&hellip;","jetpack_sharing_enabled":true,"jetpack_likes_enabled":true,"_links":{"self":[{"href":"https:\/\/blogopara.com.br\/index.php\/wp-json\/wp\/v2\/posts\/13275","targetHints":{"allow":["GET"]}}],"collection":[{"href":"https:\/\/blogopara.com.br\/index.php\/wp-json\/wp\/v2\/posts"}],"about":[{"href":"https:\/\/blogopara.com.br\/index.php\/wp-json\/wp\/v2\/types\/post"}],"author":[{"embeddable":true,"href":"https:\/\/blogopara.com.br\/index.php\/wp-json\/wp\/v2\/users\/1"}],"replies":[{"embeddable":true,"href":"https:\/\/blogopara.com.br\/index.php\/wp-json\/wp\/v2\/comments?post=13275"}],"version-history":[{"count":3,"href":"https:\/\/blogopara.com.br\/index.php\/wp-json\/wp\/v2\/posts\/13275\/revisions"}],"predecessor-version":[{"id":13280,"href":"https:\/\/blogopara.com.br\/index.php\/wp-json\/wp\/v2\/posts\/13275\/revisions\/13280"}],"wp:featuredmedia":[{"embeddable":true,"href":"https:\/\/blogopara.com.br\/index.php\/wp-json\/wp\/v2\/media\/13277"}],"wp:attachment":[{"href":"https:\/\/blogopara.com.br\/index.php\/wp-json\/wp\/v2\/media?parent=13275"}],"wp:term":[{"taxonomy":"category","embeddable":true,"href":"https:\/\/blogopara.com.br\/index.php\/wp-json\/wp\/v2\/categories?post=13275"},{"taxonomy":"post_tag","embeddable":true,"href":"https:\/\/blogopara.com.br\/index.php\/wp-json\/wp\/v2\/tags?post=13275"}],"curies":[{"name":"wp","href":"https:\/\/api.w.org\/{rel}","templated":true}]}}