{"id":13321,"date":"2020-08-09T20:43:15","date_gmt":"2020-08-09T23:43:15","guid":{"rendered":"http:\/\/blogopara.com.br\/?p=13321"},"modified":"2020-08-09T20:48:16","modified_gmt":"2020-08-09T23:48:16","slug":"juazeiro-ivermectina-e-azitromicina-serao-usados-pela-sesau-no-combate-ao-covid","status":"publish","type":"post","link":"https:\/\/blogopara.com.br\/index.php\/2020\/08\/09\/juazeiro-ivermectina-e-azitromicina-serao-usados-pela-sesau-no-combate-ao-covid","title":{"rendered":"Juazeiro: Ivermectina e azitromicina ser\u00e3o usados pela SESAU no combate ao covid"},"content":{"rendered":"<p style=\"text-align: justify;\">No m\u00eas de maio quando indagada sobre o Protocolo para o uso de medicamentos para o tratamento do covid em Juazeiro, a secret\u00e1ria de sa\u00fade, Fab\u00edola Ribeiro, disse: &#8220;Estamos acompanhando tudo isso, a quest\u00e3o da cidade de Floriano -PI, mas n\u00e3o temos como fazer isso sem uma <strong>base cient\u00edfica, portanto, Juazeiro n\u00e3o ir\u00e1 adotar esta proposta terap\u00eautica<\/strong>&#8221; comentou.<\/p>\n<p style=\"text-align: justify;\">Ap\u00f3s dois meses do coment\u00e1rio da secret\u00e1ria Fab\u00edola Ribeiro, os medicamentos azitromicina e ivermectina continuam sem base cientifica como eficientes no tratamento ao covid, a diferen\u00e7a \u00e9 que agora no m\u00eas de julho, o munic\u00edpio de\u00a0 Juazeiro passou adotar o Protocolo para o uso dos medicamentos no tratamento dos pacientes de covid.<\/p>\n<p style=\"text-align: justify;\">A Portaria GAB\/SESAU\/ n\u00ba 007\/2020, diz que: &#8220;Considerando o resultado positivo em varias localidades onde os medicamentos foram implantados precocemente&#8221;. Ora, no m\u00eas de maio foi apresentado a secret\u00e1ria a experi\u00eancia do Hospital Regional Tib\u00e9rio Nunes, na cidade de Floriano\/PI. A cidade foi uma das primeiras cidades no Brasil a ofertar na rede de Aten\u00e7\u00e3o B\u00e1sica do munic\u00edpio a cloroquina e azitromicina, medica\u00e7\u00e3o utilizada no tratamento da covid-19.<\/p>\n<p style=\"text-align: justify;\">O artigo 1\u00ba da Portaria diz que os medicamentos ser\u00e3o distribu\u00eddos para o tratamento precoce ao covid-19 nas unidades de Aten\u00e7\u00e3o B\u00e1sica e Secund\u00e1ria (UPA, UBS, Hospital Materno Infantil e etc).<\/p>\n<p style=\"text-align: justify;\">O munic\u00edpio de Juazeiro chegou a quase 70 pessoas mortas pelo covid. O que fez a secret\u00e1ria mudar de ideia quanto ao uso dos medicamentos? Foram as diverg\u00eancias com o governo federal? Descaso em cuidar da sa\u00fade da popula\u00e7\u00e3o? Ou desespero pelo o aumento de casos em Juazeiro?<\/p>\n<p style=\"text-align: justify;\">A OMS (Organiza\u00e7\u00e3o Mundial da Sa\u00fade) n\u00e3o reconhece nenhum medicamento ou vacina para o tratamento de pacientes com Covid-19. Embora j\u00e1 tenha pesquisas com vacinas em fase de testes, o que representa a grande esperan\u00e7a da humanidade.<\/p>\n<p>Confira a Portaria da SESAU:<\/p>\n<p><img loading=\"lazy\" decoding=\"async\" class=\"alignnone size-medium wp-image-13327\" src=\"https:\/\/blogopara.com.br\/wp-content\/uploads\/2020\/08\/WhatsApp-Image-2020-07-31-at-22.22.28-1-169x300.jpeg\" alt=\"\" width=\"169\" height=\"300\" srcset=\"https:\/\/blogopara.com.br\/wp-content\/uploads\/2020\/08\/WhatsApp-Image-2020-07-31-at-22.22.28-1-169x300.jpeg 169w, https:\/\/blogopara.com.br\/wp-content\/uploads\/2020\/08\/WhatsApp-Image-2020-07-31-at-22.22.28-1-576x1024.jpeg 576w, https:\/\/blogopara.com.br\/wp-content\/uploads\/2020\/08\/WhatsApp-Image-2020-07-31-at-22.22.28-1.jpeg 720w\" sizes=\"auto, (max-width: 169px) 100vw, 169px\" \/> <img loading=\"lazy\" decoding=\"async\" class=\"alignnone size-medium wp-image-13328\" src=\"https:\/\/blogopara.com.br\/wp-content\/uploads\/2020\/08\/WhatsApp-Image-2020-07-31-at-22.22.28-169x300.jpeg\" alt=\"\" width=\"169\" height=\"300\" srcset=\"https:\/\/blogopara.com.br\/wp-content\/uploads\/2020\/08\/WhatsApp-Image-2020-07-31-at-22.22.28-169x300.jpeg 169w, https:\/\/blogopara.com.br\/wp-content\/uploads\/2020\/08\/WhatsApp-Image-2020-07-31-at-22.22.28-576x1024.jpeg 576w, https:\/\/blogopara.com.br\/wp-content\/uploads\/2020\/08\/WhatsApp-Image-2020-07-31-at-22.22.28.jpeg 720w\" sizes=\"auto, (max-width: 169px) 100vw, 169px\" \/><\/p>\n","protected":false},"excerpt":{"rendered":"<p>No m\u00eas de maio quando indagada sobre o Protocolo para o uso de medicamentos para o tratamento do covid em Juazeiro, a secret\u00e1ria de sa\u00fade, Fab\u00edola Ribeiro, disse: &#8220;Estamos acompanhando tudo isso, a quest\u00e3o da cidade de Floriano -PI, mas n\u00e3o temos como fazer isso sem uma base cient\u00edfica, portanto, Juazeiro n\u00e3o ir\u00e1 adotar esta [&hellip;]<\/p>\n","protected":false},"author":1,"featured_media":13329,"comment_status":"open","ping_status":"open","sticky":false,"template":"","format":"standard","meta":{"_uag_custom_page_level_css":"","_monsterinsights_skip_tracking":false,"_monsterinsights_sitenote_active":false,"_monsterinsights_sitenote_note":"","_monsterinsights_sitenote_category":0,"jetpack_post_was_ever_published":false,"_jetpack_newsletter_access":"","_jetpack_dont_email_post_to_subs":false,"_jetpack_newsletter_tier_id":0,"_jetpack_memberships_contains_paywalled_content":false,"_jetpack_memberships_contains_paid_content":false,"footnotes":"","jetpack_publicize_message":"","jetpack_publicize_feature_enabled":true,"jetpack_social_post_already_shared":true,"jetpack_social_options":{"image_generator_settings":{"template":"highway","default_image_id":0,"font":"","enabled":false},"version":2}},"categories":[203,197,205],"tags":[],"class_list":["post-13321","post","type-post","status-publish","format-standard","has-post-thumbnail","hentry","category-juazeiro","category-politica","category-saude"],"jetpack_publicize_connections":[],"jetpack_featured_media_url":"https:\/\/blogopara.com.br\/wp-content\/uploads\/2020\/08\/Black-and-White-Wood-Texture-General-Father-Instagram-Post-1.jpg","uagb_featured_image_src":{"full":["https:\/\/blogopara.com.br\/wp-content\/uploads\/2020\/08\/Black-and-White-Wood-Texture-General-Father-Instagram-Post-1.jpg",500,500,false],"thumbnail":["https:\/\/blogopara.com.br\/wp-content\/uploads\/2020\/08\/Black-and-White-Wood-Texture-General-Father-Instagram-Post-1-150x150.jpg",150,150,true],"medium":["https:\/\/blogopara.com.br\/wp-content\/uploads\/2020\/08\/Black-and-White-Wood-Texture-General-Father-Instagram-Post-1-300x300.jpg",300,300,true],"medium_large":["https:\/\/blogopara.com.br\/wp-content\/uploads\/2020\/08\/Black-and-White-Wood-Texture-General-Father-Instagram-Post-1.jpg",500,500,false],"large":["https:\/\/blogopara.com.br\/wp-content\/uploads\/2020\/08\/Black-and-White-Wood-Texture-General-Father-Instagram-Post-1.jpg",500,500,false],"1536x1536":["https:\/\/blogopara.com.br\/wp-content\/uploads\/2020\/08\/Black-and-White-Wood-Texture-General-Father-Instagram-Post-1.jpg",500,500,false],"2048x2048":["https:\/\/blogopara.com.br\/wp-content\/uploads\/2020\/08\/Black-and-White-Wood-Texture-General-Father-Instagram-Post-1.jpg",500,500,false],"mantranews-slider-large":["https:\/\/blogopara.com.br\/wp-content\/uploads\/2020\/08\/Black-and-White-Wood-Texture-General-Father-Instagram-Post-1.jpg",500,500,false],"mantranews-featured-medium":["https:\/\/blogopara.com.br\/wp-content\/uploads\/2020\/08\/Black-and-White-Wood-Texture-General-Father-Instagram-Post-1-420x307.jpg",420,307,true],"mantranews-featured-long":["https:\/\/blogopara.com.br\/wp-content\/uploads\/2020\/08\/Black-and-White-Wood-Texture-General-Father-Instagram-Post-1-300x443.jpg",300,443,true],"mantranews-block-medium":["https:\/\/blogopara.com.br\/wp-content\/uploads\/2020\/08\/Black-and-White-Wood-Texture-General-Father-Instagram-Post-1-464x290.jpg",464,290,true],"mantranews-carousel-image":["https:\/\/blogopara.com.br\/wp-content\/uploads\/2020\/08\/Black-and-White-Wood-Texture-General-Father-Instagram-Post-1.jpg",500,500,false],"mantranews-block-thumb":["https:\/\/blogopara.com.br\/wp-content\/uploads\/2020\/08\/Black-and-White-Wood-Texture-General-Father-Instagram-Post-1-322x230.jpg",322,230,true],"mantranews-single-large":["https:\/\/blogopara.com.br\/wp-content\/uploads\/2020\/08\/Black-and-White-Wood-Texture-General-Father-Instagram-Post-1.jpg",500,500,false]},"uagb_author_info":{"display_name":"Reda\u00e7\u00e3o geral","author_link":"https:\/\/blogopara.com.br\/index.php\/author\/blogopara"},"uagb_comment_info":1,"uagb_excerpt":"No m\u00eas de maio quando indagada sobre o Protocolo para o uso de medicamentos para o tratamento do covid em Juazeiro, a secret\u00e1ria de sa\u00fade, Fab\u00edola Ribeiro, disse: &#8220;Estamos acompanhando tudo isso, a quest\u00e3o da cidade de Floriano -PI, mas n\u00e3o temos como fazer isso sem uma base cient\u00edfica, portanto, Juazeiro n\u00e3o ir\u00e1 adotar esta&hellip;","jetpack_sharing_enabled":true,"jetpack_likes_enabled":true,"_links":{"self":[{"href":"https:\/\/blogopara.com.br\/index.php\/wp-json\/wp\/v2\/posts\/13321","targetHints":{"allow":["GET"]}}],"collection":[{"href":"https:\/\/blogopara.com.br\/index.php\/wp-json\/wp\/v2\/posts"}],"about":[{"href":"https:\/\/blogopara.com.br\/index.php\/wp-json\/wp\/v2\/types\/post"}],"author":[{"embeddable":true,"href":"https:\/\/blogopara.com.br\/index.php\/wp-json\/wp\/v2\/users\/1"}],"replies":[{"embeddable":true,"href":"https:\/\/blogopara.com.br\/index.php\/wp-json\/wp\/v2\/comments?post=13321"}],"version-history":[{"count":9,"href":"https:\/\/blogopara.com.br\/index.php\/wp-json\/wp\/v2\/posts\/13321\/revisions"}],"predecessor-version":[{"id":13333,"href":"https:\/\/blogopara.com.br\/index.php\/wp-json\/wp\/v2\/posts\/13321\/revisions\/13333"}],"wp:featuredmedia":[{"embeddable":true,"href":"https:\/\/blogopara.com.br\/index.php\/wp-json\/wp\/v2\/media\/13329"}],"wp:attachment":[{"href":"https:\/\/blogopara.com.br\/index.php\/wp-json\/wp\/v2\/media?parent=13321"}],"wp:term":[{"taxonomy":"category","embeddable":true,"href":"https:\/\/blogopara.com.br\/index.php\/wp-json\/wp\/v2\/categories?post=13321"},{"taxonomy":"post_tag","embeddable":true,"href":"https:\/\/blogopara.com.br\/index.php\/wp-json\/wp\/v2\/tags?post=13321"}],"curies":[{"name":"wp","href":"https:\/\/api.w.org\/{rel}","templated":true}]}}