{"id":13363,"date":"2020-08-10T18:22:35","date_gmt":"2020-08-10T21:22:35","guid":{"rendered":"http:\/\/blogopara.com.br\/?p=13363"},"modified":"2020-08-10T18:22:38","modified_gmt":"2020-08-10T21:22:38","slug":"salvador-vai-ceder-respiradores-para-enfrentamento-a-covid-19-no-interior","status":"publish","type":"post","link":"https:\/\/blogopara.com.br\/index.php\/2020\/08\/10\/salvador-vai-ceder-respiradores-para-enfrentamento-a-covid-19-no-interior","title":{"rendered":"Salvador vai ceder respiradores para enfrentamento \u00e0 Covid-19 no interior"},"content":{"rendered":"<p style=\"text-align: justify;\">Novos respiradores ir\u00e3o refor\u00e7ar o enfrentamento \u00e0 pandemia de Covid-19 em Salvador, possibilitando a abertura de novos leitos de UTI para tratamento dos pacientes e, tamb\u00e9m, o prosseguimento das fases de retomada das atividades na cidade. Al\u00e9m disso, uma parte dos equipamentos ser\u00e1 destinada pela Prefeitura da capital a munic\u00edpios do interior.<\/p>\n<p style=\"text-align: justify;\">Os 55 respiradores recebidos pela Prefeitura foram apresentados nesta segunda-feira (10), no Centro de Log\u00edstica Municipal (CLM), na BR-324. Estiveram presentes na ocasi\u00e3o o prefeito ACM Neto e o vice Bruno Reis, al\u00e9m do secret\u00e1rio municipal da Sa\u00fade (SMS), Leo Prates, corpo t\u00e9cnico e imprensa.<\/p>\n<p style=\"text-align: justify;\">Os equipamentos foram fruto de parceria com a iniciativa privada, sendo 50 deles cedidos pela empresa Hapvida atrav\u00e9s de comodato, e os outros cinco foram doados pela empresa Suzano. \u201cVinte desses respiradores ser\u00e3o cedidos ao governo estadual, que vai coloc\u00e1-los em cidades do interior. Isso tamb\u00e9m \u00e9 importante para a capital, porque quanto menos pacientes vierem a Salvador, menor ser\u00e1 a press\u00e3o nos hospitais da cidade\u201d, explicou ACM Neto.<\/p>\n<p style=\"text-align: justify;\">Outros 20 respiradores v\u00e3o funcionar na segunda tenda do Hospital de Campanha Wet\u2019n Wild, na Avenida Luiz Viana Filho (Paralela), passando assim a ter 40 leitos de UTI (atualmente possui 20).<\/p>\n<p style=\"text-align: justify;\">Dez respiradores dever\u00e3o ser encaminhados ao Hospital Salvador, dependendo apenas da quest\u00e3o judicial que envolve o funcionamento dos leitos. Os cinco equipamentos restantes ficar\u00e3o de reserva para uma poss\u00edvel necessidade.<\/p>\n<p style=\"text-align: justify;\"><strong>Fase dois<\/strong>\u00a0\u2013 O prefeito tamb\u00e9m falou sobre o in\u00edcio, nesta segunda-feira, da segunda fase de retomada das atividades econ\u00f4micas na cidade com \u00edndice melhor do que o esperado na ocupa\u00e7\u00e3o dos leitos de UTI, com 55% registrado ontem (9). \u201cGra\u00e7as a Deus, a taxa dessa ocupa\u00e7\u00e3o vem caindo e foi exatamente isso que permitiu que, a partir de hoje, pudesse ser autorizada a retomada de diversas atividades de Salvador\u201d.<\/p>\n<p style=\"text-align: justify;\">Com isso, mais de 30 mil estabelecimentos voltam a funcionar com atendimento presencial depois de quase cinco meses fechados. \u201cA gente compreendeu a dificuldade dessas pessoas, que s\u00e3o donos de bares, restaurantes, sal\u00f5es de beleza, barbearias, academias de gin\u00e1stica, centros culturais. Claro, quando chegou em um momento seguro, foi permitido que eles pudessem voltar \u00e0s suas atividades\u201d, declarou ACM Neto.<\/p>\n<p style=\"text-align: justify;\">Ele ainda fez quest\u00e3o de ressaltar o esfor\u00e7o que a Prefeitura vem fazendo para manter equilibrada a taxa de ocupa\u00e7\u00e3o dos leitos de UTI, e fez um apelo para que a popula\u00e7\u00e3o continue colaborando para a diminui\u00e7\u00e3o da transmiss\u00e3o da Covid-19. \u201cO desafio est\u00e1 ainda maior, vamos fiscalizar a cidade toda e os cidad\u00e3os, atrav\u00e9s do 156 e do 160, tamb\u00e9m podem ajudar denunciando estabelecimentos que n\u00e3o estejam cumprindo os protocolos de seguran\u00e7a. Aos poucos, vamos superando esses desafios da pandemia e retomando a normalidade na nossa capital\u201d, finalizou o prefeito.<\/p>\n<pre>Foto: Valter Pontes\/Secom<\/pre>\n","protected":false},"excerpt":{"rendered":"<p>Novos respiradores ir\u00e3o refor\u00e7ar o enfrentamento \u00e0 pandemia de Covid-19 em Salvador, possibilitando a abertura de novos leitos de UTI para tratamento dos pacientes e, tamb\u00e9m, o prosseguimento das fases de retomada das atividades na cidade. Al\u00e9m disso, uma parte dos equipamentos ser\u00e1 destinada pela Prefeitura da capital a munic\u00edpios do interior. Os 55 respiradores [&hellip;]<\/p>\n","protected":false},"author":1,"featured_media":13364,"comment_status":"open","ping_status":"open","sticky":false,"template":"","format":"standard","meta":{"_uag_custom_page_level_css":"","_monsterinsights_skip_tracking":false,"_monsterinsights_sitenote_active":false,"_monsterinsights_sitenote_note":"","_monsterinsights_sitenote_category":0,"jetpack_post_was_ever_published":false,"_jetpack_newsletter_access":"","_jetpack_dont_email_post_to_subs":false,"_jetpack_newsletter_tier_id":0,"_jetpack_memberships_contains_paywalled_content":false,"_jetpack_memberships_contains_paid_content":false,"footnotes":"","jetpack_publicize_message":"","jetpack_publicize_feature_enabled":true,"jetpack_social_post_already_shared":true,"jetpack_social_options":{"image_generator_settings":{"template":"highway","default_image_id":0,"font":"","enabled":false},"version":2}},"categories":[199,205],"tags":[],"class_list":["post-13363","post","type-post","status-publish","format-standard","has-post-thumbnail","hentry","category-bahia","category-saude"],"jetpack_publicize_connections":[],"jetpack_featured_media_url":"https:\/\/blogopara.com.br\/wp-content\/uploads\/2020\/08\/AR10.jpg","uagb_featured_image_src":{"full":["https:\/\/blogopara.com.br\/wp-content\/uploads\/2020\/08\/AR10.jpg",480,260,false],"thumbnail":["https:\/\/blogopara.com.br\/wp-content\/uploads\/2020\/08\/AR10-150x150.jpg",150,150,true],"medium":["https:\/\/blogopara.com.br\/wp-content\/uploads\/2020\/08\/AR10-300x163.jpg",300,163,true],"medium_large":["https:\/\/blogopara.com.br\/wp-content\/uploads\/2020\/08\/AR10.jpg",480,260,false],"large":["https:\/\/blogopara.com.br\/wp-content\/uploads\/2020\/08\/AR10.jpg",480,260,false],"1536x1536":["https:\/\/blogopara.com.br\/wp-content\/uploads\/2020\/08\/AR10.jpg",480,260,false],"2048x2048":["https:\/\/blogopara.com.br\/wp-content\/uploads\/2020\/08\/AR10.jpg",480,260,false],"mantranews-slider-large":["https:\/\/blogopara.com.br\/wp-content\/uploads\/2020\/08\/AR10.jpg",480,260,false],"mantranews-featured-medium":["https:\/\/blogopara.com.br\/wp-content\/uploads\/2020\/08\/AR10-420x260.jpg",420,260,true],"mantranews-featured-long":["https:\/\/blogopara.com.br\/wp-content\/uploads\/2020\/08\/AR10-300x260.jpg",300,260,true],"mantranews-block-medium":["https:\/\/blogopara.com.br\/wp-content\/uploads\/2020\/08\/AR10-464x260.jpg",464,260,true],"mantranews-carousel-image":["https:\/\/blogopara.com.br\/wp-content\/uploads\/2020\/08\/AR10.jpg",480,260,false],"mantranews-block-thumb":["https:\/\/blogopara.com.br\/wp-content\/uploads\/2020\/08\/AR10-322x230.jpg",322,230,true],"mantranews-single-large":["https:\/\/blogopara.com.br\/wp-content\/uploads\/2020\/08\/AR10.jpg",480,260,false]},"uagb_author_info":{"display_name":"Reda\u00e7\u00e3o geral","author_link":"https:\/\/blogopara.com.br\/index.php\/author\/blogopara"},"uagb_comment_info":0,"uagb_excerpt":"Novos respiradores ir\u00e3o refor\u00e7ar o enfrentamento \u00e0 pandemia de Covid-19 em Salvador, possibilitando a abertura de novos leitos de UTI para tratamento dos pacientes e, tamb\u00e9m, o prosseguimento das fases de retomada das atividades na cidade. Al\u00e9m disso, uma parte dos equipamentos ser\u00e1 destinada pela Prefeitura da capital a munic\u00edpios do interior. Os 55 respiradores&hellip;","jetpack_sharing_enabled":true,"jetpack_likes_enabled":true,"_links":{"self":[{"href":"https:\/\/blogopara.com.br\/index.php\/wp-json\/wp\/v2\/posts\/13363","targetHints":{"allow":["GET"]}}],"collection":[{"href":"https:\/\/blogopara.com.br\/index.php\/wp-json\/wp\/v2\/posts"}],"about":[{"href":"https:\/\/blogopara.com.br\/index.php\/wp-json\/wp\/v2\/types\/post"}],"author":[{"embeddable":true,"href":"https:\/\/blogopara.com.br\/index.php\/wp-json\/wp\/v2\/users\/1"}],"replies":[{"embeddable":true,"href":"https:\/\/blogopara.com.br\/index.php\/wp-json\/wp\/v2\/comments?post=13363"}],"version-history":[{"count":1,"href":"https:\/\/blogopara.com.br\/index.php\/wp-json\/wp\/v2\/posts\/13363\/revisions"}],"predecessor-version":[{"id":13365,"href":"https:\/\/blogopara.com.br\/index.php\/wp-json\/wp\/v2\/posts\/13363\/revisions\/13365"}],"wp:featuredmedia":[{"embeddable":true,"href":"https:\/\/blogopara.com.br\/index.php\/wp-json\/wp\/v2\/media\/13364"}],"wp:attachment":[{"href":"https:\/\/blogopara.com.br\/index.php\/wp-json\/wp\/v2\/media?parent=13363"}],"wp:term":[{"taxonomy":"category","embeddable":true,"href":"https:\/\/blogopara.com.br\/index.php\/wp-json\/wp\/v2\/categories?post=13363"},{"taxonomy":"post_tag","embeddable":true,"href":"https:\/\/blogopara.com.br\/index.php\/wp-json\/wp\/v2\/tags?post=13363"}],"curies":[{"name":"wp","href":"https:\/\/api.w.org\/{rel}","templated":true}]}}