{"id":13382,"date":"2020-08-11T14:25:22","date_gmt":"2020-08-11T17:25:22","guid":{"rendered":"http:\/\/blogopara.com.br\/?p=13382"},"modified":"2020-08-11T14:25:27","modified_gmt":"2020-08-11T17:25:27","slug":"pre-candidato-a-prefeito-de-curaca-flamber-feitosa-e-entrevistado-na-boa-vista-fm","status":"publish","type":"post","link":"https:\/\/blogopara.com.br\/index.php\/2020\/08\/11\/pre-candidato-a-prefeito-de-curaca-flamber-feitosa-e-entrevistado-na-boa-vista-fm","title":{"rendered":"PR\u00c9-CANDIDATO A PREFEITO DE CURA\u00c7\u00c1, FLAMBER FEITOSA \u00c9 ENTREVISTADO NA BOA VISTA FM"},"content":{"rendered":"\n<p>Na tarde dessa ter\u00e7a (11\/8), o pr\u00e9-candidato a Prefeito de Cura\u00e7\u00e1 pelo PSD, Flamber Feitosa, o Vaqueiro, concedeu entrevista, por telefone, ao Jornalista Anderson Oliveira, Programa Nossa Voz da R\u00e1dio Boa Vista FM, onde falou de temas como desenvolvimento, problemas socioecon\u00f4micos, pol\u00edticos e estruturais e servi\u00e7os prestados ao seu Munic\u00edpio.<\/p>\n\n\n\n<p>Flamber saudou os ouvintes, em especial aos cura\u00e7aenses, e fez um apanhado da sua trajet\u00f3ria pol\u00edtica e do projeto pol\u00edtico constru\u00eddo juntamente com o povo de Cura\u00e7\u00e1 desde 2016. Valorizou o apoio que recebeu no Distrito de Riacho Seco com diversas lideran\u00e7as, como: C\u00e9sar Mendon\u00e7a, D\u2019Assis, Rodrigo Feitosa etc. \u201cEsperamos ter um apoio popular de cerca de 70% em todo o Distrito\u201d. Ele tamb\u00e9m revelou a boa recep\u00e7\u00e3o que vem tendo na Cidade. \u201cO povo quer ser representado por um jovem que valorize Sede e Interior. Eu moro na Cidade e ou\u00e7o o povo; eles dizem querem um prefeito que olhe para os bairros da Cidade, que os valorize, que os ou\u00e7a; da mesma forma h\u00e1 esse clamor no Interior\u201d, revelou Flamber, o qual adiantou que, caso seja Prefeito, como primeira obra vai fechar a porta dos fundos do gabinete do Prefeito atual, por onde ele escapole para n\u00e3o atender ao povo. \u201cQuando a gente se prop\u00f5e a estar numa gest\u00e3o, temos que atender todas as demandas da popula\u00e7\u00e3o. Eu acho um ato de covardia, sair e n\u00e3o dar ao povo oportunidade de ser ouvido\u201d, completou o Vaqueiro. &nbsp;<\/p>\n\n\n\n<p>Feitosa lembrou que sempre se manteve no grupo pol\u00edtico que est\u00e1, que inclui os vereadores Ba\u00e9 e Ded\u00e9 e diversas lideran\u00e7as nos quatro cantos do Munic\u00edpio. Questionando a respeito duma uni\u00e3o geral de toda a oposi\u00e7\u00e3o, ele ressaltou que a popula\u00e7\u00e3o \u00e9 que defende o nome dele, e que \u00e9 a vez dele e do projeto que ele defende. Evidenciou emendas parlamentares e programas que investiram em diversas \u00e1reas de Cura\u00e7\u00e1: eletricidade, po\u00e7os tubulares, adutoras, irriga\u00e7\u00e3o. \u201cTenho andado muito pelo Interior, pela Cidade, com o cuidado que devemos ter com a pandemia. Ouvindo o povo. Fizemos o di\u00e1logo da uni\u00e3o l\u00e1 atr\u00e1s. Continuo no aguardo, pois acho que eles sabem que a vez agora \u00e9 do Vaqueiro. Independente de qualquer coisa, vamos defender nosso nome, nosso projeto\u201d, reiterou Feitosa.<\/p>\n\n\n\n<p>Depois, Flamber falou do problema das vias de acesso na Cidade e Interior: \u201cO Prefeito recebeu mais de 840 mil reais de ISS da constru\u00e7\u00e3o da Rodovia BA 210 e disponibilizou somente 200 mil para as entradas urbanas, s\u00f3 com tapa-buracos que daqui a uns dias est\u00e1 do mesmo jeito. Uma maquiagem\u201d, expressou Flamber. Por fim, o Vaqueiro falou do poss\u00edvel candidato a Vice na chapa do seu Grupo. \u201cQuero tranquilizar a popula\u00e7\u00e3o que teremos um Vice preparado, do meio do povo, que ajude o Prefeito nos quatro anos e n\u00e3o brigue logo depois de eleito como temos visto\u201d. Por fim, o Pr\u00e9-candidato anunciou o in\u00edcio do investimento do Governo do Estado, de quase 2 milh\u00f5es, em melhoramento na rede el\u00e9trica de produtores rurais. \u201cEssa \u00e9 s\u00f3 a primeira etapa, pois ao fim ser\u00e3o mais de 7 milh\u00f5es. Esse Projeto Reden\u00e7\u00e3o vai possibilitar aos agricultores terem melhores motorbombas e assim v\u00e3o aumentar sua produ\u00e7\u00e3o\u201d, finalizou Flamber, ainda demonstrando preocupa\u00e7\u00e3o com a situa\u00e7\u00e3o da juventude, dos empregos, da cultura e do desenvolvimento de Cura\u00e7\u00e1 como um todo.<\/p>\n\n\n\n<p><\/p>\n\n\n\n<p>Ascom de Flamber Feitosa<\/p>\n","protected":false},"excerpt":{"rendered":"<p>Na tarde dessa ter\u00e7a (11\/8), o pr\u00e9-candidato a Prefeito de Cura\u00e7\u00e1 pelo PSD, Flamber Feitosa, o Vaqueiro, concedeu entrevista, por telefone, ao Jornalista Anderson Oliveira, Programa Nossa Voz da R\u00e1dio Boa Vista FM, onde falou de temas como desenvolvimento, problemas socioecon\u00f4micos, pol\u00edticos e estruturais e servi\u00e7os prestados ao seu Munic\u00edpio. Flamber saudou os ouvintes, em [&hellip;]<\/p>\n","protected":false},"author":1,"featured_media":13383,"comment_status":"open","ping_status":"open","sticky":false,"template":"","format":"standard","meta":{"_uag_custom_page_level_css":"","_monsterinsights_skip_tracking":false,"_monsterinsights_sitenote_active":false,"_monsterinsights_sitenote_note":"","_monsterinsights_sitenote_category":0,"jetpack_post_was_ever_published":false,"_jetpack_newsletter_access":"","_jetpack_dont_email_post_to_subs":false,"_jetpack_newsletter_tier_id":0,"_jetpack_memberships_contains_paywalled_content":false,"_jetpack_memberships_contains_paid_content":false,"footnotes":"","jetpack_publicize_message":"","jetpack_publicize_feature_enabled":true,"jetpack_social_post_already_shared":true,"jetpack_social_options":{"image_generator_settings":{"template":"highway","default_image_id":0,"font":"","enabled":false},"version":2}},"categories":[203],"tags":[],"class_list":["post-13382","post","type-post","status-publish","format-standard","has-post-thumbnail","hentry","category-juazeiro"],"jetpack_publicize_connections":[],"jetpack_featured_media_url":"https:\/\/blogopara.com.br\/wp-content\/uploads\/2020\/08\/entrevista.png","uagb_featured_image_src":{"full":["https:\/\/blogopara.com.br\/wp-content\/uploads\/2020\/08\/entrevista.png",358,340,false],"thumbnail":["https:\/\/blogopara.com.br\/wp-content\/uploads\/2020\/08\/entrevista-150x150.png",150,150,true],"medium":["https:\/\/blogopara.com.br\/wp-content\/uploads\/2020\/08\/entrevista-300x285.png",300,285,true],"medium_large":["https:\/\/blogopara.com.br\/wp-content\/uploads\/2020\/08\/entrevista.png",358,340,false],"large":["https:\/\/blogopara.com.br\/wp-content\/uploads\/2020\/08\/entrevista.png",358,340,false],"1536x1536":["https:\/\/blogopara.com.br\/wp-content\/uploads\/2020\/08\/entrevista.png",358,340,false],"2048x2048":["https:\/\/blogopara.com.br\/wp-content\/uploads\/2020\/08\/entrevista.png",358,340,false],"mantranews-slider-large":["https:\/\/blogopara.com.br\/wp-content\/uploads\/2020\/08\/entrevista.png",358,340,false],"mantranews-featured-medium":["https:\/\/blogopara.com.br\/wp-content\/uploads\/2020\/08\/entrevista-358x307.png",358,307,true],"mantranews-featured-long":["https:\/\/blogopara.com.br\/wp-content\/uploads\/2020\/08\/entrevista-300x340.png",300,340,true],"mantranews-block-medium":["https:\/\/blogopara.com.br\/wp-content\/uploads\/2020\/08\/entrevista-358x290.png",358,290,true],"mantranews-carousel-image":["https:\/\/blogopara.com.br\/wp-content\/uploads\/2020\/08\/entrevista.png",358,340,false],"mantranews-block-thumb":["https:\/\/blogopara.com.br\/wp-content\/uploads\/2020\/08\/entrevista-322x230.png",322,230,true],"mantranews-single-large":["https:\/\/blogopara.com.br\/wp-content\/uploads\/2020\/08\/entrevista.png",358,340,false]},"uagb_author_info":{"display_name":"Reda\u00e7\u00e3o geral","author_link":"https:\/\/blogopara.com.br\/index.php\/author\/blogopara"},"uagb_comment_info":0,"uagb_excerpt":"Na tarde dessa ter\u00e7a (11\/8), o pr\u00e9-candidato a Prefeito de Cura\u00e7\u00e1 pelo PSD, Flamber Feitosa, o Vaqueiro, concedeu entrevista, por telefone, ao Jornalista Anderson Oliveira, Programa Nossa Voz da R\u00e1dio Boa Vista FM, onde falou de temas como desenvolvimento, problemas socioecon\u00f4micos, pol\u00edticos e estruturais e servi\u00e7os prestados ao seu Munic\u00edpio. Flamber saudou os ouvintes, em&hellip;","jetpack_sharing_enabled":true,"jetpack_likes_enabled":true,"_links":{"self":[{"href":"https:\/\/blogopara.com.br\/index.php\/wp-json\/wp\/v2\/posts\/13382","targetHints":{"allow":["GET"]}}],"collection":[{"href":"https:\/\/blogopara.com.br\/index.php\/wp-json\/wp\/v2\/posts"}],"about":[{"href":"https:\/\/blogopara.com.br\/index.php\/wp-json\/wp\/v2\/types\/post"}],"author":[{"embeddable":true,"href":"https:\/\/blogopara.com.br\/index.php\/wp-json\/wp\/v2\/users\/1"}],"replies":[{"embeddable":true,"href":"https:\/\/blogopara.com.br\/index.php\/wp-json\/wp\/v2\/comments?post=13382"}],"version-history":[{"count":1,"href":"https:\/\/blogopara.com.br\/index.php\/wp-json\/wp\/v2\/posts\/13382\/revisions"}],"predecessor-version":[{"id":13384,"href":"https:\/\/blogopara.com.br\/index.php\/wp-json\/wp\/v2\/posts\/13382\/revisions\/13384"}],"wp:featuredmedia":[{"embeddable":true,"href":"https:\/\/blogopara.com.br\/index.php\/wp-json\/wp\/v2\/media\/13383"}],"wp:attachment":[{"href":"https:\/\/blogopara.com.br\/index.php\/wp-json\/wp\/v2\/media?parent=13382"}],"wp:term":[{"taxonomy":"category","embeddable":true,"href":"https:\/\/blogopara.com.br\/index.php\/wp-json\/wp\/v2\/categories?post=13382"},{"taxonomy":"post_tag","embeddable":true,"href":"https:\/\/blogopara.com.br\/index.php\/wp-json\/wp\/v2\/tags?post=13382"}],"curies":[{"name":"wp","href":"https:\/\/api.w.org\/{rel}","templated":true}]}}