{"id":13391,"date":"2020-08-12T09:29:00","date_gmt":"2020-08-12T12:29:00","guid":{"rendered":"http:\/\/blogopara.com.br\/?p=13391"},"modified":"2020-08-11T15:33:07","modified_gmt":"2020-08-11T18:33:07","slug":"pandemia-e-resposta-biologica-do-planeta-diz-fisico-fritjof-capra","status":"publish","type":"post","link":"https:\/\/blogopara.com.br\/index.php\/2020\/08\/12\/pandemia-e-resposta-biologica-do-planeta-diz-fisico-fritjof-capra","title":{"rendered":"&#8216;Pandemia \u00e9 resposta biol\u00f3gica do planeta&#8217;, diz f\u00edsico Fritjof Capra"},"content":{"rendered":"<p style=\"text-align: justify;\">\u00cdcone do pensamento sist\u00eamico, o f\u00edsico e ambientalista austr\u00edaco Fritjof Capra, 81, interpreta a\u00a0<a href=\"https:\/\/www1.folha.uol.com.br\/equilibrioesaude\/2020\/08\/brasil-chega-a-100543-mortes-e-aos-3-milhoes-de-infectados-pela-covid-19.shtml\">pandemia da Covid-19\u00a0<\/a>como uma resposta biol\u00f3gica da Terra diante de emerg\u00eancias sociais e ecol\u00f3gicas amplamenta negligenciadas.<\/p>\n<p style=\"text-align: justify;\">Segundo Capra, as mudan\u00e7as de paradigma necess\u00e1rias a essas emerg\u00eancias j\u00e1 s\u00e3o poss\u00edveis, tanto do ponto de vista do conhecimento quanto do desenvolvimento tecnol\u00f3gico. \u201cTeremos a vontade pol\u00edtica que falta?\u201d, provoca ele, em entrevista por e-mail.<\/p>\n<p style=\"text-align: justify;\">Autor de best-sellers internacionais como \u201cO Tao da F\u00edsica\u201d e \u201cPonto de Muta\u00e7\u00e3o\u201d (Cultrix), entre outros, o Capra articulou a f\u00edsica moderna a uma vis\u00e3o hol\u00edstica da vida no planeta e dos fen\u00f4menos naturais, inserindo a humanidade e suas a\u00e7\u00f5es nos ciclos de transforma\u00e7\u00e3o da vida no planeta.<\/p>\n<p style=\"text-align: justify;\">Capra \u00e9 uma das estrelas deste ano do\u00a0<a href=\"https:\/\/digital.fronteiras.com\/\">ciclo de confer\u00eancias Fronteiras do Pensamento, cujo tema \u2014Reinven\u00e7\u00e3o do humano<\/a>\u2014 implica um debate de m\u00faltiplas vari\u00e1veis que, na vis\u00e3o do f\u00edsico austr\u00edco, s\u00e3o sempre indissoci\u00e1veis e interdependentes.<\/p>\n<p style=\"text-align: justify;\">O f\u00edsico austr\u00edaco Fritjof Capra, autor de best-sellers internacionais, como \u201cO Tao da F\u00edsica\u201d, que participa do Fronteiras do Pensamento de 2020 \u2013\u00a0Folhapress<\/p>\n<p style=\"text-align: justify;\">Diretor do Centro de Alfabetiza\u00e7\u00e3o Ecol\u00f3gica, com sede em Berkeley, na Calif\u00f3rnia (EUA), Capra desenvolveu uma pedagogia da ecologia a ser aplicada no ensino formal, prim\u00e1rio e secund\u00e1rio.<\/p>\n<p style=\"text-align: justify;\">Convertido em ambientalista por sua pr\u00f3pria pesquisa, o austr\u00edaco h\u00e1 d\u00e9cadas denuncia o car\u00e1ter predat\u00f3rio da economia global capitalista extrativista e a captura corporativa da pol\u00edtica, que sucumbe a interesses econ\u00f4micos em detrimento dos recursos naturais do que chama de Gaia \u2014a M\u00e3e-terra da mitologia grega que batizou uma vis\u00e3o do planeta como um imenso organismo vivo.<\/p>\n<p style=\"text-align: justify;\">Para ele, est\u00e3o equivocadas as atuais m\u00e9tricas do desenvolvimento baseadas no crescimento do PIB (Produto Interno Bruto) a partir de uma cultura de excessos, que implica em perdas sociais e econ\u00f4micas.<\/p>\n<p style=\"text-align: justify;\"><strong>Em quais aspectos o momento presente pode redefinir a condi\u00e7\u00e3o humana?<\/strong><\/p>\n<p style=\"text-align: justify;\">Na minha vis\u00e3o, o coronav\u00edrus deve ser visto como uma resposta biol\u00f3gica de Gaia, nosso planeta vivo, \u00e0 emerg\u00eancia social e ecol\u00f3gica que a humanidade criou para si pr\u00f3pria. A pandemia emergiu de um desequil\u00edbrio ecol\u00f3gico e tem consequ\u00eancias dram\u00e1ticas por conta de desigualdades sociais e econ\u00f4micas.<\/p>\n<p style=\"text-align: justify;\">Cientistas e ativistas ambientais h\u00e1 d\u00e9cadas v\u00eam alertado para as terr\u00edveis consequ\u00eancias de sistemas sociais, econ\u00f4micos e pol\u00edticos insustent\u00e1veis. Mas at\u00e9 agora as lideran\u00e7as corporativas e pol\u00edticas teimaram em resistir a esses alarmes. Agora eles foram for\u00e7ados a prestar aten\u00e7\u00e3o, j\u00e1 que a Covid-19 trouxe os avisos de antes para a realidade de hoje.<\/p>\n<p style=\"text-align: justify;\"><strong>Quais paradigmas a humanidade precisa mudar e por qu\u00ea?<\/strong><\/p>\n<p style=\"text-align: justify;\">Com a pandemia, Gaia nos trouxe li\u00e7\u00f5es valiosas capazes de salvar vidas. A quest\u00e3o \u00e9: teremos a sabedoria e a vontade pol\u00edtica necess\u00e1rias para ouvir essas li\u00e7\u00f5es? Mudaremos do modelo de crescimento econ\u00f4mico indiferenciado baseado no extrativismo para outro de crescimento qualitativo e regenerativo? Vamos substituir combust\u00edveis f\u00f3sseis por formas renov\u00e1veis de energia que deem conta de todas as nossas necessidades? Vamos substituir nosso sistema centralizado de agricultura industrial com uso intensivo de energia por um sistema org\u00e2nico de agricultura regenerativa, familiar e comunit\u00e1ria? Vamos plantar bilh\u00f5es de \u00e1rvores capazes de retirar o CO2 da atmosfera e de restaurar diferentes ecossistemas do mundo?<\/p>\n<p style=\"text-align: justify;\">N\u00f3s j\u00e1 temos o conhecimento e a tecnologia para embarcar em todas essas iniciativas. Teremos a vontade pol\u00edtica que falta?<\/p>\n<p style=\"text-align: justify;\"><strong>Num momento em que o valor do conhecimento cient\u00edfico biol\u00f3gico e tecnol\u00f3gico se mostram t\u00e3o importantes, qual \u00e9 o papel das humanidades?<\/strong><\/p>\n<p style=\"text-align: justify;\">Isso est\u00e1 diretamente relacionado a sua pergunta anterior. Se temos todo o conhecimento cient\u00edfico e tecnol\u00f3gico para construirmos um futuro sustent\u00e1vel, porque n\u00e3o o fazemos simplesmente?<\/p>\n<p style=\"text-align: justify;\">Quando refletimos sobre essa quest\u00e3o crucial, rapidamente percebemos que o n\u00edvel conceitual n\u00e3o conta toda essa hist\u00f3ria. N\u00f3s tamb\u00e9m precisamos lidar com valores e \u00e9ticas, e \u00e9 por isso que as ci\u00eancias humanas s\u00e3o mais importantes do que nunca. Literatura, filosofia, hist\u00f3ria, antropologia podem todas nos imbuir do compasso moral que tanto falta \u00e0 pol\u00edtica e \u00e0 economia atuais.<\/p>\n<p style=\"text-align: justify;\"><strong>\u00cdndices de desmatamento t\u00eam aumentado na Amaz\u00f4nia brasileira. Quais s\u00e3o os incentivos para isso?<\/strong><\/p>\n<p style=\"text-align: justify;\">Esses crimes s\u00e3o uma consequ\u00eancia direta da obsess\u00e3o com o crescimento econ\u00f4mico e corporativo. A\u00a0<a href=\"https:\/\/www1.folha.uol.com.br\/ambiente\/2020\/08\/desmatamento-na-amazonia-cresceu-33-entre-2019-e-2020.shtml\">devasta\u00e7\u00e3o de grandes \u00e1reas de florestas tropicais\u00a0<\/a>\u00e9 impulsionada pela gan\u00e2ncia de corpora\u00e7\u00f5es multinacionais do setor de alimenta\u00e7\u00e3o, que buscam incansavelmente lucro e crescimento.<\/p>\n<p style=\"text-align: justify;\"><strong>Se o que chamamos de progresso foi atingido \u00e0s custas de danos ao meio ambiente, nossa ideia de progresso est\u00e1 errada?<\/strong><\/p>\n<p style=\"text-align: justify;\">A cren\u00e7a em um progresso cont\u00ednuo e, em particular, a obsess\u00e3o de nossos economistas e pol\u00edticos com a ilus\u00e3o de um crescimento ilimitado em um planeta finito constituem o dilema fundamental que permeia nossos problemas globais.<\/p>\n<p style=\"text-align: justify;\">Isso equivale ao choque entre o pensamento linear e os padr\u00f5es n\u00e3o lineares da nossa biosfera \u2014a interdepend\u00eancia dos sistemas ecol\u00f3gicos e os ciclos que constituem a teia da vida. Essa rede global altamente n\u00e3o linear cont\u00e9m in\u00fameras al\u00e7as de retroalimenta\u00e7\u00e3o por meio das quais o planeta se regula e se equilibra.<\/p>\n<p style=\"text-align: justify;\">Nosso sistema econ\u00f4mico atual, ao contr\u00e1rio, parece n\u00e3o reconhecer a exist\u00eancia de limites. Nele, um crescimento perp\u00e9tuo \u00e9 perseguido incessamente atrav\u00e9s da promo\u00e7\u00e3o do consumo excessivo e de uma economia do descarte que usa de maneira extravagante tanto recursos como energia, aumentando a desigualdade econ\u00f4mica.<\/p>\n<p style=\"text-align: justify;\">Esses problemas s\u00e3o exacerbados pela emerg\u00eancia clim\u00e1tica global, causada pelas tecnologias de uso intensivo de energia e baseada em combust\u00edveis f\u00f3sseis.<\/p>\n<p style=\"text-align: justify;\"><strong>Com a pandemia, proje\u00e7\u00f5es apontam para o aprofundamento das j\u00e1 marcantes desigualdades sociais de nosso tempo. O que as produziu e como reverter esse processo?<\/strong><\/p>\n<p style=\"text-align: justify;\">O aprofundamento das desigualdades \u00e9 uma caracter\u00edstica inerente ao sistema econ\u00f4mico capitalista de hoje. O chamado \u201cmercado global\u201d \u00e9, em verdade, uma rede de m\u00e1quinas programadas de acordo com o princ\u00edpio fundamental segundo o qual ganhar dinheiro tem primazia sobre direitos humanos, democracia, prote\u00e7\u00e3o ambiental.<\/p>\n<p style=\"text-align: justify;\">Valores humanos, no entanto, podem mudar porque eles n\u00e3o s\u00e3o leis naturais. A mesma rede eletr\u00f4nica de fluxos financeiros pode ter nela embutidos outros valores. O ponto cr\u00edtico n\u00e3o \u00e9 a tecnologia, mas a pol\u00edtica.<\/p>\n<p style=\"text-align: justify;\"><strong>H\u00e1 sinais de mudan\u00e7as neste sentido na pol\u00edtica de hoje?<\/strong><\/p>\n<p style=\"text-align: justify;\">Uma nova lideran\u00e7a come\u00e7ou a emergir recentemente em uma s\u00e9rie de movimentos jovens muito potentes, como Sunrise Movement, Extinction Rebellion, Fridays for Future, entre outros.<\/p>\n<p style=\"text-align: justify;\">H\u00e1 tamb\u00e9m a ascens\u00e3o de uma nova gera\u00e7\u00e3o de pol\u00edticos, curiosamente\u00a0<a href=\"https:\/\/www1.folha.uol.com.br\/mundo\/2020\/07\/malala-destaca-papel-das-mulheres-e-da-ciencia-no-combate-a-pandemia.shtml\">formada por mulheres<\/a>, como a primeira-ministra da Nova Zel\u00e2ndia, Jacinta Arden, a primeira-ministra da Finl\u00e2ndia, Sanna Marin, ou a congressista [democrata] norte-americana Alexandria Ocasio-Cortez.<\/p>\n<p style=\"text-align: justify;\"><strong>A crise atual prescreve nossa percep\u00e7\u00e3o de soberania e de globaliza\u00e7\u00e3o? Como?<\/strong><\/p>\n<p style=\"text-align: justify;\">Com certeza absoluta! Para prevenir o alastramento da pandemia, agora e no futuro, teremos de reduzir densidades populacionais excessivas, como ocorre no turismo de massa e em condi\u00e7\u00f5es de vida marcadas pela superlota\u00e7\u00e3o. Ao mesmo tempo, necessitamos de coopera\u00e7\u00e3o global.<\/p>\n<p style=\"text-align: justify;\">A justi\u00e7a social se torna uma quest\u00e3o de vida ou morte durante uma pandemia como a da Covid-19. E ela s\u00f3 pode ser superada por meio de a\u00e7\u00f5es coletivas e cooperativas.<\/p>\n<p style=\"text-align: justify;\"><strong>Seu trabalho explorou a interconectividade entre as ci\u00eancias e os conceitos e filosofias considerados n\u00e3o-cient\u00edficos. Como esse di\u00e1logo complexifica nosso entendimento do planeta e da humanidade?<\/strong><\/p>\n<p style=\"text-align: justify;\">Eu me formei como f\u00edsico e fiquei fascinado pelas implica\u00e7\u00f5es da f\u00edsica qu\u00e2ntica, que nos mostra que o mundo material n\u00e3o \u00e9 uma m\u00e1quina gigante mas uma rede insepar\u00e1vel de padr\u00f5es de rela\u00e7\u00f5es. Durante os anos 1980, minha pesquisa virou para a \u00e1rea das ci\u00eancias da vida, da qual tem emergido um novo conceito sist\u00eamico que confirma a fundamental interconectividade e interdepend\u00eancia de todos os fen\u00f4menos naturais.<\/p>\n<p style=\"text-align: justify;\">Quando n\u00f3s entendemos que compartilhamos n\u00e3o apenas as mol\u00e9culas b\u00e1sicas da vida, mas tamb\u00e9m princ\u00edpios elementares de organiza\u00e7\u00e3o com o restante do mundo vivo, percebemos o qu\u00e3o firme estamos costurados em todo o tecido da vida.<\/p>\n<p style=\"text-align: justify;\"><strong>O que voc\u00ea aprendeu com a pandemia?<\/strong><\/p>\n<p style=\"text-align: justify;\">Tem sido incr\u00edvel para mim ver como o coronav\u00edrus exp\u00f4s tantas injusti\u00e7as ecol\u00f3gicas, sociais e raciais omitidas por d\u00e9cadas pelas m\u00eddias de massa.<\/p>\n<p style=\"text-align: justify;\">Tamb\u00e9m fiquei espantado de ver como, em um curto espa\u00e7o de tempo, a\u00a0<a href=\"https:\/\/agora.folha.uol.com.br\/sao-paulo\/2020\/08\/com-a-flexibilizacao-da-quarentena-poluicao-volta-a-aumentar-na-capital-paulista.shtml\">polui\u00e7\u00e3o quase desapareceu<\/a>\u00a0da ba\u00eda de S\u00e3o Francisco, na Calif\u00f3rnia (EUA), onde eu vivo, assim como ocorreu em v\u00e1rias das grandes cidades do mundo. Isso me encheu de esperan\u00e7a quanto \u00e0 capacidade da Terra de se regenerar.<\/p>\n<p>Fonte: Folha de S\u00e3o Paulo<\/p>\n","protected":false},"excerpt":{"rendered":"<p>Autor de &#8220;O Tao da F\u00edsica&#8221; relaciona desigualdade social, economia predat\u00f3ria e devasta\u00e7\u00e3o ambiental ao surgimento do novo coronav\u00edrus<\/p>\n","protected":false},"author":1,"featured_media":13392,"comment_status":"open","ping_status":"open","sticky":false,"template":"","format":"standard","meta":{"_uag_custom_page_level_css":"","_monsterinsights_skip_tracking":false,"_monsterinsights_sitenote_active":false,"_monsterinsights_sitenote_note":"","_monsterinsights_sitenote_category":0,"jetpack_post_was_ever_published":false,"_jetpack_newsletter_access":"","_jetpack_dont_email_post_to_subs":false,"_jetpack_newsletter_tier_id":0,"_jetpack_memberships_contains_paywalled_content":false,"_jetpack_memberships_contains_paid_content":false,"footnotes":"","jetpack_publicize_message":"","jetpack_publicize_feature_enabled":true,"jetpack_social_post_already_shared":true,"jetpack_social_options":{"image_generator_settings":{"template":"highway","default_image_id":0,"font":"","enabled":false},"version":2}},"categories":[273,197],"tags":[],"class_list":["post-13391","post","type-post","status-publish","format-standard","has-post-thumbnail","hentry","category-mundo","category-politica"],"jetpack_publicize_connections":[],"jetpack_featured_media_url":"https:\/\/blogopara.com.br\/wp-content\/uploads\/2020\/08\/fritjof.jpg","uagb_featured_image_src":{"full":["https:\/\/blogopara.com.br\/wp-content\/uploads\/2020\/08\/fritjof.jpg",415,265,false],"thumbnail":["https:\/\/blogopara.com.br\/wp-content\/uploads\/2020\/08\/fritjof-150x150.jpg",150,150,true],"medium":["https:\/\/blogopara.com.br\/wp-content\/uploads\/2020\/08\/fritjof-300x192.jpg",300,192,true],"medium_large":["https:\/\/blogopara.com.br\/wp-content\/uploads\/2020\/08\/fritjof.jpg",415,265,false],"large":["https:\/\/blogopara.com.br\/wp-content\/uploads\/2020\/08\/fritjof.jpg",415,265,false],"1536x1536":["https:\/\/blogopara.com.br\/wp-content\/uploads\/2020\/08\/fritjof.jpg",415,265,false],"2048x2048":["https:\/\/blogopara.com.br\/wp-content\/uploads\/2020\/08\/fritjof.jpg",415,265,false],"mantranews-slider-large":["https:\/\/blogopara.com.br\/wp-content\/uploads\/2020\/08\/fritjof.jpg",415,265,false],"mantranews-featured-medium":["https:\/\/blogopara.com.br\/wp-content\/uploads\/2020\/08\/fritjof.jpg",415,265,false],"mantranews-featured-long":["https:\/\/blogopara.com.br\/wp-content\/uploads\/2020\/08\/fritjof-300x265.jpg",300,265,true],"mantranews-block-medium":["https:\/\/blogopara.com.br\/wp-content\/uploads\/2020\/08\/fritjof.jpg",415,265,false],"mantranews-carousel-image":["https:\/\/blogopara.com.br\/wp-content\/uploads\/2020\/08\/fritjof.jpg",415,265,false],"mantranews-block-thumb":["https:\/\/blogopara.com.br\/wp-content\/uploads\/2020\/08\/fritjof-322x230.jpg",322,230,true],"mantranews-single-large":["https:\/\/blogopara.com.br\/wp-content\/uploads\/2020\/08\/fritjof.jpg",415,265,false]},"uagb_author_info":{"display_name":"Reda\u00e7\u00e3o geral","author_link":"https:\/\/blogopara.com.br\/index.php\/author\/blogopara"},"uagb_comment_info":0,"uagb_excerpt":"Autor de \"O Tao da F\u00edsica\" relaciona desigualdade social, economia predat\u00f3ria e devasta\u00e7\u00e3o ambiental ao surgimento do novo coronav\u00edrus","jetpack_sharing_enabled":true,"jetpack_likes_enabled":true,"_links":{"self":[{"href":"https:\/\/blogopara.com.br\/index.php\/wp-json\/wp\/v2\/posts\/13391","targetHints":{"allow":["GET"]}}],"collection":[{"href":"https:\/\/blogopara.com.br\/index.php\/wp-json\/wp\/v2\/posts"}],"about":[{"href":"https:\/\/blogopara.com.br\/index.php\/wp-json\/wp\/v2\/types\/post"}],"author":[{"embeddable":true,"href":"https:\/\/blogopara.com.br\/index.php\/wp-json\/wp\/v2\/users\/1"}],"replies":[{"embeddable":true,"href":"https:\/\/blogopara.com.br\/index.php\/wp-json\/wp\/v2\/comments?post=13391"}],"version-history":[{"count":1,"href":"https:\/\/blogopara.com.br\/index.php\/wp-json\/wp\/v2\/posts\/13391\/revisions"}],"predecessor-version":[{"id":13393,"href":"https:\/\/blogopara.com.br\/index.php\/wp-json\/wp\/v2\/posts\/13391\/revisions\/13393"}],"wp:featuredmedia":[{"embeddable":true,"href":"https:\/\/blogopara.com.br\/index.php\/wp-json\/wp\/v2\/media\/13392"}],"wp:attachment":[{"href":"https:\/\/blogopara.com.br\/index.php\/wp-json\/wp\/v2\/media?parent=13391"}],"wp:term":[{"taxonomy":"category","embeddable":true,"href":"https:\/\/blogopara.com.br\/index.php\/wp-json\/wp\/v2\/categories?post=13391"},{"taxonomy":"post_tag","embeddable":true,"href":"https:\/\/blogopara.com.br\/index.php\/wp-json\/wp\/v2\/tags?post=13391"}],"curies":[{"name":"wp","href":"https:\/\/api.w.org\/{rel}","templated":true}]}}