{"id":13404,"date":"2020-08-12T10:01:01","date_gmt":"2020-08-12T13:01:01","guid":{"rendered":"http:\/\/blogopara.com.br\/?p=13404"},"modified":"2020-08-12T10:33:19","modified_gmt":"2020-08-12T13:33:19","slug":"curaca-flamber-feitosa-se-solidariza-com-as-familias-dos-jovens-que-morreram-no-tragico-acidente","status":"publish","type":"post","link":"https:\/\/blogopara.com.br\/index.php\/2020\/08\/12\/curaca-flamber-feitosa-se-solidariza-com-as-familias-dos-jovens-que-morreram-no-tragico-acidente","title":{"rendered":"Cura\u00e7\u00e1: Flamber Feitosa se solidariza com as fam\u00edlias dos jovens que morreram no tr\u00e1gico acidente"},"content":{"rendered":"<p style=\"text-align: justify;\">Nessa tr\u00e1gica ter\u00e7a-feira, 11\/08\/2020, perdemos o amigo Aldenor Martins. Comunit\u00e1rio, honrado, digno nordestino. Todas as palavras s\u00e3o poucas para levar o devido conforto a sua fam\u00edlia. Rogo para que Deus possa confort\u00e1-los nesse momento de grande dor, em que as palavras se apequenam e o esp\u00edrito busca amparo na F\u00e9.<\/p>\n<p style=\"text-align: justify;\">Gostaria de solidarizar tamb\u00e9m com a fam\u00edlia dos amigos Albertino e Adeilton, pela perda dif\u00edcil dos dois irm\u00e3os, sei que a dor \u00e9 muito grande, mas saibam que estou e estarei do lado de voc\u00eas, como crist\u00e3o e parceiro de sempre, para ajudar-lhes a superar este tr\u00e1gico ac<span class=\"text_exposed_show\">ontecimento.<\/span><\/p>\n<div class=\"text_exposed_show\">\n<p style=\"text-align: justify;\">Do amigo Flamber Feitosa<\/p>\n<\/div>\n","protected":false},"excerpt":{"rendered":"<p>Nessa tr\u00e1gica ter\u00e7a-feira, 11\/08\/2020, perdemos o amigo Aldenor Martins. Comunit\u00e1rio, honrado, digno nordestino. Todas as palavras s\u00e3o poucas para levar o devido conforto a sua fam\u00edlia. Rogo para que Deus possa confort\u00e1-los nesse momento de grande dor, em que as palavras se apequenam e o esp\u00edrito busca amparo na F\u00e9. Gostaria de solidarizar tamb\u00e9m com [&hellip;]<\/p>\n","protected":false},"author":1,"featured_media":13410,"comment_status":"open","ping_status":"open","sticky":false,"template":"","format":"standard","meta":{"_uag_custom_page_level_css":"","_monsterinsights_skip_tracking":false,"_monsterinsights_sitenote_active":false,"_monsterinsights_sitenote_note":"","_monsterinsights_sitenote_category":0,"jetpack_post_was_ever_published":false,"_jetpack_newsletter_access":"","_jetpack_dont_email_post_to_subs":false,"_jetpack_newsletter_tier_id":0,"_jetpack_memberships_contains_paywalled_content":false,"_jetpack_memberships_contains_paid_content":false,"footnotes":"","jetpack_publicize_message":"","jetpack_publicize_feature_enabled":true,"jetpack_social_post_already_shared":true,"jetpack_social_options":{"image_generator_settings":{"template":"highway","default_image_id":0,"font":"","enabled":false},"version":2}},"categories":[199],"tags":[],"class_list":["post-13404","post","type-post","status-publish","format-standard","has-post-thumbnail","hentry","category-bahia"],"jetpack_publicize_connections":[],"jetpack_featured_media_url":"https:\/\/blogopara.com.br\/wp-content\/uploads\/2020\/08\/Black-and-White-Wood-Texture-General-Father-Instagram-Post-5.jpg","uagb_featured_image_src":{"full":["https:\/\/blogopara.com.br\/wp-content\/uploads\/2020\/08\/Black-and-White-Wood-Texture-General-Father-Instagram-Post-5.jpg",500,500,false],"thumbnail":["https:\/\/blogopara.com.br\/wp-content\/uploads\/2020\/08\/Black-and-White-Wood-Texture-General-Father-Instagram-Post-5-150x150.jpg",150,150,true],"medium":["https:\/\/blogopara.com.br\/wp-content\/uploads\/2020\/08\/Black-and-White-Wood-Texture-General-Father-Instagram-Post-5-300x300.jpg",300,300,true],"medium_large":["https:\/\/blogopara.com.br\/wp-content\/uploads\/2020\/08\/Black-and-White-Wood-Texture-General-Father-Instagram-Post-5.jpg",500,500,false],"large":["https:\/\/blogopara.com.br\/wp-content\/uploads\/2020\/08\/Black-and-White-Wood-Texture-General-Father-Instagram-Post-5.jpg",500,500,false],"1536x1536":["https:\/\/blogopara.com.br\/wp-content\/uploads\/2020\/08\/Black-and-White-Wood-Texture-General-Father-Instagram-Post-5.jpg",500,500,false],"2048x2048":["https:\/\/blogopara.com.br\/wp-content\/uploads\/2020\/08\/Black-and-White-Wood-Texture-General-Father-Instagram-Post-5.jpg",500,500,false],"mantranews-slider-large":["https:\/\/blogopara.com.br\/wp-content\/uploads\/2020\/08\/Black-and-White-Wood-Texture-General-Father-Instagram-Post-5.jpg",500,500,false],"mantranews-featured-medium":["https:\/\/blogopara.com.br\/wp-content\/uploads\/2020\/08\/Black-and-White-Wood-Texture-General-Father-Instagram-Post-5-420x307.jpg",420,307,true],"mantranews-featured-long":["https:\/\/blogopara.com.br\/wp-content\/uploads\/2020\/08\/Black-and-White-Wood-Texture-General-Father-Instagram-Post-5-300x443.jpg",300,443,true],"mantranews-block-medium":["https:\/\/blogopara.com.br\/wp-content\/uploads\/2020\/08\/Black-and-White-Wood-Texture-General-Father-Instagram-Post-5-464x290.jpg",464,290,true],"mantranews-carousel-image":["https:\/\/blogopara.com.br\/wp-content\/uploads\/2020\/08\/Black-and-White-Wood-Texture-General-Father-Instagram-Post-5.jpg",500,500,false],"mantranews-block-thumb":["https:\/\/blogopara.com.br\/wp-content\/uploads\/2020\/08\/Black-and-White-Wood-Texture-General-Father-Instagram-Post-5-322x230.jpg",322,230,true],"mantranews-single-large":["https:\/\/blogopara.com.br\/wp-content\/uploads\/2020\/08\/Black-and-White-Wood-Texture-General-Father-Instagram-Post-5.jpg",500,500,false]},"uagb_author_info":{"display_name":"Reda\u00e7\u00e3o geral","author_link":"https:\/\/blogopara.com.br\/index.php\/author\/blogopara"},"uagb_comment_info":0,"uagb_excerpt":"Nessa tr\u00e1gica ter\u00e7a-feira, 11\/08\/2020, perdemos o amigo Aldenor Martins. Comunit\u00e1rio, honrado, digno nordestino. Todas as palavras s\u00e3o poucas para levar o devido conforto a sua fam\u00edlia. Rogo para que Deus possa confort\u00e1-los nesse momento de grande dor, em que as palavras se apequenam e o esp\u00edrito busca amparo na F\u00e9. Gostaria de solidarizar tamb\u00e9m com&hellip;","jetpack_sharing_enabled":true,"jetpack_likes_enabled":true,"_links":{"self":[{"href":"https:\/\/blogopara.com.br\/index.php\/wp-json\/wp\/v2\/posts\/13404","targetHints":{"allow":["GET"]}}],"collection":[{"href":"https:\/\/blogopara.com.br\/index.php\/wp-json\/wp\/v2\/posts"}],"about":[{"href":"https:\/\/blogopara.com.br\/index.php\/wp-json\/wp\/v2\/types\/post"}],"author":[{"embeddable":true,"href":"https:\/\/blogopara.com.br\/index.php\/wp-json\/wp\/v2\/users\/1"}],"replies":[{"embeddable":true,"href":"https:\/\/blogopara.com.br\/index.php\/wp-json\/wp\/v2\/comments?post=13404"}],"version-history":[{"count":2,"href":"https:\/\/blogopara.com.br\/index.php\/wp-json\/wp\/v2\/posts\/13404\/revisions"}],"predecessor-version":[{"id":13411,"href":"https:\/\/blogopara.com.br\/index.php\/wp-json\/wp\/v2\/posts\/13404\/revisions\/13411"}],"wp:featuredmedia":[{"embeddable":true,"href":"https:\/\/blogopara.com.br\/index.php\/wp-json\/wp\/v2\/media\/13410"}],"wp:attachment":[{"href":"https:\/\/blogopara.com.br\/index.php\/wp-json\/wp\/v2\/media?parent=13404"}],"wp:term":[{"taxonomy":"category","embeddable":true,"href":"https:\/\/blogopara.com.br\/index.php\/wp-json\/wp\/v2\/categories?post=13404"},{"taxonomy":"post_tag","embeddable":true,"href":"https:\/\/blogopara.com.br\/index.php\/wp-json\/wp\/v2\/tags?post=13404"}],"curies":[{"name":"wp","href":"https:\/\/api.w.org\/{rel}","templated":true}]}}