{"id":13407,"date":"2020-08-12T10:42:53","date_gmt":"2020-08-12T13:42:53","guid":{"rendered":"http:\/\/blogopara.com.br\/?p=13407"},"modified":"2020-08-12T10:42:55","modified_gmt":"2020-08-12T13:42:55","slug":"curaca-acidente-grave-com-tres-vitimas-fatais","status":"publish","type":"post","link":"https:\/\/blogopara.com.br\/index.php\/2020\/08\/12\/curaca-acidente-grave-com-tres-vitimas-fatais","title":{"rendered":"Cura\u00e7\u00e1: Acidente grave com tr\u00eas v\u00edtimas fatais"},"content":{"rendered":"<p style=\"text-align: justify;\">Grave acidente foi registrado na tarde desta ter\u00e7a-feira, dia 11, no munic\u00edpio de Cura\u00e7\u00e1 (BA) com o registro de tr\u00eas mortes. Segundo o 9\u00b0 Grupamento do Corpo de Bombeiros de Juazeiro por volta das 15:30h, a equipe de servi\u00e7o se deslocou at\u00e9 a sa\u00edda de Cura\u00e7\u00e1 sentido do distrito de Riacho Seco, a fim de realizar retirada de v\u00edtimas presas nas ferragens.<\/p>\n<p style=\"text-align: justify;\">Ao chegar no local tratava-se de uma Ca\u00e7amba e um ve\u00edculo de passeio tipo Gol, onde houve um abalroamento lateral. No local do acidente foram registradas tr\u00eas v\u00edtimas fatais que eram ocupantes do ve\u00edculo gol. A opera\u00e7\u00e3o foi realizada com a retirada e as v\u00edtimas foram transportada por prepostos do DPT (Departamento de Pol\u00edcia T\u00e9cnica).<\/p>\n<p style=\"text-align: justify;\">As tr\u00eas v\u00edtimas fatais do acidente foram identificadas como sendo os irm\u00e3os Albertino e Adeilton, e Aldenor Martins.<\/p>\n<p><img loading=\"lazy\" decoding=\"async\" class=\"alignnone size-medium wp-image-13413\" src=\"https:\/\/blogopara.com.br\/wp-content\/uploads\/2020\/08\/WhatsApp-Image-2020-08-11-at-17.06.55-169x300.jpeg\" alt=\"\" width=\"169\" height=\"300\" srcset=\"https:\/\/blogopara.com.br\/wp-content\/uploads\/2020\/08\/WhatsApp-Image-2020-08-11-at-17.06.55-169x300.jpeg 169w, https:\/\/blogopara.com.br\/wp-content\/uploads\/2020\/08\/WhatsApp-Image-2020-08-11-at-17.06.55.jpeg 562w\" sizes=\"auto, (max-width: 169px) 100vw, 169px\" \/><\/p>\n","protected":false},"excerpt":{"rendered":"<p>Grave acidente foi registrado na tarde desta ter\u00e7a-feira, dia 11, no munic\u00edpio de Cura\u00e7\u00e1 (BA) com o registro de tr\u00eas mortes. Segundo o 9\u00b0 Grupamento do Corpo de Bombeiros de Juazeiro por volta das 15:30h, a equipe de servi\u00e7o se deslocou at\u00e9 a sa\u00edda de Cura\u00e7\u00e1 sentido do distrito de Riacho Seco, a fim de [&hellip;]<\/p>\n","protected":false},"author":1,"featured_media":13412,"comment_status":"open","ping_status":"open","sticky":false,"template":"","format":"standard","meta":{"_uag_custom_page_level_css":"","_monsterinsights_skip_tracking":false,"_monsterinsights_sitenote_active":false,"_monsterinsights_sitenote_note":"","_monsterinsights_sitenote_category":0,"jetpack_post_was_ever_published":false,"_jetpack_newsletter_access":"","_jetpack_dont_email_post_to_subs":false,"_jetpack_newsletter_tier_id":0,"_jetpack_memberships_contains_paywalled_content":false,"_jetpack_memberships_contains_paid_content":false,"footnotes":"","jetpack_publicize_message":"","jetpack_publicize_feature_enabled":true,"jetpack_social_post_already_shared":true,"jetpack_social_options":{"image_generator_settings":{"template":"highway","default_image_id":0,"font":"","enabled":false},"version":2}},"categories":[199,201],"tags":[],"class_list":["post-13407","post","type-post","status-publish","format-standard","has-post-thumbnail","hentry","category-bahia","category-bombeiro"],"jetpack_publicize_connections":[],"jetpack_featured_media_url":"https:\/\/blogopara.com.br\/wp-content\/uploads\/2020\/08\/acidentecura\u00e7\u00e13.jpg","uagb_featured_image_src":{"full":["https:\/\/blogopara.com.br\/wp-content\/uploads\/2020\/08\/acidentecura\u00e7\u00e13.jpg",500,357,false],"thumbnail":["https:\/\/blogopara.com.br\/wp-content\/uploads\/2020\/08\/acidentecura\u00e7\u00e13-150x150.jpg",150,150,true],"medium":["https:\/\/blogopara.com.br\/wp-content\/uploads\/2020\/08\/acidentecura\u00e7\u00e13-300x214.jpg",300,214,true],"medium_large":["https:\/\/blogopara.com.br\/wp-content\/uploads\/2020\/08\/acidentecura\u00e7\u00e13.jpg",500,357,false],"large":["https:\/\/blogopara.com.br\/wp-content\/uploads\/2020\/08\/acidentecura\u00e7\u00e13.jpg",500,357,false],"1536x1536":["https:\/\/blogopara.com.br\/wp-content\/uploads\/2020\/08\/acidentecura\u00e7\u00e13.jpg",500,357,false],"2048x2048":["https:\/\/blogopara.com.br\/wp-content\/uploads\/2020\/08\/acidentecura\u00e7\u00e13.jpg",500,357,false],"mantranews-slider-large":["https:\/\/blogopara.com.br\/wp-content\/uploads\/2020\/08\/acidentecura\u00e7\u00e13.jpg",500,357,false],"mantranews-featured-medium":["https:\/\/blogopara.com.br\/wp-content\/uploads\/2020\/08\/acidentecura\u00e7\u00e13-420x307.jpg",420,307,true],"mantranews-featured-long":["https:\/\/blogopara.com.br\/wp-content\/uploads\/2020\/08\/acidentecura\u00e7\u00e13-300x357.jpg",300,357,true],"mantranews-block-medium":["https:\/\/blogopara.com.br\/wp-content\/uploads\/2020\/08\/acidentecura\u00e7\u00e13-464x290.jpg",464,290,true],"mantranews-carousel-image":["https:\/\/blogopara.com.br\/wp-content\/uploads\/2020\/08\/acidentecura\u00e7\u00e13.jpg",500,357,false],"mantranews-block-thumb":["https:\/\/blogopara.com.br\/wp-content\/uploads\/2020\/08\/acidentecura\u00e7\u00e13-322x230.jpg",322,230,true],"mantranews-single-large":["https:\/\/blogopara.com.br\/wp-content\/uploads\/2020\/08\/acidentecura\u00e7\u00e13.jpg",500,357,false]},"uagb_author_info":{"display_name":"Reda\u00e7\u00e3o geral","author_link":"https:\/\/blogopara.com.br\/index.php\/author\/blogopara"},"uagb_comment_info":0,"uagb_excerpt":"Grave acidente foi registrado na tarde desta ter\u00e7a-feira, dia 11, no munic\u00edpio de Cura\u00e7\u00e1 (BA) com o registro de tr\u00eas mortes. Segundo o 9\u00b0 Grupamento do Corpo de Bombeiros de Juazeiro por volta das 15:30h, a equipe de servi\u00e7o se deslocou at\u00e9 a sa\u00edda de Cura\u00e7\u00e1 sentido do distrito de Riacho Seco, a fim de&hellip;","jetpack_sharing_enabled":true,"jetpack_likes_enabled":true,"_links":{"self":[{"href":"https:\/\/blogopara.com.br\/index.php\/wp-json\/wp\/v2\/posts\/13407","targetHints":{"allow":["GET"]}}],"collection":[{"href":"https:\/\/blogopara.com.br\/index.php\/wp-json\/wp\/v2\/posts"}],"about":[{"href":"https:\/\/blogopara.com.br\/index.php\/wp-json\/wp\/v2\/types\/post"}],"author":[{"embeddable":true,"href":"https:\/\/blogopara.com.br\/index.php\/wp-json\/wp\/v2\/users\/1"}],"replies":[{"embeddable":true,"href":"https:\/\/blogopara.com.br\/index.php\/wp-json\/wp\/v2\/comments?post=13407"}],"version-history":[{"count":2,"href":"https:\/\/blogopara.com.br\/index.php\/wp-json\/wp\/v2\/posts\/13407\/revisions"}],"predecessor-version":[{"id":13414,"href":"https:\/\/blogopara.com.br\/index.php\/wp-json\/wp\/v2\/posts\/13407\/revisions\/13414"}],"wp:featuredmedia":[{"embeddable":true,"href":"https:\/\/blogopara.com.br\/index.php\/wp-json\/wp\/v2\/media\/13412"}],"wp:attachment":[{"href":"https:\/\/blogopara.com.br\/index.php\/wp-json\/wp\/v2\/media?parent=13407"}],"wp:term":[{"taxonomy":"category","embeddable":true,"href":"https:\/\/blogopara.com.br\/index.php\/wp-json\/wp\/v2\/categories?post=13407"},{"taxonomy":"post_tag","embeddable":true,"href":"https:\/\/blogopara.com.br\/index.php\/wp-json\/wp\/v2\/tags?post=13407"}],"curies":[{"name":"wp","href":"https:\/\/api.w.org\/{rel}","templated":true}]}}