{"id":13434,"date":"2020-08-13T10:17:54","date_gmt":"2020-08-13T13:17:54","guid":{"rendered":"http:\/\/blogopara.com.br\/?p=13434"},"modified":"2020-08-12T17:21:14","modified_gmt":"2020-08-12T20:21:14","slug":"vacina-contra-covid-19-comecou-a-ser-testada-em-obras-sociais-irma-dulce","status":"publish","type":"post","link":"https:\/\/blogopara.com.br\/index.php\/2020\/08\/13\/vacina-contra-covid-19-comecou-a-ser-testada-em-obras-sociais-irma-dulce","title":{"rendered":"Vacina contra Covid-19 come\u00e7ou a ser testada em Obras Sociais Irm\u00e3 Dulce"},"content":{"rendered":"<p id=\"viewer-8v7a0\" class=\"XzvDs _208Ie tFDi5 blog-post-text-font blog-post-text-color _2QAo- _1iXso _7G6-i tFDi5 public-DraftStyleDefault-block-depth0 public-DraftStyleDefault-text-ltr\" style=\"text-align: justify;\">A institui\u00e7\u00e3o filantr\u00f3pica Obras Sociais Irm\u00e3 Dulce (Osid), em Salvador, come\u00e7a a aplicar na quarta-feira (12) os testes da vacina contra Covid-19 produzida pela norte-americana Pfizer em parceria com a alem\u00e3 BioNTech. A farmac\u00eautica estrangeira ir\u00e1 ministrar, neste primeiro dia, 50 pessoas.<\/p>\n<p id=\"viewer-btb5k\" class=\"XzvDs _208Ie tFDi5 blog-post-text-font blog-post-text-color _2QAo- _1iXso _7G6-i tFDi5 public-DraftStyleDefault-block-depth0 public-DraftStyleDefault-text-ltr\" style=\"text-align: justify;\">A expectativa, de acordo com\u00a0 a superintendente das Obras Sociais de Irm\u00e3 Dulce Maria Rita Lopes Pontes, \u00e9 vacinar at\u00e9 200 pessoas por dia na pr\u00f3xima semana, at\u00e9 que os 500 participantes do estudo j\u00e1 tenham recebido a dose. A dose ser\u00e1 refor\u00e7ada ap\u00f3s 21 dias.<\/p>\n<p id=\"viewer-c0c28\" class=\"XzvDs _208Ie tFDi5 blog-post-text-font blog-post-text-color _2QAo- _1iXso _7G6-i tFDi5 public-DraftStyleDefault-block-depth0 public-DraftStyleDefault-text-ltr\" style=\"text-align: justify;\">Assim como no Centro Paulista de Investiga\u00e7\u00e3o Cl\u00ednica (Cepic), em S\u00e3o Paulo, uma parcela dos integrantes dos testes em Salvador receber\u00e3o o imunizante e os demais, um placebo &#8211; subst\u00e2ncia sem efeito contra a infec\u00e7\u00e3o. Aqueles que forem sorteados ao segundo grupo ter\u00e3o a oportunidade de serem imunizados ao fim da pesquisa, caso a vacina se comprove eficaz.<\/p>\n<p id=\"viewer-6m8cb\" class=\"XzvDs _208Ie tFDi5 blog-post-text-font blog-post-text-color _2QAo- _1iXso _7G6-i tFDi5 public-DraftStyleDefault-block-depth0 public-DraftStyleDefault-text-ltr\" style=\"text-align: justify;\">Em entrevista ao Isso \u00e9 Bahia, do A Tarde FM (103.9) e Bahia Not\u00edcias, Maria Rita declarou que espera voltar ao ritmo normal de atendimentos na Osid com a vacina. <em>&#8220;Atend\u00edamos 2 mil pessoas por dia. Agora est\u00e3o de portas fechadas para a assist\u00eancia. Espero que, com a vacina, a gente possa voltar aos n\u00fameros do pr\u00e9-pandemia, com nossos 954 leitos, todos voltados para o SUS&#8221;<\/em>, disse.<\/p>\n<pre id=\"viewer-78ob5\" class=\"XzvDs _208Ie tFDi5 blog-post-text-font blog-post-text-color _2QAo- _1iXso _7G6-i tFDi5 public-DraftStyleDefault-block-depth0 public-DraftStyleDefault-text-ltr\">Fonte: Bahia Not\u00edcias<\/pre>\n","protected":false},"excerpt":{"rendered":"<p>A institui\u00e7\u00e3o filantr\u00f3pica Obras Sociais Irm\u00e3 Dulce (Osid), em Salvador, come\u00e7a a aplicar na quarta-feira (12) os testes da vacina contra Covid-19 produzida pela norte-americana Pfizer em parceria com a alem\u00e3 BioNTech. A farmac\u00eautica estrangeira ir\u00e1 ministrar, neste primeiro dia, 50 pessoas. A expectativa, de acordo com\u00a0 a superintendente das Obras Sociais de Irm\u00e3 Dulce [&hellip;]<\/p>\n","protected":false},"author":1,"featured_media":13435,"comment_status":"open","ping_status":"open","sticky":false,"template":"","format":"standard","meta":{"_uag_custom_page_level_css":"","_monsterinsights_skip_tracking":false,"_monsterinsights_sitenote_active":false,"_monsterinsights_sitenote_note":"","_monsterinsights_sitenote_category":0,"jetpack_post_was_ever_published":false,"_jetpack_newsletter_access":"","_jetpack_dont_email_post_to_subs":false,"_jetpack_newsletter_tier_id":0,"_jetpack_memberships_contains_paywalled_content":false,"_jetpack_memberships_contains_paid_content":false,"footnotes":"","jetpack_publicize_message":"","jetpack_publicize_feature_enabled":true,"jetpack_social_post_already_shared":true,"jetpack_social_options":{"image_generator_settings":{"template":"highway","default_image_id":0,"font":"","enabled":false},"version":2}},"categories":[200,205],"tags":[],"class_list":["post-13434","post","type-post","status-publish","format-standard","has-post-thumbnail","hentry","category-brasil","category-saude"],"jetpack_publicize_connections":[],"jetpack_featured_media_url":"https:\/\/blogopara.com.br\/wp-content\/uploads\/2020\/08\/vacina.jpg","uagb_featured_image_src":{"full":["https:\/\/blogopara.com.br\/wp-content\/uploads\/2020\/08\/vacina.jpg",500,298,false],"thumbnail":["https:\/\/blogopara.com.br\/wp-content\/uploads\/2020\/08\/vacina-150x150.jpg",150,150,true],"medium":["https:\/\/blogopara.com.br\/wp-content\/uploads\/2020\/08\/vacina-300x179.jpg",300,179,true],"medium_large":["https:\/\/blogopara.com.br\/wp-content\/uploads\/2020\/08\/vacina.jpg",500,298,false],"large":["https:\/\/blogopara.com.br\/wp-content\/uploads\/2020\/08\/vacina.jpg",500,298,false],"1536x1536":["https:\/\/blogopara.com.br\/wp-content\/uploads\/2020\/08\/vacina.jpg",500,298,false],"2048x2048":["https:\/\/blogopara.com.br\/wp-content\/uploads\/2020\/08\/vacina.jpg",500,298,false],"mantranews-slider-large":["https:\/\/blogopara.com.br\/wp-content\/uploads\/2020\/08\/vacina.jpg",500,298,false],"mantranews-featured-medium":["https:\/\/blogopara.com.br\/wp-content\/uploads\/2020\/08\/vacina-420x298.jpg",420,298,true],"mantranews-featured-long":["https:\/\/blogopara.com.br\/wp-content\/uploads\/2020\/08\/vacina-300x298.jpg",300,298,true],"mantranews-block-medium":["https:\/\/blogopara.com.br\/wp-content\/uploads\/2020\/08\/vacina-464x290.jpg",464,290,true],"mantranews-carousel-image":["https:\/\/blogopara.com.br\/wp-content\/uploads\/2020\/08\/vacina.jpg",500,298,false],"mantranews-block-thumb":["https:\/\/blogopara.com.br\/wp-content\/uploads\/2020\/08\/vacina-322x230.jpg",322,230,true],"mantranews-single-large":["https:\/\/blogopara.com.br\/wp-content\/uploads\/2020\/08\/vacina.jpg",500,298,false]},"uagb_author_info":{"display_name":"Reda\u00e7\u00e3o geral","author_link":"https:\/\/blogopara.com.br\/index.php\/author\/blogopara"},"uagb_comment_info":0,"uagb_excerpt":"A institui\u00e7\u00e3o filantr\u00f3pica Obras Sociais Irm\u00e3 Dulce (Osid), em Salvador, come\u00e7a a aplicar na quarta-feira (12) os testes da vacina contra Covid-19 produzida pela norte-americana Pfizer em parceria com a alem\u00e3 BioNTech. A farmac\u00eautica estrangeira ir\u00e1 ministrar, neste primeiro dia, 50 pessoas. A expectativa, de acordo com\u00a0 a superintendente das Obras Sociais de Irm\u00e3 Dulce&hellip;","jetpack_sharing_enabled":true,"jetpack_likes_enabled":true,"_links":{"self":[{"href":"https:\/\/blogopara.com.br\/index.php\/wp-json\/wp\/v2\/posts\/13434","targetHints":{"allow":["GET"]}}],"collection":[{"href":"https:\/\/blogopara.com.br\/index.php\/wp-json\/wp\/v2\/posts"}],"about":[{"href":"https:\/\/blogopara.com.br\/index.php\/wp-json\/wp\/v2\/types\/post"}],"author":[{"embeddable":true,"href":"https:\/\/blogopara.com.br\/index.php\/wp-json\/wp\/v2\/users\/1"}],"replies":[{"embeddable":true,"href":"https:\/\/blogopara.com.br\/index.php\/wp-json\/wp\/v2\/comments?post=13434"}],"version-history":[{"count":1,"href":"https:\/\/blogopara.com.br\/index.php\/wp-json\/wp\/v2\/posts\/13434\/revisions"}],"predecessor-version":[{"id":13436,"href":"https:\/\/blogopara.com.br\/index.php\/wp-json\/wp\/v2\/posts\/13434\/revisions\/13436"}],"wp:featuredmedia":[{"embeddable":true,"href":"https:\/\/blogopara.com.br\/index.php\/wp-json\/wp\/v2\/media\/13435"}],"wp:attachment":[{"href":"https:\/\/blogopara.com.br\/index.php\/wp-json\/wp\/v2\/media?parent=13434"}],"wp:term":[{"taxonomy":"category","embeddable":true,"href":"https:\/\/blogopara.com.br\/index.php\/wp-json\/wp\/v2\/categories?post=13434"},{"taxonomy":"post_tag","embeddable":true,"href":"https:\/\/blogopara.com.br\/index.php\/wp-json\/wp\/v2\/tags?post=13434"}],"curies":[{"name":"wp","href":"https:\/\/api.w.org\/{rel}","templated":true}]}}