{"id":13477,"date":"2020-08-14T14:52:36","date_gmt":"2020-08-14T17:52:36","guid":{"rendered":"http:\/\/blogopara.com.br\/?p=13477"},"modified":"2020-08-14T14:53:24","modified_gmt":"2020-08-14T17:53:24","slug":"curso-online-sobre-audiencia-de-conciliacao","status":"publish","type":"post","link":"https:\/\/blogopara.com.br\/index.php\/2020\/08\/14\/curso-online-sobre-audiencia-de-conciliacao","title":{"rendered":"Curso online sobre Audi\u00eancia de Concilia\u00e7\u00e3o"},"content":{"rendered":"\n<p class=\"has-text-align-justify\">Voc\u00ea \u00e9 estudante de Direito, Preposto, Advogado ou tem interesse em audi\u00eancias de concilia\u00e7\u00e3o? Ent\u00e3o est\u00e1 no lugar certo!<\/p>\n\n\n\n<p class=\"has-text-align-justify\">O Conciliador Federal h\u00e1 mais de 3 anos, \u00cdtalo Ferreira, com mais de 100 horas de pr\u00e1tica em audi\u00eancias de concilia\u00e7\u00e3o e o Juiz Federal Dr\u00b0 Arthur Napole\u00e3o, coordenador do centro de justi\u00e7a e cidadania &#8211; CEJUS, prepararam um curso sobre os aspectos pr\u00e1ticos e te\u00f3ricos na audi\u00eancia conciliat\u00f3ria, trazendo dicas, relatos reais, casos pr\u00e1ticos, tudo isso para voc\u00ea dominar com excel\u00eancia a audi\u00eancia.<\/p>\n\n\n\n<p class=\"has-text-align-justify\">O curso ocorrer\u00e1 dia 29 de agosto das 8 horas \u00e0s 12 horas sendo 4 horas de dura\u00e7\u00e3o com material em PDF + certifica\u00e7\u00e3o.<\/p>\n\n\n\n<p>Aproveite e se inscreva agora mesmo!<\/p>\n\n\n\n<p><a href=\"https:\/\/www.mercadopago.com.br\/checkout\/v1\/redirect?pref_id=465239968-9997a852-9d56-4e4f-955d-b9b557b5c8e6\">https:\/\/www.mercadopago.com.br\/checkout\/v1\/redirect?pref_id=465239968-9997a852-9d56-4e4f-955d-b9b557b5c8e6<\/a><\/p>\n\n\n\n<p>Ap\u00f3s realizar o pagamento, ser\u00e1 necess\u00e1rio enviar o comprovante para um dos seguintes n\u00famero:<\/p>\n\n\n\n<p>(87)988499077<\/p>\n\n\n\n<p>(87)988482760<\/p>\n\n\n\n<p><\/p>\n","protected":false},"excerpt":{"rendered":"<p>Voc\u00ea \u00e9 estudante de Direito, Preposto, Advogado ou tem interesse em audi\u00eancias de concilia\u00e7\u00e3o? Ent\u00e3o est\u00e1 no lugar certo! O Conciliador Federal h\u00e1 mais de 3 anos, \u00cdtalo Ferreira, com mais de 100 horas de pr\u00e1tica em audi\u00eancias de concilia\u00e7\u00e3o e o Juiz Federal Dr\u00b0 Arthur Napole\u00e3o, coordenador do centro de justi\u00e7a e cidadania &#8211; [&hellip;]<\/p>\n","protected":false},"author":4,"featured_media":13478,"comment_status":"open","ping_status":"open","sticky":false,"template":"","format":"standard","meta":{"_uag_custom_page_level_css":"","_monsterinsights_skip_tracking":false,"_monsterinsights_sitenote_active":false,"_monsterinsights_sitenote_note":"","_monsterinsights_sitenote_category":0,"jetpack_post_was_ever_published":false,"_jetpack_newsletter_access":"","_jetpack_dont_email_post_to_subs":false,"_jetpack_newsletter_tier_id":0,"_jetpack_memberships_contains_paywalled_content":false,"_jetpack_memberships_contains_paid_content":false,"footnotes":"","jetpack_publicize_message":"","jetpack_publicize_feature_enabled":true,"jetpack_social_post_already_shared":true,"jetpack_social_options":{"image_generator_settings":{"template":"highway","default_image_id":0,"font":"","enabled":false},"version":2}},"categories":[209,203,210,851],"tags":[1499],"class_list":["post-13477","post","type-post","status-publish","format-standard","has-post-thumbnail","hentry","category-educacao","category-juazeiro","category-justica","category-petrolina","tag-curso-online"],"jetpack_publicize_connections":[],"jetpack_featured_media_url":"https:\/\/blogopara.com.br\/wp-content\/uploads\/2020\/08\/Screenshot_20200814-144803_WhatsApp.jpg","uagb_featured_image_src":{"full":["https:\/\/blogopara.com.br\/wp-content\/uploads\/2020\/08\/Screenshot_20200814-144803_WhatsApp.jpg",1075,1184,false],"thumbnail":["https:\/\/blogopara.com.br\/wp-content\/uploads\/2020\/08\/Screenshot_20200814-144803_WhatsApp-150x150.jpg",150,150,true],"medium":["https:\/\/blogopara.com.br\/wp-content\/uploads\/2020\/08\/Screenshot_20200814-144803_WhatsApp-272x300.jpg",272,300,true],"medium_large":["https:\/\/blogopara.com.br\/wp-content\/uploads\/2020\/08\/Screenshot_20200814-144803_WhatsApp-768x846.jpg",640,705,true],"large":["https:\/\/blogopara.com.br\/wp-content\/uploads\/2020\/08\/Screenshot_20200814-144803_WhatsApp-930x1024.jpg",640,705,true],"1536x1536":["https:\/\/blogopara.com.br\/wp-content\/uploads\/2020\/08\/Screenshot_20200814-144803_WhatsApp.jpg",1075,1184,false],"2048x2048":["https:\/\/blogopara.com.br\/wp-content\/uploads\/2020\/08\/Screenshot_20200814-144803_WhatsApp.jpg",1075,1184,false],"mantranews-slider-large":["https:\/\/blogopara.com.br\/wp-content\/uploads\/2020\/08\/Screenshot_20200814-144803_WhatsApp-1020x741.jpg",1020,741,true],"mantranews-featured-medium":["https:\/\/blogopara.com.br\/wp-content\/uploads\/2020\/08\/Screenshot_20200814-144803_WhatsApp-420x307.jpg",420,307,true],"mantranews-featured-long":["https:\/\/blogopara.com.br\/wp-content\/uploads\/2020\/08\/Screenshot_20200814-144803_WhatsApp-300x443.jpg",300,443,true],"mantranews-block-medium":["https:\/\/blogopara.com.br\/wp-content\/uploads\/2020\/08\/Screenshot_20200814-144803_WhatsApp-464x290.jpg",464,290,true],"mantranews-carousel-image":["https:\/\/blogopara.com.br\/wp-content\/uploads\/2020\/08\/Screenshot_20200814-144803_WhatsApp-600x500.jpg",600,500,true],"mantranews-block-thumb":["https:\/\/blogopara.com.br\/wp-content\/uploads\/2020\/08\/Screenshot_20200814-144803_WhatsApp-322x230.jpg",322,230,true],"mantranews-single-large":["https:\/\/blogopara.com.br\/wp-content\/uploads\/2020\/08\/Screenshot_20200814-144803_WhatsApp-1075x642.jpg",1075,642,true]},"uagb_author_info":{"display_name":"Administrador","author_link":"https:\/\/blogopara.com.br\/index.php\/author\/designer"},"uagb_comment_info":0,"uagb_excerpt":"Voc\u00ea \u00e9 estudante de Direito, Preposto, Advogado ou tem interesse em audi\u00eancias de concilia\u00e7\u00e3o? Ent\u00e3o est\u00e1 no lugar certo! O Conciliador Federal h\u00e1 mais de 3 anos, \u00cdtalo Ferreira, com mais de 100 horas de pr\u00e1tica em audi\u00eancias de concilia\u00e7\u00e3o e o Juiz Federal Dr\u00b0 Arthur Napole\u00e3o, coordenador do centro de justi\u00e7a e cidadania &#8211;&hellip;","jetpack_sharing_enabled":true,"jetpack_likes_enabled":true,"_links":{"self":[{"href":"https:\/\/blogopara.com.br\/index.php\/wp-json\/wp\/v2\/posts\/13477","targetHints":{"allow":["GET"]}}],"collection":[{"href":"https:\/\/blogopara.com.br\/index.php\/wp-json\/wp\/v2\/posts"}],"about":[{"href":"https:\/\/blogopara.com.br\/index.php\/wp-json\/wp\/v2\/types\/post"}],"author":[{"embeddable":true,"href":"https:\/\/blogopara.com.br\/index.php\/wp-json\/wp\/v2\/users\/4"}],"replies":[{"embeddable":true,"href":"https:\/\/blogopara.com.br\/index.php\/wp-json\/wp\/v2\/comments?post=13477"}],"version-history":[{"count":1,"href":"https:\/\/blogopara.com.br\/index.php\/wp-json\/wp\/v2\/posts\/13477\/revisions"}],"predecessor-version":[{"id":13479,"href":"https:\/\/blogopara.com.br\/index.php\/wp-json\/wp\/v2\/posts\/13477\/revisions\/13479"}],"wp:featuredmedia":[{"embeddable":true,"href":"https:\/\/blogopara.com.br\/index.php\/wp-json\/wp\/v2\/media\/13478"}],"wp:attachment":[{"href":"https:\/\/blogopara.com.br\/index.php\/wp-json\/wp\/v2\/media?parent=13477"}],"wp:term":[{"taxonomy":"category","embeddable":true,"href":"https:\/\/blogopara.com.br\/index.php\/wp-json\/wp\/v2\/categories?post=13477"},{"taxonomy":"post_tag","embeddable":true,"href":"https:\/\/blogopara.com.br\/index.php\/wp-json\/wp\/v2\/tags?post=13477"}],"curies":[{"name":"wp","href":"https:\/\/api.w.org\/{rel}","templated":true}]}}