{"id":13536,"date":"2020-08-19T08:57:48","date_gmt":"2020-08-19T11:57:48","guid":{"rendered":"http:\/\/blogopara.com.br\/?p=13536"},"modified":"2020-08-17T23:10:57","modified_gmt":"2020-08-18T02:10:57","slug":"incendio-na-serra-da-madeira-municipios-sao-autorizados-a-terem-brigadas-de-incendios","status":"publish","type":"post","link":"https:\/\/blogopara.com.br\/index.php\/2020\/08\/19\/incendio-na-serra-da-madeira-municipios-sao-autorizados-a-terem-brigadas-de-incendios","title":{"rendered":"Inc\u00eandio na Serra da Madeira: Munic\u00edpios s\u00e3o autorizados a terem Brigadas de Inc\u00eandios"},"content":{"rendered":"<p style=\"text-align: justify;\">O inc\u00eandio na tarde de domingo (16) que devastou a Serra da Madeira, no Distrito de Itamotinga, e se alastrou aos limites do munic\u00edpio de Cura\u00e7\u00e1, n\u00e3o deixou somente um rastro de destrui\u00e7\u00e3o na caatinga e de preju\u00edzos para pequenos produtores rurais, trouxe tamb\u00e9m reflex\u00f5es sobre as responsabilidades dos munic\u00edpios onde n\u00e3o existem uma sede do Corpo de Bombeiros.<\/p>\n<p style=\"text-align: justify;\">A Proposta de Emenda Constitucional 19\/2013 tramitou na Comiss\u00e3o de Constitui\u00e7\u00e3o, Justi\u00e7a e Cidadania (CCJ) e foi aprovada no ano de 2013, ela autorizava os munic\u00edpios sem corpo de bombeiros a criar brigada de combate a inc\u00eandio e de salvamento. A Proposta foi uma iniciativa do ent\u00e3o a \u00e9poca, presidente da CCJ, senador Vital do Rego (PMDB-PB), a proposta recebeu voto favor\u00e1vel do relator, senador Acir Gurgacz (PDT-RO).<\/p>\n<p style=\"text-align: justify;\">No ano de 2017, o presidente Michel Temer, criou a <strong><a href=\"http:\/\/legislacao.planalto.gov.br\/legisla\/legislacao.nsf\/Viw_Identificacao\/lei%2013.425-2017?OpenDocument\">LEI N\u00ba 13.425, DE 30 DE MAR\u00c7O DE 2017,<\/a> <\/strong><span style=\"text-align: justify;\">que estabeleceu entre outras coisas a autoriza\u00e7\u00e3o para os munic\u00edpios onde n\u00e3o existam uma unidade do Corpo de Bombeiros manterem brigadas de combate a inc\u00eandios, diz o artigo 3\u00ba, paragrafo<\/span><span style=\"font-size: inherit; text-align: justify;\"> 2\u00ba:&nbsp; &#8220;Os Munic\u00edpios que n\u00e3o contarem com unidade do Corpo de Bombeiros Militar instalada poder\u00e3o criar e manter servi\u00e7os de preven\u00e7\u00e3o e combate a inc\u00eandio e atendimento a emerg\u00eancias, mediante conv\u00eanio com a respectiva corpora\u00e7\u00e3o militar estadual&#8221;.&nbsp;<\/span><\/p>\n<p style=\"text-align: justify;\">Passados mais de tr\u00eas desde a cria\u00e7\u00e3o da supracitada lei, poucos munic\u00edpios criaram a sua Brigada de Inc\u00eandios, principalmente os munic\u00edpios com grande \u00e1rea territorial, a exemplo aqui na regi\u00e3o de Sento-S\u00e9, Pil\u00e3o Arcado, Campo Alegre de Lourdes e Cura\u00e7\u00e1.<\/p>\n<p style=\"text-align: justify;\">Os inc\u00eandios florestais ser\u00e3o sempre uma amea\u00e7a presente, embora tenha ocorrido nos \u00faltimos anos uma larga expans\u00e3o das unidades do Corpo de Bombeiros , principalmente no interior. Mas em raz\u00e3o da grandeza da \u00e1rea territorial da Bahia, com os seus 417 munic\u00edpios, \u00e9 completamente imposs\u00edvel o atendimento imediato e com efici\u00eancia em toda \u00e1rea territorial.<\/p>\n<p style=\"text-align: justify;\">\u00d3rg\u00e3os como o INEMA &#8211; Instituto do Meio Ambiente e Recursos H\u00eddricos e o IBAMA &#8211; Instituto Brasileiro do Meio Ambiente e dos Recursos Naturais Renov\u00e1veis, precisam serem mais atuantes na articula\u00e7\u00e3o de cria\u00e7\u00e3o e no fortalecimento das Brigadas Municipais, pois em muitos casos os inc\u00eandios t\u00eam destru\u00eddo irreversivelmente \u00e1reas de preserva\u00e7\u00e3o, mananciais e a fauna.<\/p>\n","protected":false},"excerpt":{"rendered":"<p>O inc\u00eandio na tarde de domingo (16) que devastou a Serra da Madeira, no Distrito de Itamotinga, e se alastrou aos limites do munic\u00edpio de Cura\u00e7\u00e1, n\u00e3o deixou somente um rastro de destrui\u00e7\u00e3o na caatinga e de preju\u00edzos para pequenos produtores rurais, trouxe tamb\u00e9m reflex\u00f5es sobre as responsabilidades dos munic\u00edpios onde n\u00e3o existem uma sede [&hellip;]<\/p>\n","protected":false},"author":1,"featured_media":13553,"comment_status":"open","ping_status":"open","sticky":false,"template":"","format":"standard","meta":{"_uag_custom_page_level_css":"","_monsterinsights_skip_tracking":false,"_monsterinsights_sitenote_active":false,"_monsterinsights_sitenote_note":"","_monsterinsights_sitenote_category":0,"jetpack_post_was_ever_published":false,"_jetpack_newsletter_access":"","_jetpack_dont_email_post_to_subs":false,"_jetpack_newsletter_tier_id":0,"_jetpack_memberships_contains_paywalled_content":false,"_jetpack_memberships_contains_paid_content":false,"footnotes":"","jetpack_publicize_message":"","jetpack_publicize_feature_enabled":true,"jetpack_social_post_already_shared":true,"jetpack_social_options":{"image_generator_settings":{"template":"highway","default_image_id":0,"font":"","enabled":false},"version":2}},"categories":[199,201,203,197],"tags":[],"class_list":["post-13536","post","type-post","status-publish","format-standard","has-post-thumbnail","hentry","category-bahia","category-bombeiro","category-juazeiro","category-politica"],"jetpack_publicize_connections":[],"jetpack_featured_media_url":"https:\/\/blogopara.com.br\/wp-content\/uploads\/2020\/08\/Design-sem-nome-1-3.jpg","uagb_featured_image_src":{"full":["https:\/\/blogopara.com.br\/wp-content\/uploads\/2020\/08\/Design-sem-nome-1-3.jpg",500,707,false],"thumbnail":["https:\/\/blogopara.com.br\/wp-content\/uploads\/2020\/08\/Design-sem-nome-1-3-150x150.jpg",150,150,true],"medium":["https:\/\/blogopara.com.br\/wp-content\/uploads\/2020\/08\/Design-sem-nome-1-3-212x300.jpg",212,300,true],"medium_large":["https:\/\/blogopara.com.br\/wp-content\/uploads\/2020\/08\/Design-sem-nome-1-3.jpg",500,707,false],"large":["https:\/\/blogopara.com.br\/wp-content\/uploads\/2020\/08\/Design-sem-nome-1-3.jpg",500,707,false],"1536x1536":["https:\/\/blogopara.com.br\/wp-content\/uploads\/2020\/08\/Design-sem-nome-1-3.jpg",500,707,false],"2048x2048":["https:\/\/blogopara.com.br\/wp-content\/uploads\/2020\/08\/Design-sem-nome-1-3.jpg",500,707,false],"mantranews-slider-large":["https:\/\/blogopara.com.br\/wp-content\/uploads\/2020\/08\/Design-sem-nome-1-3.jpg",500,707,false],"mantranews-featured-medium":["https:\/\/blogopara.com.br\/wp-content\/uploads\/2020\/08\/Design-sem-nome-1-3-420x307.jpg",420,307,true],"mantranews-featured-long":["https:\/\/blogopara.com.br\/wp-content\/uploads\/2020\/08\/Design-sem-nome-1-3-300x443.jpg",300,443,true],"mantranews-block-medium":["https:\/\/blogopara.com.br\/wp-content\/uploads\/2020\/08\/Design-sem-nome-1-3-464x290.jpg",464,290,true],"mantranews-carousel-image":["https:\/\/blogopara.com.br\/wp-content\/uploads\/2020\/08\/Design-sem-nome-1-3-500x500.jpg",500,500,true],"mantranews-block-thumb":["https:\/\/blogopara.com.br\/wp-content\/uploads\/2020\/08\/Design-sem-nome-1-3-322x230.jpg",322,230,true],"mantranews-single-large":["https:\/\/blogopara.com.br\/wp-content\/uploads\/2020\/08\/Design-sem-nome-1-3-500x642.jpg",500,642,true]},"uagb_author_info":{"display_name":"Reda\u00e7\u00e3o geral","author_link":"https:\/\/blogopara.com.br\/index.php\/author\/blogopara"},"uagb_comment_info":0,"uagb_excerpt":"O inc\u00eandio na tarde de domingo (16) que devastou a Serra da Madeira, no Distrito de Itamotinga, e se alastrou aos limites do munic\u00edpio de Cura\u00e7\u00e1, n\u00e3o deixou somente um rastro de destrui\u00e7\u00e3o na caatinga e de preju\u00edzos para pequenos produtores rurais, trouxe tamb\u00e9m reflex\u00f5es sobre as responsabilidades dos munic\u00edpios onde n\u00e3o existem uma sede&hellip;","jetpack_sharing_enabled":true,"jetpack_likes_enabled":true,"_links":{"self":[{"href":"https:\/\/blogopara.com.br\/index.php\/wp-json\/wp\/v2\/posts\/13536","targetHints":{"allow":["GET"]}}],"collection":[{"href":"https:\/\/blogopara.com.br\/index.php\/wp-json\/wp\/v2\/posts"}],"about":[{"href":"https:\/\/blogopara.com.br\/index.php\/wp-json\/wp\/v2\/types\/post"}],"author":[{"embeddable":true,"href":"https:\/\/blogopara.com.br\/index.php\/wp-json\/wp\/v2\/users\/1"}],"replies":[{"embeddable":true,"href":"https:\/\/blogopara.com.br\/index.php\/wp-json\/wp\/v2\/comments?post=13536"}],"version-history":[{"count":5,"href":"https:\/\/blogopara.com.br\/index.php\/wp-json\/wp\/v2\/posts\/13536\/revisions"}],"predecessor-version":[{"id":13592,"href":"https:\/\/blogopara.com.br\/index.php\/wp-json\/wp\/v2\/posts\/13536\/revisions\/13592"}],"wp:featuredmedia":[{"embeddable":true,"href":"https:\/\/blogopara.com.br\/index.php\/wp-json\/wp\/v2\/media\/13553"}],"wp:attachment":[{"href":"https:\/\/blogopara.com.br\/index.php\/wp-json\/wp\/v2\/media?parent=13536"}],"wp:term":[{"taxonomy":"category","embeddable":true,"href":"https:\/\/blogopara.com.br\/index.php\/wp-json\/wp\/v2\/categories?post=13536"},{"taxonomy":"post_tag","embeddable":true,"href":"https:\/\/blogopara.com.br\/index.php\/wp-json\/wp\/v2\/tags?post=13536"}],"curies":[{"name":"wp","href":"https:\/\/api.w.org\/{rel}","templated":true}]}}