{"id":13540,"date":"2020-08-18T08:54:07","date_gmt":"2020-08-18T11:54:07","guid":{"rendered":"http:\/\/blogopara.com.br\/?p=13540"},"modified":"2020-08-18T16:24:13","modified_gmt":"2020-08-18T19:24:13","slug":"liquida-juazeiro-prefeito-vai-privatizar-a-iluminacao-publica","status":"publish","type":"post","link":"https:\/\/blogopara.com.br\/index.php\/2020\/08\/18\/liquida-juazeiro-prefeito-vai-privatizar-a-iluminacao-publica","title":{"rendered":"Liquida Juazeiro: Prefeito vai privatizar a ilumina\u00e7\u00e3o p\u00fablica"},"content":{"rendered":"<p style=\"text-align: justify;\">Contrariando os discursos das principais lideran\u00e7as petistas em todo Brasil, o prefeito Isaac Carvalho e Paulo Bomfim (PT), a cada dia mostram a verdadeira face de um governo de farsas e muita engana\u00e7\u00e3o ideol\u00f3gica.<\/p>\n<p style=\"text-align: justify;\">O PT sempre se mostrou contr\u00e1rio as privatiza\u00e7\u00f5es e a terceiriza\u00e7\u00e3o dos servi\u00e7os p\u00fablicos, principalmente os essenciais, como \u00e1gua e luz, mas em Juazeiro o Partido n\u00e3o segue essa cartilha ideol\u00f3gica, quem manda \u00e9 o coron\u00e9 Isaac Carvalho.<\/p>\n<p style=\"text-align: justify;\">Quando da vota\u00e7\u00e3o do Novo Marco Legal do Saneamento B\u00e1sico, em junho deste ano, todos os senadores do Partido votaram contra o projeto, o argumento utilizado pelos senadores foi que o projeto\u00a0fortalece o vi\u00e9s de privatiza\u00e7\u00e3o dos servi\u00e7os, indo na dire\u00e7\u00e3o contr\u00e1ria ao interesse p\u00fablico.<\/p>\n<p style=\"text-align: justify;\">Mas a terceiriza\u00e7\u00e3o do SAAE em Juazeiro foi concretizada em 2019, a empresa Metro Engenharia abocanhou dois contratos com autarquia municipal no valor de 60 milh\u00f5es de reais. A terceiriza\u00e7\u00e3o aconteceu um ano antes do presidente Jair Bolsonaro sancionar o Novo Marco do Saneamento B\u00e1sico.<\/p>\n<p style=\"text-align: justify;\">Como no geral os servi\u00e7os p\u00fablicos em Juazeiro j\u00e1 est\u00e3o terceirizados ou em vias de privatizar, agora eles ir\u00e3o privatizar a ilumina\u00e7\u00e3o p\u00fablica. O munic\u00edpio estar contratando uma Funda\u00e7\u00e3o ligada a Caixa Econ\u00f4mica, no valor de 3 milh\u00f5es reais para elaborar uma Parceira P\u00fablico Privada (PPP) para privatizar a ilumina\u00e7\u00e3o p\u00fablica de Juazeiro.<\/p>\n<p style=\"text-align: justify;\">O contrato n\u00ba 0544130-83\/2020, foi assinado em 16 de julho de 2020, o munic\u00edpio desembolsou de imediato pelo projeto R$ 307 mil reais. Com tantos engenheiros e t\u00e9cnicos na prefeitura, o gestor municipal prefere gastar dinheiro p\u00fablico, nesse momento t\u00e3o dif\u00edcil de pandemia e crise econ\u00f4mica e social, para elaborar um projeto, a principio sem muitas complexidades na sua execu\u00e7\u00e3o.<\/p>\n<p style=\"text-align: justify;\">A proposta de privatiza\u00e7\u00e3o da ilumina\u00e7\u00e3o, talvez justifique todo empenho da prefeitura em recolocar os postes de ilumina\u00e7\u00e3o p\u00fablica nas BRs 407 (Mercado do Produtor ao bairro Lomanto J\u00fanior) e na 235 (da rodovi\u00e1ria ao supermercado Assai). Utilizando os poucos recursos p\u00fablicos para entregar para a iniciativa privada administrar, sem investimentos de recursos, como fizeram com a instala\u00e7\u00e3o e a manuten\u00e7\u00e3o do sistema de Zona Azul.<\/p>\n<p><img loading=\"lazy\" decoding=\"async\" class=\"alignnone size-medium wp-image-13546\" src=\"https:\/\/blogopara.com.br\/wp-content\/uploads\/2020\/08\/WhatsApp-Image-2020-08-15-at-12.35.42-300x224.jpeg\" alt=\"\" width=\"300\" height=\"224\" srcset=\"https:\/\/blogopara.com.br\/wp-content\/uploads\/2020\/08\/WhatsApp-Image-2020-08-15-at-12.35.42-300x224.jpeg 300w, https:\/\/blogopara.com.br\/wp-content\/uploads\/2020\/08\/WhatsApp-Image-2020-08-15-at-12.35.42-1024x765.jpeg 1024w, https:\/\/blogopara.com.br\/wp-content\/uploads\/2020\/08\/WhatsApp-Image-2020-08-15-at-12.35.42-768x573.jpeg 768w, https:\/\/blogopara.com.br\/wp-content\/uploads\/2020\/08\/WhatsApp-Image-2020-08-15-at-12.35.42.jpeg 1050w\" sizes=\"auto, (max-width: 300px) 100vw, 300px\" \/><\/p>\n","protected":false},"excerpt":{"rendered":"<p>Contrariando os discursos das principais lideran\u00e7as petistas em todo Brasil, o prefeito Isaac Carvalho e Paulo Bomfim (PT), a cada dia mostram a verdadeira face de um governo de farsas e muita engana\u00e7\u00e3o ideol\u00f3gica. O PT sempre se mostrou contr\u00e1rio as privatiza\u00e7\u00f5es e a terceiriza\u00e7\u00e3o dos servi\u00e7os p\u00fablicos, principalmente os essenciais, como \u00e1gua e luz, [&hellip;]<\/p>\n","protected":false},"author":1,"featured_media":13545,"comment_status":"open","ping_status":"open","sticky":false,"template":"","format":"standard","meta":{"_uag_custom_page_level_css":"","_monsterinsights_skip_tracking":false,"_monsterinsights_sitenote_active":false,"_monsterinsights_sitenote_note":"","_monsterinsights_sitenote_category":0,"jetpack_post_was_ever_published":false,"_jetpack_newsletter_access":"","_jetpack_dont_email_post_to_subs":false,"_jetpack_newsletter_tier_id":0,"_jetpack_memberships_contains_paywalled_content":false,"_jetpack_memberships_contains_paid_content":false,"footnotes":"","jetpack_publicize_message":"","jetpack_publicize_feature_enabled":true,"jetpack_social_post_already_shared":true,"jetpack_social_options":{"image_generator_settings":{"template":"highway","default_image_id":0,"font":"","enabled":false},"version":2}},"categories":[203,197],"tags":[],"class_list":["post-13540","post","type-post","status-publish","format-standard","has-post-thumbnail","hentry","category-juazeiro","category-politica"],"jetpack_publicize_connections":[],"jetpack_featured_media_url":"https:\/\/blogopara.com.br\/wp-content\/uploads\/2020\/08\/Black-and-White-Wood-Texture-General-Father-Instagram-Post-10.jpg","uagb_featured_image_src":{"full":["https:\/\/blogopara.com.br\/wp-content\/uploads\/2020\/08\/Black-and-White-Wood-Texture-General-Father-Instagram-Post-10.jpg",500,500,false],"thumbnail":["https:\/\/blogopara.com.br\/wp-content\/uploads\/2020\/08\/Black-and-White-Wood-Texture-General-Father-Instagram-Post-10-150x150.jpg",150,150,true],"medium":["https:\/\/blogopara.com.br\/wp-content\/uploads\/2020\/08\/Black-and-White-Wood-Texture-General-Father-Instagram-Post-10-300x300.jpg",300,300,true],"medium_large":["https:\/\/blogopara.com.br\/wp-content\/uploads\/2020\/08\/Black-and-White-Wood-Texture-General-Father-Instagram-Post-10.jpg",500,500,false],"large":["https:\/\/blogopara.com.br\/wp-content\/uploads\/2020\/08\/Black-and-White-Wood-Texture-General-Father-Instagram-Post-10.jpg",500,500,false],"1536x1536":["https:\/\/blogopara.com.br\/wp-content\/uploads\/2020\/08\/Black-and-White-Wood-Texture-General-Father-Instagram-Post-10.jpg",500,500,false],"2048x2048":["https:\/\/blogopara.com.br\/wp-content\/uploads\/2020\/08\/Black-and-White-Wood-Texture-General-Father-Instagram-Post-10.jpg",500,500,false],"mantranews-slider-large":["https:\/\/blogopara.com.br\/wp-content\/uploads\/2020\/08\/Black-and-White-Wood-Texture-General-Father-Instagram-Post-10.jpg",500,500,false],"mantranews-featured-medium":["https:\/\/blogopara.com.br\/wp-content\/uploads\/2020\/08\/Black-and-White-Wood-Texture-General-Father-Instagram-Post-10-420x307.jpg",420,307,true],"mantranews-featured-long":["https:\/\/blogopara.com.br\/wp-content\/uploads\/2020\/08\/Black-and-White-Wood-Texture-General-Father-Instagram-Post-10-300x443.jpg",300,443,true],"mantranews-block-medium":["https:\/\/blogopara.com.br\/wp-content\/uploads\/2020\/08\/Black-and-White-Wood-Texture-General-Father-Instagram-Post-10-464x290.jpg",464,290,true],"mantranews-carousel-image":["https:\/\/blogopara.com.br\/wp-content\/uploads\/2020\/08\/Black-and-White-Wood-Texture-General-Father-Instagram-Post-10.jpg",500,500,false],"mantranews-block-thumb":["https:\/\/blogopara.com.br\/wp-content\/uploads\/2020\/08\/Black-and-White-Wood-Texture-General-Father-Instagram-Post-10-322x230.jpg",322,230,true],"mantranews-single-large":["https:\/\/blogopara.com.br\/wp-content\/uploads\/2020\/08\/Black-and-White-Wood-Texture-General-Father-Instagram-Post-10.jpg",500,500,false]},"uagb_author_info":{"display_name":"Reda\u00e7\u00e3o geral","author_link":"https:\/\/blogopara.com.br\/index.php\/author\/blogopara"},"uagb_comment_info":0,"uagb_excerpt":"Contrariando os discursos das principais lideran\u00e7as petistas em todo Brasil, o prefeito Isaac Carvalho e Paulo Bomfim (PT), a cada dia mostram a verdadeira face de um governo de farsas e muita engana\u00e7\u00e3o ideol\u00f3gica. O PT sempre se mostrou contr\u00e1rio as privatiza\u00e7\u00f5es e a terceiriza\u00e7\u00e3o dos servi\u00e7os p\u00fablicos, principalmente os essenciais, como \u00e1gua e luz,&hellip;","jetpack_sharing_enabled":true,"jetpack_likes_enabled":true,"_links":{"self":[{"href":"https:\/\/blogopara.com.br\/index.php\/wp-json\/wp\/v2\/posts\/13540","targetHints":{"allow":["GET"]}}],"collection":[{"href":"https:\/\/blogopara.com.br\/index.php\/wp-json\/wp\/v2\/posts"}],"about":[{"href":"https:\/\/blogopara.com.br\/index.php\/wp-json\/wp\/v2\/types\/post"}],"author":[{"embeddable":true,"href":"https:\/\/blogopara.com.br\/index.php\/wp-json\/wp\/v2\/users\/1"}],"replies":[{"embeddable":true,"href":"https:\/\/blogopara.com.br\/index.php\/wp-json\/wp\/v2\/comments?post=13540"}],"version-history":[{"count":7,"href":"https:\/\/blogopara.com.br\/index.php\/wp-json\/wp\/v2\/posts\/13540\/revisions"}],"predecessor-version":[{"id":13609,"href":"https:\/\/blogopara.com.br\/index.php\/wp-json\/wp\/v2\/posts\/13540\/revisions\/13609"}],"wp:featuredmedia":[{"embeddable":true,"href":"https:\/\/blogopara.com.br\/index.php\/wp-json\/wp\/v2\/media\/13545"}],"wp:attachment":[{"href":"https:\/\/blogopara.com.br\/index.php\/wp-json\/wp\/v2\/media?parent=13540"}],"wp:term":[{"taxonomy":"category","embeddable":true,"href":"https:\/\/blogopara.com.br\/index.php\/wp-json\/wp\/v2\/categories?post=13540"},{"taxonomy":"post_tag","embeddable":true,"href":"https:\/\/blogopara.com.br\/index.php\/wp-json\/wp\/v2\/tags?post=13540"}],"curies":[{"name":"wp","href":"https:\/\/api.w.org\/{rel}","templated":true}]}}