{"id":13575,"date":"2020-08-18T08:53:42","date_gmt":"2020-08-18T11:53:42","guid":{"rendered":"http:\/\/blogopara.com.br\/?p=13575"},"modified":"2020-08-17T23:35:09","modified_gmt":"2020-08-18T02:35:09","slug":"prefeito-coage-cargos-a-participar-da-farsa-do-pgp-programa-de-governo-participativo","status":"publish","type":"post","link":"https:\/\/blogopara.com.br\/index.php\/2020\/08\/18\/prefeito-coage-cargos-a-participar-da-farsa-do-pgp-programa-de-governo-participativo","title":{"rendered":"Prefeito coage servidores a participarem da farsa do PGP \u2013 Programa de Governo Participativo."},"content":{"rendered":"<p style=\"text-align: justify;\">Em 2016 eles criaram o Programa de Governo Participativo, realizaram plen\u00e1rias em v\u00e1rias comunidades, na sede e nas comunidades da zona rural.<\/p>\n<p style=\"text-align: justify;\">O ent\u00e3o pr\u00e9-candidato a prefeito, Paulo Bomfim, disse entusiasmado que: \u201ca gente vai fazer, procurar as comunidades, procurar os bairros, distritos e pedir ajuda para montar o nosso plano de governo futuro, a partir de 2017. Entendemos que as popula\u00e7\u00f5es precisam ter vez e voz. As comunidades precisam estar inseridas nos planos de governo e, assim, qualquer gest\u00e3o vai poder governar com a comunidade, n\u00e3o para a comunidade\u201d, declarou Paulo Bomfim\u201d.<\/p>\n<p style=\"text-align: justify;\">E assim, Isaac Carvalho e Paulo Bomfim participaram de v\u00e1rios encontros com as comunidades, os moradores esperan\u00e7osos acreditaram que estavam sendo ouvidos, ledo engando, o tal plano de governo que seria construindo a partir das necessidades das comunidades, foi um grande golpe de marketing pol\u00edtico.<\/p>\n<figure id=\"attachment_13586\" aria-describedby=\"caption-attachment-13586\" style=\"width: 300px\" class=\"wp-caption alignnone\"><img loading=\"lazy\" decoding=\"async\" class=\"size-medium wp-image-13586\" src=\"https:\/\/blogopara.com.br\/wp-content\/uploads\/2020\/08\/bomfim-jd-primavera-1-300x200.jpg\" alt=\"\" width=\"300\" height=\"200\" srcset=\"https:\/\/blogopara.com.br\/wp-content\/uploads\/2020\/08\/bomfim-jd-primavera-1-300x200.jpg 300w, https:\/\/blogopara.com.br\/wp-content\/uploads\/2020\/08\/bomfim-jd-primavera-1.jpg 448w\" sizes=\"auto, (max-width: 300px) 100vw, 300px\" \/><figcaption id=\"caption-attachment-13586\" class=\"wp-caption-text\">Paulo Bomfim &#8211; encontro com a cumunidade do bairro Jardim Primavera<\/figcaption><\/figure>\n<p style=\"text-align: justify;\"><img loading=\"lazy\" decoding=\"async\" class=\"alignnone size-medium wp-image-13587\" src=\"https:\/\/blogopara.com.br\/wp-content\/uploads\/2020\/08\/paulo-bomfim-carnaiba-1-300x169.jpg\" alt=\"\" width=\"300\" height=\"169\" srcset=\"https:\/\/blogopara.com.br\/wp-content\/uploads\/2020\/08\/paulo-bomfim-carnaiba-1-300x169.jpg 300w, https:\/\/blogopara.com.br\/wp-content\/uploads\/2020\/08\/paulo-bomfim-carnaiba-1.jpg 448w\" sizes=\"auto, (max-width: 300px) 100vw, 300px\" \/><\/p>\n<p style=\"text-align: justify;\">No encontro realizado em 2016 no bairro Monte Castelo, ficou registrado em Ata que o plano de governo para o bairro teria as seguintes interven\u00e7\u00f5es: recapeamento total da entrada do bairro, constru\u00e7\u00e3o de pra\u00e7as, pavimenta\u00e7\u00e3o das ruas, cobertura dos canais, combate \u00e0s muri\u00e7ocas, constru\u00e7\u00e3o de uma UBS, de uma creche e de uma escola. De todas as necessidades elencadas pela comunidade somente o recapeamento da entrada do bairro foi feito.<\/p>\n<p style=\"text-align: justify;\">Agora em 2020 \u00e0s v\u00e9speras das elei\u00e7\u00f5es, eles veem com outro golpe para enganar a popular, desta vez com uma roupagem diferente, nos moldes petista. Na pr\u00e1tica \u00e9 o mesmo golpe de 2016. Fazem as reuni\u00f5es com as comunidades, desta vez online ou virtual, criam um ambiente democr\u00e1tico de participa\u00e7\u00e3o popular, mas quem decide onde as obras ir\u00e3o acontecer s\u00e3o as pesquisas eleitorais.<\/p>\n<p style=\"text-align: justify;\">O lan\u00e7amento do fat\u00eddico Programa de Governo Participativo (PGP) estava previsto para acontecer no s\u00e1bado (15) com a participa\u00e7\u00e3o do governador Rui Costa (PT) mas por incompet\u00eancia e falta de organiza\u00e7\u00e3o, o governador passou vergonha, e n\u00e3o houve o encontro virtual, marcado com muita anteced\u00eancia.<\/p>\n<p style=\"text-align: justify;\">Diante do vergonhoso momento de s\u00e1bado, o prefeito Paulo Bomfim (PT) participou de uma reuni\u00e3o online com os cargos comissionados, e apelou, constrangendo os participantes a compartilhar, comentar e divulgar nas redes sociais as a\u00e7\u00f5es da gest\u00e3o. Inclusive ressaltou que muitos receberam adesivos e n\u00e3o coloram nos ve\u00edculos, \u201cestou vendo carinha aqui, e tem gente que ainda n\u00e3o colocou o adesivo no carro, est\u00e3o com vergonha do nosso governo? \u201d. N\u00e3o contente com o tom apelativo, implorou aos ocupantes de cargos que o seguissem nas redes sociais.<\/p>\n<p style=\"text-align: justify;\">Est\u00e1 marcado para acontecer nessa ter\u00e7a-feira (18) um novo encontro, desta vez est\u00e3o desesperados enviando para os servidores com cargos comissionados e \u00a0os servidores contratados \u201cconvite\u201d intimidador para participarem.<\/p>\n<p style=\"text-align: justify;\"><img loading=\"lazy\" decoding=\"async\" class=\"alignnone size-medium wp-image-13585\" src=\"https:\/\/blogopara.com.br\/wp-content\/uploads\/2020\/08\/monia-1-300x178.jpg\" alt=\"\" width=\"300\" height=\"178\" srcset=\"https:\/\/blogopara.com.br\/wp-content\/uploads\/2020\/08\/monia-1-300x178.jpg 300w, https:\/\/blogopara.com.br\/wp-content\/uploads\/2020\/08\/monia-1-768x455.jpg 768w, https:\/\/blogopara.com.br\/wp-content\/uploads\/2020\/08\/monia-1.jpg 878w\" sizes=\"auto, (max-width: 300px) 100vw, 300px\" \/><\/p>\n","protected":false},"excerpt":{"rendered":"<p>Em 2016 eles criaram o Programa de Governo Participativo, realizaram plen\u00e1rias em v\u00e1rias comunidades, na sede e nas comunidades da zona rural. O ent\u00e3o pr\u00e9-candidato a prefeito, Paulo Bomfim, disse entusiasmado que: \u201ca gente vai fazer, procurar as comunidades, procurar os bairros, distritos e pedir ajuda para montar o nosso plano de governo futuro, a [&hellip;]<\/p>\n","protected":false},"author":1,"featured_media":13579,"comment_status":"open","ping_status":"open","sticky":false,"template":"","format":"standard","meta":{"_uag_custom_page_level_css":"","_monsterinsights_skip_tracking":false,"_monsterinsights_sitenote_active":false,"_monsterinsights_sitenote_note":"","_monsterinsights_sitenote_category":0,"jetpack_post_was_ever_published":false,"_jetpack_newsletter_access":"","_jetpack_dont_email_post_to_subs":false,"_jetpack_newsletter_tier_id":0,"_jetpack_memberships_contains_paywalled_content":false,"_jetpack_memberships_contains_paid_content":false,"footnotes":"","jetpack_publicize_message":"","jetpack_publicize_feature_enabled":true,"jetpack_social_post_already_shared":true,"jetpack_social_options":{"image_generator_settings":{"template":"highway","default_image_id":0,"font":"","enabled":false},"version":2}},"categories":[203,197],"tags":[],"class_list":["post-13575","post","type-post","status-publish","format-standard","has-post-thumbnail","hentry","category-juazeiro","category-politica"],"jetpack_publicize_connections":[],"jetpack_featured_media_url":"https:\/\/blogopara.com.br\/wp-content\/uploads\/2020\/08\/Avenida-Cardoso-de-Sa-860-Centro-Empresarial-Sergio-Cabral-sala-19-2o-andar..jpg","uagb_featured_image_src":{"full":["https:\/\/blogopara.com.br\/wp-content\/uploads\/2020\/08\/Avenida-Cardoso-de-Sa-860-Centro-Empresarial-Sergio-Cabral-sala-19-2o-andar..jpg",500,281,false],"thumbnail":["https:\/\/blogopara.com.br\/wp-content\/uploads\/2020\/08\/Avenida-Cardoso-de-Sa-860-Centro-Empresarial-Sergio-Cabral-sala-19-2o-andar.-150x150.jpg",150,150,true],"medium":["https:\/\/blogopara.com.br\/wp-content\/uploads\/2020\/08\/Avenida-Cardoso-de-Sa-860-Centro-Empresarial-Sergio-Cabral-sala-19-2o-andar.-300x169.jpg",300,169,true],"medium_large":["https:\/\/blogopara.com.br\/wp-content\/uploads\/2020\/08\/Avenida-Cardoso-de-Sa-860-Centro-Empresarial-Sergio-Cabral-sala-19-2o-andar..jpg",500,281,false],"large":["https:\/\/blogopara.com.br\/wp-content\/uploads\/2020\/08\/Avenida-Cardoso-de-Sa-860-Centro-Empresarial-Sergio-Cabral-sala-19-2o-andar..jpg",500,281,false],"1536x1536":["https:\/\/blogopara.com.br\/wp-content\/uploads\/2020\/08\/Avenida-Cardoso-de-Sa-860-Centro-Empresarial-Sergio-Cabral-sala-19-2o-andar..jpg",500,281,false],"2048x2048":["https:\/\/blogopara.com.br\/wp-content\/uploads\/2020\/08\/Avenida-Cardoso-de-Sa-860-Centro-Empresarial-Sergio-Cabral-sala-19-2o-andar..jpg",500,281,false],"mantranews-slider-large":["https:\/\/blogopara.com.br\/wp-content\/uploads\/2020\/08\/Avenida-Cardoso-de-Sa-860-Centro-Empresarial-Sergio-Cabral-sala-19-2o-andar..jpg",500,281,false],"mantranews-featured-medium":["https:\/\/blogopara.com.br\/wp-content\/uploads\/2020\/08\/Avenida-Cardoso-de-Sa-860-Centro-Empresarial-Sergio-Cabral-sala-19-2o-andar.-420x281.jpg",420,281,true],"mantranews-featured-long":["https:\/\/blogopara.com.br\/wp-content\/uploads\/2020\/08\/Avenida-Cardoso-de-Sa-860-Centro-Empresarial-Sergio-Cabral-sala-19-2o-andar.-300x281.jpg",300,281,true],"mantranews-block-medium":["https:\/\/blogopara.com.br\/wp-content\/uploads\/2020\/08\/Avenida-Cardoso-de-Sa-860-Centro-Empresarial-Sergio-Cabral-sala-19-2o-andar.-464x281.jpg",464,281,true],"mantranews-carousel-image":["https:\/\/blogopara.com.br\/wp-content\/uploads\/2020\/08\/Avenida-Cardoso-de-Sa-860-Centro-Empresarial-Sergio-Cabral-sala-19-2o-andar..jpg",500,281,false],"mantranews-block-thumb":["https:\/\/blogopara.com.br\/wp-content\/uploads\/2020\/08\/Avenida-Cardoso-de-Sa-860-Centro-Empresarial-Sergio-Cabral-sala-19-2o-andar.-322x230.jpg",322,230,true],"mantranews-single-large":["https:\/\/blogopara.com.br\/wp-content\/uploads\/2020\/08\/Avenida-Cardoso-de-Sa-860-Centro-Empresarial-Sergio-Cabral-sala-19-2o-andar..jpg",500,281,false]},"uagb_author_info":{"display_name":"Reda\u00e7\u00e3o geral","author_link":"https:\/\/blogopara.com.br\/index.php\/author\/blogopara"},"uagb_comment_info":0,"uagb_excerpt":"Em 2016 eles criaram o Programa de Governo Participativo, realizaram plen\u00e1rias em v\u00e1rias comunidades, na sede e nas comunidades da zona rural. O ent\u00e3o pr\u00e9-candidato a prefeito, Paulo Bomfim, disse entusiasmado que: \u201ca gente vai fazer, procurar as comunidades, procurar os bairros, distritos e pedir ajuda para montar o nosso plano de governo futuro, a&hellip;","jetpack_sharing_enabled":true,"jetpack_likes_enabled":true,"_links":{"self":[{"href":"https:\/\/blogopara.com.br\/index.php\/wp-json\/wp\/v2\/posts\/13575","targetHints":{"allow":["GET"]}}],"collection":[{"href":"https:\/\/blogopara.com.br\/index.php\/wp-json\/wp\/v2\/posts"}],"about":[{"href":"https:\/\/blogopara.com.br\/index.php\/wp-json\/wp\/v2\/types\/post"}],"author":[{"embeddable":true,"href":"https:\/\/blogopara.com.br\/index.php\/wp-json\/wp\/v2\/users\/1"}],"replies":[{"embeddable":true,"href":"https:\/\/blogopara.com.br\/index.php\/wp-json\/wp\/v2\/comments?post=13575"}],"version-history":[{"count":9,"href":"https:\/\/blogopara.com.br\/index.php\/wp-json\/wp\/v2\/posts\/13575\/revisions"}],"predecessor-version":[{"id":13594,"href":"https:\/\/blogopara.com.br\/index.php\/wp-json\/wp\/v2\/posts\/13575\/revisions\/13594"}],"wp:featuredmedia":[{"embeddable":true,"href":"https:\/\/blogopara.com.br\/index.php\/wp-json\/wp\/v2\/media\/13579"}],"wp:attachment":[{"href":"https:\/\/blogopara.com.br\/index.php\/wp-json\/wp\/v2\/media?parent=13575"}],"wp:term":[{"taxonomy":"category","embeddable":true,"href":"https:\/\/blogopara.com.br\/index.php\/wp-json\/wp\/v2\/categories?post=13575"},{"taxonomy":"post_tag","embeddable":true,"href":"https:\/\/blogopara.com.br\/index.php\/wp-json\/wp\/v2\/tags?post=13575"}],"curies":[{"name":"wp","href":"https:\/\/api.w.org\/{rel}","templated":true}]}}