{"id":13610,"date":"2020-08-20T08:38:56","date_gmt":"2020-08-20T11:38:56","guid":{"rendered":"http:\/\/blogopara.com.br\/?p=13610"},"modified":"2020-08-18T17:59:28","modified_gmt":"2020-08-18T20:59:28","slug":"juazeiro-pre-candidato-a-vice-prefeito-constroi-quebra-molas-irregular","status":"publish","type":"post","link":"https:\/\/blogopara.com.br\/index.php\/2020\/08\/20\/juazeiro-pre-candidato-a-vice-prefeito-constroi-quebra-molas-irregular","title":{"rendered":"Juazeiro: Pr\u00e9-candidato a vice-prefeito constr\u00f3i quebra-molas irregular"},"content":{"rendered":"<p style=\"text-align: justify; line-height: 16.9pt; margin: 0cm 0cm 11.25pt 0cm;\"><span style=\"font-family: 'Arial',sans-serif;\">O presidente da Federa\u00e7\u00e3o das Associa\u00e7\u00f5es, Chico Bito, figura conhecida nos eventos da prefeitura, e pr\u00e9-candidato a vice-prefeito na chapa do prefeito Paulo Bomfim (PT), divulgou v\u00eddeo nas redes sociais construindo redutores de velocidade, popularmente conhecidos como \u201cquebra-molas\u201d, no bairro Jardim das Ac\u00e1cias. No v\u00eddeo um homem afirma que ir\u00e3o construir cinco \u201cquebra-molas\u201d na comunidade.<\/span><\/p>\n<p style=\"text-align: justify; line-height: 16.9pt; margin: 0cm 0cm 11.25pt 0cm;\"><span style=\"font-family: 'Arial',sans-serif;\">O comunit\u00e1rio que posa de articulador das associa\u00e7\u00f5es junto ao prefeito e aos secret\u00e1rios municipais, n\u00e3o quis usar da sua influ\u00eancia para fazer de forma correta e legal uma obra numa via p\u00fablica. Ele preferiu fazer propaganda pol\u00edtica com uma interven\u00e7\u00e3o em via p\u00fablica que poder\u00e1 lhe custar uma multa e problemas com justi\u00e7a.<\/span><\/p>\n<p style=\"text-align: justify; line-height: 16.9pt; margin: 0cm 0cm 11.25pt 0cm;\"><span style=\"font-family: 'Arial',sans-serif;\">O Contran (Conselho Nacional de Tr\u00e2nsito), que disciplina o assunto no CBT (C\u00f3digo Brasileiro de Tr\u00e2nsito, lei federal n\u00ba 9.503\/97), restringe a coloca\u00e7\u00e3o de ondula\u00e7\u00f5es, lombadas ou quebra-molas, conforme a denomina\u00e7\u00e3o que se queira dar a essas sali\u00eancias inc\u00f4modas. <\/span><\/p>\n<p style=\"text-align: justify; line-height: 16.9pt; margin: 0cm 0cm 11.25pt 0cm;\"><span style=\"font-family: 'Arial',sans-serif;\">Diz o par\u00e1grafo \u00fanico do artigo 94 da resolu\u00e7\u00e3o 39\/98 do Contran\/Denatran: &#8220;\u00c9 proibida a utiliza\u00e7\u00e3o de ondula\u00e7\u00f5es transversais e de sonorizadores como redutores de velocidade, salvo em casos especiais definidos pelo \u00f3rg\u00e3o ou pela entidade competente, nos padr\u00f5es e crit\u00e9rios estabelecidos pelo Contran&#8221;. <\/span><\/p>\n<p style=\"text-align: justify; line-height: 16.9pt; margin: 0cm 0cm 11.25pt 0cm;\"><span style=\"font-family: 'Arial',sans-serif;\">A legisla\u00e7\u00e3o prev\u00ea multa para quem coloca lombadas sem permiss\u00e3o. O respons\u00e1vel pelo quebra-molas irregular, se identificado, ainda poder\u00e1 ser punido criminalmente por danos materiais e por homic\u00eddio. A coloca\u00e7\u00e3o de quebra-molas na zona urbana est\u00e1 a cargo da Prefeitura, que deve indicar, conforme a legisla\u00e7\u00e3o, a localiza\u00e7\u00e3o, o espa\u00e7amento e o padr\u00e3o necess\u00e1rios.<\/span><\/p>\n<p><img loading=\"lazy\" decoding=\"async\" class=\"alignnone size-medium wp-image-13612\" src=\"https:\/\/blogopara.com.br\/wp-content\/uploads\/2020\/08\/WhatsApp-Image-2020-08-18-at-13.48.46-300x169.jpeg\" alt=\"\" width=\"300\" height=\"169\" srcset=\"https:\/\/blogopara.com.br\/wp-content\/uploads\/2020\/08\/WhatsApp-Image-2020-08-18-at-13.48.46-300x169.jpeg 300w, https:\/\/blogopara.com.br\/wp-content\/uploads\/2020\/08\/WhatsApp-Image-2020-08-18-at-13.48.46-1024x576.jpeg 1024w, https:\/\/blogopara.com.br\/wp-content\/uploads\/2020\/08\/WhatsApp-Image-2020-08-18-at-13.48.46-768x432.jpeg 768w, https:\/\/blogopara.com.br\/wp-content\/uploads\/2020\/08\/WhatsApp-Image-2020-08-18-at-13.48.46.jpeg 1032w\" sizes=\"auto, (max-width: 300px) 100vw, 300px\" \/><\/p>\n<div style=\"width: 640px;\" class=\"wp-video\"><!--[if lt IE 9]><script>document.createElement('video');<\/script><![endif]-->\n<video class=\"wp-video-shortcode\" id=\"video-13610-1\" width=\"640\" height=\"352\" preload=\"metadata\" controls=\"controls\"><source type=\"video\/mp4\" src=\"https:\/\/blogopara.com.br\/wp-content\/uploads\/2020\/08\/WhatsApp-Video-2020-08-18-at-14.40.24.mp4?_=1\" \/><a href=\"https:\/\/blogopara.com.br\/wp-content\/uploads\/2020\/08\/WhatsApp-Video-2020-08-18-at-14.40.24.mp4\">https:\/\/blogopara.com.br\/wp-content\/uploads\/2020\/08\/WhatsApp-Video-2020-08-18-at-14.40.24.mp4<\/a><\/video><\/div>\n","protected":false},"excerpt":{"rendered":"<p>O presidente da Federa\u00e7\u00e3o das Associa\u00e7\u00f5es, Chico Bito, figura conhecida nos eventos da prefeitura, e pr\u00e9-candidato a vice-prefeito na chapa do prefeito Paulo Bomfim (PT), divulgou v\u00eddeo nas redes sociais construindo redutores de velocidade, popularmente conhecidos como \u201cquebra-molas\u201d, no bairro Jardim das Ac\u00e1cias. No v\u00eddeo um homem afirma que ir\u00e3o construir cinco \u201cquebra-molas\u201d na comunidade. [&hellip;]<\/p>\n","protected":false},"author":1,"featured_media":13614,"comment_status":"open","ping_status":"open","sticky":false,"template":"","format":"standard","meta":{"_uag_custom_page_level_css":"","_monsterinsights_skip_tracking":false,"_monsterinsights_sitenote_active":false,"_monsterinsights_sitenote_note":"","_monsterinsights_sitenote_category":0,"jetpack_post_was_ever_published":false,"_jetpack_newsletter_access":"","_jetpack_dont_email_post_to_subs":false,"_jetpack_newsletter_tier_id":0,"_jetpack_memberships_contains_paywalled_content":false,"_jetpack_memberships_contains_paid_content":false,"footnotes":"","jetpack_publicize_message":"","jetpack_publicize_feature_enabled":true,"jetpack_social_post_already_shared":true,"jetpack_social_options":{"image_generator_settings":{"template":"highway","default_image_id":0,"font":"","enabled":false},"version":2}},"categories":[203,197],"tags":[],"class_list":["post-13610","post","type-post","status-publish","format-standard","has-post-thumbnail","hentry","category-juazeiro","category-politica"],"jetpack_publicize_connections":[],"jetpack_featured_media_url":"https:\/\/blogopara.com.br\/wp-content\/uploads\/2020\/08\/Avenida-Cardoso-de-Sa-860-Centro-Empresarial-Sergio-Cabral-sala-19-2o-andar.-1.jpg","uagb_featured_image_src":{"full":["https:\/\/blogopara.com.br\/wp-content\/uploads\/2020\/08\/Avenida-Cardoso-de-Sa-860-Centro-Empresarial-Sergio-Cabral-sala-19-2o-andar.-1.jpg",500,281,false],"thumbnail":["https:\/\/blogopara.com.br\/wp-content\/uploads\/2020\/08\/Avenida-Cardoso-de-Sa-860-Centro-Empresarial-Sergio-Cabral-sala-19-2o-andar.-1-150x150.jpg",150,150,true],"medium":["https:\/\/blogopara.com.br\/wp-content\/uploads\/2020\/08\/Avenida-Cardoso-de-Sa-860-Centro-Empresarial-Sergio-Cabral-sala-19-2o-andar.-1-300x169.jpg",300,169,true],"medium_large":["https:\/\/blogopara.com.br\/wp-content\/uploads\/2020\/08\/Avenida-Cardoso-de-Sa-860-Centro-Empresarial-Sergio-Cabral-sala-19-2o-andar.-1.jpg",500,281,false],"large":["https:\/\/blogopara.com.br\/wp-content\/uploads\/2020\/08\/Avenida-Cardoso-de-Sa-860-Centro-Empresarial-Sergio-Cabral-sala-19-2o-andar.-1.jpg",500,281,false],"1536x1536":["https:\/\/blogopara.com.br\/wp-content\/uploads\/2020\/08\/Avenida-Cardoso-de-Sa-860-Centro-Empresarial-Sergio-Cabral-sala-19-2o-andar.-1.jpg",500,281,false],"2048x2048":["https:\/\/blogopara.com.br\/wp-content\/uploads\/2020\/08\/Avenida-Cardoso-de-Sa-860-Centro-Empresarial-Sergio-Cabral-sala-19-2o-andar.-1.jpg",500,281,false],"mantranews-slider-large":["https:\/\/blogopara.com.br\/wp-content\/uploads\/2020\/08\/Avenida-Cardoso-de-Sa-860-Centro-Empresarial-Sergio-Cabral-sala-19-2o-andar.-1.jpg",500,281,false],"mantranews-featured-medium":["https:\/\/blogopara.com.br\/wp-content\/uploads\/2020\/08\/Avenida-Cardoso-de-Sa-860-Centro-Empresarial-Sergio-Cabral-sala-19-2o-andar.-1-420x281.jpg",420,281,true],"mantranews-featured-long":["https:\/\/blogopara.com.br\/wp-content\/uploads\/2020\/08\/Avenida-Cardoso-de-Sa-860-Centro-Empresarial-Sergio-Cabral-sala-19-2o-andar.-1-300x281.jpg",300,281,true],"mantranews-block-medium":["https:\/\/blogopara.com.br\/wp-content\/uploads\/2020\/08\/Avenida-Cardoso-de-Sa-860-Centro-Empresarial-Sergio-Cabral-sala-19-2o-andar.-1-464x281.jpg",464,281,true],"mantranews-carousel-image":["https:\/\/blogopara.com.br\/wp-content\/uploads\/2020\/08\/Avenida-Cardoso-de-Sa-860-Centro-Empresarial-Sergio-Cabral-sala-19-2o-andar.-1.jpg",500,281,false],"mantranews-block-thumb":["https:\/\/blogopara.com.br\/wp-content\/uploads\/2020\/08\/Avenida-Cardoso-de-Sa-860-Centro-Empresarial-Sergio-Cabral-sala-19-2o-andar.-1-322x230.jpg",322,230,true],"mantranews-single-large":["https:\/\/blogopara.com.br\/wp-content\/uploads\/2020\/08\/Avenida-Cardoso-de-Sa-860-Centro-Empresarial-Sergio-Cabral-sala-19-2o-andar.-1.jpg",500,281,false]},"uagb_author_info":{"display_name":"Reda\u00e7\u00e3o geral","author_link":"https:\/\/blogopara.com.br\/index.php\/author\/blogopara"},"uagb_comment_info":1,"uagb_excerpt":"O presidente da Federa\u00e7\u00e3o das Associa\u00e7\u00f5es, Chico Bito, figura conhecida nos eventos da prefeitura, e pr\u00e9-candidato a vice-prefeito na chapa do prefeito Paulo Bomfim (PT), divulgou v\u00eddeo nas redes sociais construindo redutores de velocidade, popularmente conhecidos como \u201cquebra-molas\u201d, no bairro Jardim das Ac\u00e1cias. No v\u00eddeo um homem afirma que ir\u00e3o construir cinco \u201cquebra-molas\u201d na comunidade.&hellip;","jetpack_sharing_enabled":true,"jetpack_likes_enabled":true,"_links":{"self":[{"href":"https:\/\/blogopara.com.br\/index.php\/wp-json\/wp\/v2\/posts\/13610","targetHints":{"allow":["GET"]}}],"collection":[{"href":"https:\/\/blogopara.com.br\/index.php\/wp-json\/wp\/v2\/posts"}],"about":[{"href":"https:\/\/blogopara.com.br\/index.php\/wp-json\/wp\/v2\/types\/post"}],"author":[{"embeddable":true,"href":"https:\/\/blogopara.com.br\/index.php\/wp-json\/wp\/v2\/users\/1"}],"replies":[{"embeddable":true,"href":"https:\/\/blogopara.com.br\/index.php\/wp-json\/wp\/v2\/comments?post=13610"}],"version-history":[{"count":2,"href":"https:\/\/blogopara.com.br\/index.php\/wp-json\/wp\/v2\/posts\/13610\/revisions"}],"predecessor-version":[{"id":13615,"href":"https:\/\/blogopara.com.br\/index.php\/wp-json\/wp\/v2\/posts\/13610\/revisions\/13615"}],"wp:featuredmedia":[{"embeddable":true,"href":"https:\/\/blogopara.com.br\/index.php\/wp-json\/wp\/v2\/media\/13614"}],"wp:attachment":[{"href":"https:\/\/blogopara.com.br\/index.php\/wp-json\/wp\/v2\/media?parent=13610"}],"wp:term":[{"taxonomy":"category","embeddable":true,"href":"https:\/\/blogopara.com.br\/index.php\/wp-json\/wp\/v2\/categories?post=13610"},{"taxonomy":"post_tag","embeddable":true,"href":"https:\/\/blogopara.com.br\/index.php\/wp-json\/wp\/v2\/tags?post=13610"}],"curies":[{"name":"wp","href":"https:\/\/api.w.org\/{rel}","templated":true}]}}