{"id":13710,"date":"2020-08-22T22:20:20","date_gmt":"2020-08-23T01:20:20","guid":{"rendered":"http:\/\/blogopara.com.br\/?p=13710"},"modified":"2020-08-22T22:20:24","modified_gmt":"2020-08-23T01:20:24","slug":"juazeiro-morre-cisley-bandeira-o-rei-do-karaoke","status":"publish","type":"post","link":"https:\/\/blogopara.com.br\/index.php\/2020\/08\/22\/juazeiro-morre-cisley-bandeira-o-rei-do-karaoke","title":{"rendered":"Juazeiro: Morre Cisley Bandeira, &#8220;o rei do karaok\u00e9&#8221;"},"content":{"rendered":"<p style=\"font-weight: 400; text-align: justify;\">Faleceu na noite deste s\u00e1bado (22) v\u00edtima de Covid-19, Cisley Bandeira, atualmente era superintendente da Secretaria de Servi\u00e7os P\u00fablicos, mas ocupou v\u00e1rios cargos na gest\u00e3o do ex-prefeito Isaac Carvalho, no per\u00edodo de 2009 a 2016.<\/p>\n<p style=\"text-align: justify;\">Algum tempo que Cisley movimenta as tardes de domingo cantando no karaok\u00ea, momentos que conquistou muitos f\u00e3s e amigos, sempre com muita alegria e descontra\u00e7\u00e3o.<\/p>\n<p style=\"text-align: justify;\">No dia 31 de julho ele publicou na sua p\u00e1gina no facebook, um v\u00eddeo relatando sobre o diagn\u00f3stico de covid, com muita esperan\u00e7a, acreditando na supera\u00e7\u00e3o do momento de convalescen\u00e7a.<\/p>\n<div class=\"fb-video\" data-allowfullscreen=\"true\" data-href=\"https:\/\/www.facebook.com\/cisley.bandeia\/videos\/3320383574685585\/UzpfSTEwMDAwMTQxOTI0Mzg5NzozMDYwNjExMjk0OTk0MTQ6MTA6MDoxNTk4OTQzNTk5Ojc5MTE3NDc0MTc1NTU2NDgxNjQ\/\" style=\"background-color: #fff; display: inline-block;\"><\/div>\n<p style=\"text-align: justify;\">Nas redes sociais muitas manifesta\u00e7\u00f5es de pesar pela partida de Cisley Bandeira.<\/p>\n<p>Nossas condol\u00eancias a fam\u00edlia e aos amigos!<\/p>\n","protected":false},"excerpt":{"rendered":"<p>Faleceu na noite deste s\u00e1bado (22) v\u00edtima de Covid-19, Cisley Bandeira, atualmente era superintendente da Secretaria de Servi\u00e7os P\u00fablicos, mas ocupou v\u00e1rios cargos na gest\u00e3o do ex-prefeito Isaac Carvalho, no per\u00edodo de 2009 a 2016. Algum tempo que Cisley movimenta as tardes de domingo cantando no karaok\u00ea, momentos que conquistou muitos f\u00e3s e amigos, sempre [&hellip;]<\/p>\n","protected":false},"author":1,"featured_media":13711,"comment_status":"open","ping_status":"open","sticky":false,"template":"","format":"standard","meta":{"_uag_custom_page_level_css":"","_monsterinsights_skip_tracking":false,"_monsterinsights_sitenote_active":false,"_monsterinsights_sitenote_note":"","_monsterinsights_sitenote_category":0,"jetpack_post_was_ever_published":false,"_jetpack_newsletter_access":"","_jetpack_dont_email_post_to_subs":false,"_jetpack_newsletter_tier_id":0,"_jetpack_memberships_contains_paywalled_content":false,"_jetpack_memberships_contains_paid_content":false,"footnotes":"","jetpack_publicize_message":"","jetpack_publicize_feature_enabled":true,"jetpack_social_post_already_shared":true,"jetpack_social_options":{"image_generator_settings":{"template":"highway","default_image_id":0,"font":"","enabled":false},"version":2}},"categories":[203,204],"tags":[],"class_list":["post-13710","post","type-post","status-publish","format-standard","has-post-thumbnail","hentry","category-juazeiro","category-social"],"jetpack_publicize_connections":[],"jetpack_featured_media_url":"https:\/\/blogopara.com.br\/wp-content\/uploads\/2020\/08\/269380_494189217297417_1258136545_n.jpg","uagb_featured_image_src":{"full":["https:\/\/blogopara.com.br\/wp-content\/uploads\/2020\/08\/269380_494189217297417_1258136545_n.jpg",500,375,false],"thumbnail":["https:\/\/blogopara.com.br\/wp-content\/uploads\/2020\/08\/269380_494189217297417_1258136545_n-150x150.jpg",150,150,true],"medium":["https:\/\/blogopara.com.br\/wp-content\/uploads\/2020\/08\/269380_494189217297417_1258136545_n-300x225.jpg",300,225,true],"medium_large":["https:\/\/blogopara.com.br\/wp-content\/uploads\/2020\/08\/269380_494189217297417_1258136545_n.jpg",500,375,false],"large":["https:\/\/blogopara.com.br\/wp-content\/uploads\/2020\/08\/269380_494189217297417_1258136545_n.jpg",500,375,false],"1536x1536":["https:\/\/blogopara.com.br\/wp-content\/uploads\/2020\/08\/269380_494189217297417_1258136545_n.jpg",500,375,false],"2048x2048":["https:\/\/blogopara.com.br\/wp-content\/uploads\/2020\/08\/269380_494189217297417_1258136545_n.jpg",500,375,false],"mantranews-slider-large":["https:\/\/blogopara.com.br\/wp-content\/uploads\/2020\/08\/269380_494189217297417_1258136545_n.jpg",500,375,false],"mantranews-featured-medium":["https:\/\/blogopara.com.br\/wp-content\/uploads\/2020\/08\/269380_494189217297417_1258136545_n-420x307.jpg",420,307,true],"mantranews-featured-long":["https:\/\/blogopara.com.br\/wp-content\/uploads\/2020\/08\/269380_494189217297417_1258136545_n-300x375.jpg",300,375,true],"mantranews-block-medium":["https:\/\/blogopara.com.br\/wp-content\/uploads\/2020\/08\/269380_494189217297417_1258136545_n-464x290.jpg",464,290,true],"mantranews-carousel-image":["https:\/\/blogopara.com.br\/wp-content\/uploads\/2020\/08\/269380_494189217297417_1258136545_n.jpg",500,375,false],"mantranews-block-thumb":["https:\/\/blogopara.com.br\/wp-content\/uploads\/2020\/08\/269380_494189217297417_1258136545_n-322x230.jpg",322,230,true],"mantranews-single-large":["https:\/\/blogopara.com.br\/wp-content\/uploads\/2020\/08\/269380_494189217297417_1258136545_n.jpg",500,375,false]},"uagb_author_info":{"display_name":"Reda\u00e7\u00e3o geral","author_link":"https:\/\/blogopara.com.br\/index.php\/author\/blogopara"},"uagb_comment_info":0,"uagb_excerpt":"Faleceu na noite deste s\u00e1bado (22) v\u00edtima de Covid-19, Cisley Bandeira, atualmente era superintendente da Secretaria de Servi\u00e7os P\u00fablicos, mas ocupou v\u00e1rios cargos na gest\u00e3o do ex-prefeito Isaac Carvalho, no per\u00edodo de 2009 a 2016. Algum tempo que Cisley movimenta as tardes de domingo cantando no karaok\u00ea, momentos que conquistou muitos f\u00e3s e amigos, sempre&hellip;","jetpack_sharing_enabled":true,"jetpack_likes_enabled":true,"_links":{"self":[{"href":"https:\/\/blogopara.com.br\/index.php\/wp-json\/wp\/v2\/posts\/13710","targetHints":{"allow":["GET"]}}],"collection":[{"href":"https:\/\/blogopara.com.br\/index.php\/wp-json\/wp\/v2\/posts"}],"about":[{"href":"https:\/\/blogopara.com.br\/index.php\/wp-json\/wp\/v2\/types\/post"}],"author":[{"embeddable":true,"href":"https:\/\/blogopara.com.br\/index.php\/wp-json\/wp\/v2\/users\/1"}],"replies":[{"embeddable":true,"href":"https:\/\/blogopara.com.br\/index.php\/wp-json\/wp\/v2\/comments?post=13710"}],"version-history":[{"count":1,"href":"https:\/\/blogopara.com.br\/index.php\/wp-json\/wp\/v2\/posts\/13710\/revisions"}],"predecessor-version":[{"id":13712,"href":"https:\/\/blogopara.com.br\/index.php\/wp-json\/wp\/v2\/posts\/13710\/revisions\/13712"}],"wp:featuredmedia":[{"embeddable":true,"href":"https:\/\/blogopara.com.br\/index.php\/wp-json\/wp\/v2\/media\/13711"}],"wp:attachment":[{"href":"https:\/\/blogopara.com.br\/index.php\/wp-json\/wp\/v2\/media?parent=13710"}],"wp:term":[{"taxonomy":"category","embeddable":true,"href":"https:\/\/blogopara.com.br\/index.php\/wp-json\/wp\/v2\/categories?post=13710"},{"taxonomy":"post_tag","embeddable":true,"href":"https:\/\/blogopara.com.br\/index.php\/wp-json\/wp\/v2\/tags?post=13710"}],"curies":[{"name":"wp","href":"https:\/\/api.w.org\/{rel}","templated":true}]}}