{"id":13839,"date":"2020-08-31T08:28:46","date_gmt":"2020-08-31T11:28:46","guid":{"rendered":"http:\/\/blogopara.com.br\/?p=13839"},"modified":"2020-08-29T18:34:51","modified_gmt":"2020-08-29T21:34:51","slug":"morte-de-anciaos-indigenas-na-pandemia-pode-fazer-linguas-inteiras-desaparecerem","status":"publish","type":"post","link":"https:\/\/blogopara.com.br\/index.php\/2020\/08\/31\/morte-de-anciaos-indigenas-na-pandemia-pode-fazer-linguas-inteiras-desaparecerem","title":{"rendered":"Morte de anci\u00e3os ind\u00edgenas na pandemia pode fazer l\u00ednguas inteiras desaparecerem"},"content":{"rendered":"<p class=\"story-body__introduction\" style=\"text-align: justify;\">Quase um m\u00eas ap\u00f3s a morte do l\u00edder ind\u00edgena Aritana Yawalapiti, aos 71 anos, por<a class=\"story-body__link\" href=\"https:\/\/www.bbc.com\/portuguese\/topics\/clmq8rgyyvjt\">\u00a0covid-19<\/a>, seu filho mais velho, Tapi Yawalapiti, relembra \u00e0 BBC News Brasil como eram as conversas cotidianas com o pai.<\/p>\n<figure style=\"width: 660px\" class=\"wp-caption alignnone\"><img loading=\"lazy\" decoding=\"async\" src=\"https:\/\/ichef.bbci.co.uk\/news\/660\/cpsprodpb\/14853\/production\/_114115048____afp.jpg\" alt=\"Close no rosto do l\u00edder ind\u00edgena Aritana, que leva as m\u00e3os \u00e0 testa para cobrir os olhos\" width=\"660\" height=\"371\" \/><figcaption class=\"wp-caption-text\">Aritana era poliglota e conhecia profundamente a cultura de diversos povos do Xingu<\/figcaption><\/figure>\n<p style=\"text-align: justify;\">Um dos mais importantes e respeitados l\u00edderes dos povos do Territ\u00f3rio Ind\u00edgena do Xingu, Aritana tinha ascend\u00eancia yawalapiti e kamayur\u00e1 e falava dez l\u00ednguas, de pelo menos tr\u00eas troncos lingu\u00edsticos diferentes.<\/p>\n<p style=\"text-align: justify;\">\u201cQuando meu pai falava comigo em yawalapiti, eu compreendia tudo e respondia em kamayur\u00e1, a l\u00edngua da minha av\u00f3, m\u00e3e do meu pai\u201d, explica Tapi em portugu\u00eas, uma das cinco l\u00ednguas faladas por ele.<\/p>\n<p style=\"text-align: justify;\">Quando seu pai morreu, Tapi estava estudando a l\u00edngua yawalapiti com Aritana. Sua partida foi um golpe duro para a sobreviv\u00eancia deste idioma, que est\u00e1 \u2018em perigo cr\u00edtico\u2019 de desaparecer, segundo a Unesco.<\/p>\n<p style=\"text-align: justify;\">\u201cA perda do meu tio Aritana \u00e9 a perda de 98% da nossa l\u00edngua\u201d, disse Watatakalu Yawalapiti, sobrinha de Aritana, em uma declara\u00e7\u00e3o ap\u00f3s a morte do tio.<\/p>\n<p style=\"text-align: justify;\">Tapi explica que ainda h\u00e1 alguns outros falantes da l\u00edngua yawalapiti vivos \u2014 dois tios mais velhos, por exemplo \u2014 mas que seu pai tinha um conhecimento mais profundo, mais t\u00e9cnico, que tentava passar para os mais jovens.<\/p>\n<p style=\"text-align: justify;\">O Brasil tem pelo menos 190 idiomas que correm o mesmo risco, segundo o Mapa das L\u00ednguas em Perigo da Unesco. A morte de diversos anci\u00e3os ind\u00edgenas devido \u00e0 pandemia torna essa situa\u00e7\u00e3o ainda mais cr\u00edtica.<\/p>\n<p style=\"text-align: justify;\">Sem controle, a\u00a0<a class=\"story-body__link\" href=\"https:\/\/www.bbc.com\/portuguese\/brasil-52765220\">epidemia de covid-19 amea\u00e7a destruir<\/a>, junto com a vida de milhares de pessoas, culturas inteiras de alguns povos, levando ao que representantes ind\u00edgenas chamam de \u201cverdadeiro exterm\u00ednio de etnias\u201d.<\/p>\n<p style=\"text-align: justify;\">\u201cOs anci\u00e3os que est\u00e3o desaparecendo s\u00e3o as bibliotecas vivas de todo esse conhecimento tradicional \u2014 da l\u00edngua, dos costumes, das dan\u00e7as, da m\u00fasica. Esse conhecimento se preserva nos mais velhos, e \u00e9 atrav\u00e9s deles que chega aos jovens e se reproduz\u201d, explica Angel Corbera Mori, professor de lingu\u00edstica da Universidade Estadual de Campinas (Unicamp) e especialista em l\u00ednguas amer\u00edndias.<\/p>\n<p style=\"text-align: justify;\">As perdas de idosos ind\u00edgenas acontecem no pa\u00eds todo. S\u00f3 no Xingu, a covid-19 causou a morte do anci\u00e3o Juca Kamayur\u00e1, do l\u00edder Jamiko Nafuku\u00e1 e de Mamy Kalapalo, chefe da aldeia Kuluene.<\/p>\n<p style=\"text-align: justify;\">Entre os Kokama, no Amazonas, ao menos 37 morreram com sintomas de covid-19, segundo a Associa\u00e7\u00e3o dos \u00cdndios Kokama Residentes no Munic\u00edpio de Manaus (Akim), a maioria idosos.<\/p>\n<p style=\"text-align: justify;\">Em Alter do Ch\u00e3o, no Par\u00e1, a doen\u00e7a levou Lusia dos Santos Borari, de 87 anos, ainda no in\u00edcio da pandemia, em mar\u00e7o. Em Roraima, morreu em junho Bernaldina Jos\u00e9 Pedro, anci\u00e3 de 75 anos do povo macuxi que vivia na na Terra Ind\u00edgena Raposa Serra do Sol.<\/p>\n<p style=\"text-align: justify;\">Em\u00a0<a class=\"story-body__link\" href=\"https:\/\/www.bbc.com\/portuguese\/brasil-53314156\">uma a\u00e7\u00e3o levada ao STF<\/a>, a Articula\u00e7\u00e3o dos Povos Ind\u00edgenas do Brasil (Apib) disse que \u201cfalhas e omiss\u00f5es\u201d do poder p\u00fablico no combate \u00e0 epidemia do novo coronav\u00edrus entre os povos ind\u00edgenas brasileiros est\u00e3o levando a um \u201cverdadeiro genoc\u00eddio\u201d.<\/p>\n<p style=\"text-align: justify;\">Essas popula\u00e7\u00f5es t\u00eam, segundo a entidade, uma taxa de letalidade pelo v\u00edrus de 9,6%, enquanto, na popula\u00e7\u00e3o em geral, a taxa \u00e9 de 4%, segundo o Minist\u00e9rio da Sa\u00fade.<\/p>\n<p style=\"text-align: justify;\">A Apib diz ainda que o governo est\u00e1 n\u00e3o apenas falhando, mas\u00a0<a class=\"story-body__link\" href=\"https:\/\/www.bbc.com\/portuguese\/brasil-53375095\">ativamente colocando os ind\u00edgenas em risco<\/a>. Diversos pesquisadores j\u00e1 alertaram para o risco de a pandemia\u00a0<a class=\"story-body__link\" href=\"https:\/\/www.bbc.com\/portuguese\/brasil-52030530\">dizimar essas popula\u00e7\u00f5es no pa\u00eds<\/a>.<\/p>\n<p style=\"text-align: justify;\">No entanto, o STF determinou em vota\u00e7\u00e3o un\u00e2nime que o governo tome medidas para garantir o combate \u00e0 pandemia e atenda a medidas espec\u00edficas pedidas pela entidade, como a cria\u00e7\u00e3o de uma barreira sanit\u00e1ria e retirada de invasores de terras ind\u00edgenas.<\/p>\n<h2 class=\"story-body__crosshead\" style=\"text-align: justify;\">Perda irrepar\u00e1vel<\/h2>\n<p style=\"text-align: justify;\">Bernaldina Jos\u00e9 Pedro, de 75 anos, era uma guardi\u00e3 dos costumes tradicionais e da l\u00edngua macuxi. Ela tinha acabado de voltar para sua casa, na comunidade Maturuca, na Terra Ind\u00edgena Raposa Serra do Sol, em Roraima, quando morreu de covid-19 no fim de junho, ap\u00f3s 11 dias de batalha contra a doen\u00e7a.<\/p>\n<p style=\"text-align: justify;\">Ela contraiu o coronav\u00edrus na comunidade pouco tempo depois de voltar de uma temporada no est\u00fadio do filho adotivo (tamb\u00e9m em Roraima) o artista macuxi Jaider Esbell, que estava aprendendo a falar macuxi com a m\u00e3e.<\/p>\n<p style=\"text-align: justify;\">Essa l\u00edngua n\u00e3o corre risco de desaparecer, porque tem muitos falantes e at\u00e9 j\u00e1 foi sistematizada em dicion\u00e1rios, mas muitos conhecimentos tradicionais se foram com Bernaldina.<\/p>\n<p style=\"text-align: justify;\">\u201cEla conhecia um vocabul\u00e1rio completo, uma variedade enorme de constru\u00e7\u00f5es\u201d, afirma Jaider. \u201c\u00c9 uma perda irrepar\u00e1vel.\u201d<\/p>\n<figure style=\"width: 624px\" class=\"wp-caption alignnone\"><img loading=\"lazy\" decoding=\"async\" src=\"https:\/\/ichef.bbci.co.uk\/news\/624\/cpsprodpb\/3ACB\/production\/_114115051_vo-bernal.jpg\" alt=\"A idosa e l\u00edder ind\u00edgena Bernaldina, do povo macuxi, usa pinturas tradicionais e sorri\" width=\"624\" height=\"624\" \/><figcaption class=\"wp-caption-text\">Bernaldina morreu em junho, v\u00edtima de covid-19<br \/><\/figcaption><\/figure>\n<div class=\"story-body__inner\" style=\"text-align: justify;\">\n<p>O quanto o idioma \u00e9 falado de forma fluente por gera\u00e7\u00f5es mais jovens e usado no dia a dia s\u00e3o alguns crit\u00e9rios para estabelecer o quanto ele est\u00e1 em perigo, explica o linguista Angel Corbera Mori.<\/p>\n<p>\u201cA preserva\u00e7\u00e3o da l\u00edngua \u00e9 parte essencial da cultura, sem falantes, ela desaparece, e, com ela, se v\u00e3o se aspectos muitos centrais.\u201d<\/p>\n<p>A entrada de mission\u00e1rios religiosos nos territ\u00f3rios sem autoriza\u00e7\u00e3o, que visam converter os ind\u00edgenas e fazem os jovens terem menos interesse pela cultura tradicional, \u00e9 apontada por ele como uma das principais amea\u00e7as \u00e0 preserva\u00e7\u00e3o das culturas ind\u00edgenas.<\/p>\n<p>Mori ressalta que, no momento, no entanto, as preocupa\u00e7\u00f5es s\u00e3o muito maiores. \u201cA amea\u00e7a hoje \u00e9 aos pr\u00f3prios falantes. A preocupa\u00e7\u00e3o no momento \u00e9 com a vida.\u201d<\/p>\n<\/div>\n<p style=\"text-align: justify;\">\n","protected":false},"excerpt":{"rendered":"<p>Quase um m\u00eas ap\u00f3s a morte do l\u00edder ind\u00edgena Aritana Yawalapiti, aos 71 anos, por\u00a0covid-19, seu filho mais velho, Tapi Yawalapiti, relembra \u00e0 BBC News Brasil como eram as conversas cotidianas com o pai. Um dos mais importantes e respeitados l\u00edderes dos povos do Territ\u00f3rio Ind\u00edgena do Xingu, Aritana tinha ascend\u00eancia yawalapiti e kamayur\u00e1 e [&hellip;]<\/p>\n","protected":false},"author":1,"featured_media":13840,"comment_status":"open","ping_status":"open","sticky":false,"template":"","format":"standard","meta":{"_uag_custom_page_level_css":"","_monsterinsights_skip_tracking":false,"_monsterinsights_sitenote_active":false,"_monsterinsights_sitenote_note":"","_monsterinsights_sitenote_category":0,"jetpack_post_was_ever_published":false,"_jetpack_newsletter_access":"","_jetpack_dont_email_post_to_subs":false,"_jetpack_newsletter_tier_id":0,"_jetpack_memberships_contains_paywalled_content":false,"_jetpack_memberships_contains_paid_content":false,"footnotes":"","jetpack_publicize_message":"","jetpack_publicize_feature_enabled":true,"jetpack_social_post_already_shared":true,"jetpack_social_options":{"image_generator_settings":{"template":"highway","default_image_id":0,"font":"","enabled":false},"version":2}},"categories":[200,197,204],"tags":[],"class_list":["post-13839","post","type-post","status-publish","format-standard","has-post-thumbnail","hentry","category-brasil","category-politica","category-social"],"jetpack_publicize_connections":[],"jetpack_featured_media_url":"https:\/\/blogopara.com.br\/wp-content\/uploads\/2020\/08\/114115051_vo-bernal.jpg","uagb_featured_image_src":{"full":["https:\/\/blogopara.com.br\/wp-content\/uploads\/2020\/08\/114115051_vo-bernal.jpg",410,410,false],"thumbnail":["https:\/\/blogopara.com.br\/wp-content\/uploads\/2020\/08\/114115051_vo-bernal-150x150.jpg",150,150,true],"medium":["https:\/\/blogopara.com.br\/wp-content\/uploads\/2020\/08\/114115051_vo-bernal-300x300.jpg",300,300,true],"medium_large":["https:\/\/blogopara.com.br\/wp-content\/uploads\/2020\/08\/114115051_vo-bernal.jpg",410,410,false],"large":["https:\/\/blogopara.com.br\/wp-content\/uploads\/2020\/08\/114115051_vo-bernal.jpg",410,410,false],"1536x1536":["https:\/\/blogopara.com.br\/wp-content\/uploads\/2020\/08\/114115051_vo-bernal.jpg",410,410,false],"2048x2048":["https:\/\/blogopara.com.br\/wp-content\/uploads\/2020\/08\/114115051_vo-bernal.jpg",410,410,false],"mantranews-slider-large":["https:\/\/blogopara.com.br\/wp-content\/uploads\/2020\/08\/114115051_vo-bernal.jpg",410,410,false],"mantranews-featured-medium":["https:\/\/blogopara.com.br\/wp-content\/uploads\/2020\/08\/114115051_vo-bernal-410x307.jpg",410,307,true],"mantranews-featured-long":["https:\/\/blogopara.com.br\/wp-content\/uploads\/2020\/08\/114115051_vo-bernal-300x410.jpg",300,410,true],"mantranews-block-medium":["https:\/\/blogopara.com.br\/wp-content\/uploads\/2020\/08\/114115051_vo-bernal-410x290.jpg",410,290,true],"mantranews-carousel-image":["https:\/\/blogopara.com.br\/wp-content\/uploads\/2020\/08\/114115051_vo-bernal.jpg",410,410,false],"mantranews-block-thumb":["https:\/\/blogopara.com.br\/wp-content\/uploads\/2020\/08\/114115051_vo-bernal-322x230.jpg",322,230,true],"mantranews-single-large":["https:\/\/blogopara.com.br\/wp-content\/uploads\/2020\/08\/114115051_vo-bernal.jpg",410,410,false]},"uagb_author_info":{"display_name":"Reda\u00e7\u00e3o geral","author_link":"https:\/\/blogopara.com.br\/index.php\/author\/blogopara"},"uagb_comment_info":0,"uagb_excerpt":"Quase um m\u00eas ap\u00f3s a morte do l\u00edder ind\u00edgena Aritana Yawalapiti, aos 71 anos, por\u00a0covid-19, seu filho mais velho, Tapi Yawalapiti, relembra \u00e0 BBC News Brasil como eram as conversas cotidianas com o pai. Um dos mais importantes e respeitados l\u00edderes dos povos do Territ\u00f3rio Ind\u00edgena do Xingu, Aritana tinha ascend\u00eancia yawalapiti e kamayur\u00e1 e&hellip;","jetpack_sharing_enabled":true,"jetpack_likes_enabled":true,"_links":{"self":[{"href":"https:\/\/blogopara.com.br\/index.php\/wp-json\/wp\/v2\/posts\/13839","targetHints":{"allow":["GET"]}}],"collection":[{"href":"https:\/\/blogopara.com.br\/index.php\/wp-json\/wp\/v2\/posts"}],"about":[{"href":"https:\/\/blogopara.com.br\/index.php\/wp-json\/wp\/v2\/types\/post"}],"author":[{"embeddable":true,"href":"https:\/\/blogopara.com.br\/index.php\/wp-json\/wp\/v2\/users\/1"}],"replies":[{"embeddable":true,"href":"https:\/\/blogopara.com.br\/index.php\/wp-json\/wp\/v2\/comments?post=13839"}],"version-history":[{"count":1,"href":"https:\/\/blogopara.com.br\/index.php\/wp-json\/wp\/v2\/posts\/13839\/revisions"}],"predecessor-version":[{"id":13841,"href":"https:\/\/blogopara.com.br\/index.php\/wp-json\/wp\/v2\/posts\/13839\/revisions\/13841"}],"wp:featuredmedia":[{"embeddable":true,"href":"https:\/\/blogopara.com.br\/index.php\/wp-json\/wp\/v2\/media\/13840"}],"wp:attachment":[{"href":"https:\/\/blogopara.com.br\/index.php\/wp-json\/wp\/v2\/media?parent=13839"}],"wp:term":[{"taxonomy":"category","embeddable":true,"href":"https:\/\/blogopara.com.br\/index.php\/wp-json\/wp\/v2\/categories?post=13839"},{"taxonomy":"post_tag","embeddable":true,"href":"https:\/\/blogopara.com.br\/index.php\/wp-json\/wp\/v2\/tags?post=13839"}],"curies":[{"name":"wp","href":"https:\/\/api.w.org\/{rel}","templated":true}]}}