{"id":13864,"date":"2020-08-30T12:45:34","date_gmt":"2020-08-30T15:45:34","guid":{"rendered":"http:\/\/blogopara.com.br\/?p=13864"},"modified":"2020-08-30T12:45:39","modified_gmt":"2020-08-30T15:45:39","slug":"juazeiro-aniversario-da-igreja-batista-yerushalaim","status":"publish","type":"post","link":"https:\/\/blogopara.com.br\/index.php\/2020\/08\/30\/juazeiro-aniversario-da-igreja-batista-yerushalaim","title":{"rendered":"Juazeiro: Anivers\u00e1rio da Igreja Batista Yerushalaim."},"content":{"rendered":"<p style=\"text-align: justify;\">Era o ano de 1992 e eu j\u00e1 estava em Juazeiro h\u00e1 2 anos cuidando da Congrega\u00e7\u00e3o Batista Yerushalaim. Eu era muito jovem e recebi o desafio de organizar a ent\u00e3o Congrega\u00e7\u00e3o em Igreja. Topei o desafio!<\/p>\n<p style=\"text-align: justify;\">\u00c9ramos poucos e sem recursos. No dia 29\/08\/1992 a Congrega\u00e7\u00e3o foi emancipada. Os anos seguintes foram de enorme dificuldade. \u00c0s vezes n\u00e3o t\u00ednhamos dinheiro para pagar as contas. O meu sal\u00e1rio foi reduzido at\u00e9 ganhar apenas um sal\u00e1rio m\u00ednimo que era recebido &#8220;aos peda\u00e7os&#8221;. Recebi diversas propostas para desistir de pastorear a Igreja e ir para Projetos maiores. Persisti!<\/p>\n<p style=\"text-align: justify;\">Anos mais tarde a Igreja experimentou um enorme crescimento. Ganhou for\u00e7a e influ\u00eancia, sendo hoje a m\u00e3e de v\u00e1rias outras Igrejas e dela nasceram v\u00e1rios Pastores e Pastoras.<\/p>\n<p style=\"text-align: justify;\">A li\u00e7\u00e3o que tirei de tudo isso foi que vale a pena acreditar em Deus e na for\u00e7a do Seu Poder, mesmo quando as vozes \u00e0 nossa volta n\u00e3o acreditam no poder de um sonho.<\/p>\n<p style=\"text-align: justify;\">Sou grato ao Senhor pela exist\u00eancia da Igreja Yerushalaim que ajudei a fundar e pela vida de homens como Luis Cursino e Saul Ramos, dentre muitos homens honrados e in\u00fameras mulheres guerreiras. \u00c9ramos poucos, mas com Deus n\u00f3s vencemos.<\/p>\n<p style=\"text-align: justify;\">Essa tem sido a nossa vit\u00f3ria: A nossa f\u00e9 em Deus! Parab\u00e9ns Igreja Batista Yerushalaim, por ser uma Luz de Esperan\u00e7a no Vale. Deus nos aben\u00e7oe mais a cada dia.<\/p>\n<p style=\"text-align: justify;\">Teobaldo Pedro de Jesus. Presidente e Pastor-senior do MYRC &#8211; Minist\u00e9rio Yerushalaim de Restaura\u00e7\u00e3o Crist\u00e3.<\/p>\n","protected":false},"excerpt":{"rendered":"<p>Era o ano de 1992 e eu j\u00e1 estava em Juazeiro h\u00e1 2 anos cuidando da Congrega\u00e7\u00e3o Batista Yerushalaim. Eu era muito jovem e recebi o desafio de organizar a ent\u00e3o Congrega\u00e7\u00e3o em Igreja. Topei o desafio! \u00c9ramos poucos e sem recursos. No dia 29\/08\/1992 a Congrega\u00e7\u00e3o foi emancipada. Os anos seguintes foram de enorme [&hellip;]<\/p>\n","protected":false},"author":1,"featured_media":13865,"comment_status":"open","ping_status":"open","sticky":false,"template":"","format":"standard","meta":{"_uag_custom_page_level_css":"","_monsterinsights_skip_tracking":false,"_monsterinsights_sitenote_active":false,"_monsterinsights_sitenote_note":"","_monsterinsights_sitenote_category":0,"jetpack_post_was_ever_published":false,"_jetpack_newsletter_access":"","_jetpack_dont_email_post_to_subs":false,"_jetpack_newsletter_tier_id":0,"_jetpack_memberships_contains_paywalled_content":false,"_jetpack_memberships_contains_paid_content":false,"footnotes":"","jetpack_publicize_message":"","jetpack_publicize_feature_enabled":true,"jetpack_social_post_already_shared":true,"jetpack_social_options":{"image_generator_settings":{"template":"highway","default_image_id":0,"font":"","enabled":false},"version":2}},"categories":[203,204],"tags":[],"class_list":["post-13864","post","type-post","status-publish","format-standard","has-post-thumbnail","hentry","category-juazeiro","category-social"],"jetpack_publicize_connections":[],"jetpack_featured_media_url":"https:\/\/blogopara.com.br\/wp-content\/uploads\/2020\/08\/118403368_956706724806735_7861427697549281409_n.jpg","uagb_featured_image_src":{"full":["https:\/\/blogopara.com.br\/wp-content\/uploads\/2020\/08\/118403368_956706724806735_7861427697549281409_n.jpg",500,476,false],"thumbnail":["https:\/\/blogopara.com.br\/wp-content\/uploads\/2020\/08\/118403368_956706724806735_7861427697549281409_n-150x150.jpg",150,150,true],"medium":["https:\/\/blogopara.com.br\/wp-content\/uploads\/2020\/08\/118403368_956706724806735_7861427697549281409_n-300x286.jpg",300,286,true],"medium_large":["https:\/\/blogopara.com.br\/wp-content\/uploads\/2020\/08\/118403368_956706724806735_7861427697549281409_n.jpg",500,476,false],"large":["https:\/\/blogopara.com.br\/wp-content\/uploads\/2020\/08\/118403368_956706724806735_7861427697549281409_n.jpg",500,476,false],"1536x1536":["https:\/\/blogopara.com.br\/wp-content\/uploads\/2020\/08\/118403368_956706724806735_7861427697549281409_n.jpg",500,476,false],"2048x2048":["https:\/\/blogopara.com.br\/wp-content\/uploads\/2020\/08\/118403368_956706724806735_7861427697549281409_n.jpg",500,476,false],"mantranews-slider-large":["https:\/\/blogopara.com.br\/wp-content\/uploads\/2020\/08\/118403368_956706724806735_7861427697549281409_n.jpg",500,476,false],"mantranews-featured-medium":["https:\/\/blogopara.com.br\/wp-content\/uploads\/2020\/08\/118403368_956706724806735_7861427697549281409_n-420x307.jpg",420,307,true],"mantranews-featured-long":["https:\/\/blogopara.com.br\/wp-content\/uploads\/2020\/08\/118403368_956706724806735_7861427697549281409_n-300x443.jpg",300,443,true],"mantranews-block-medium":["https:\/\/blogopara.com.br\/wp-content\/uploads\/2020\/08\/118403368_956706724806735_7861427697549281409_n-464x290.jpg",464,290,true],"mantranews-carousel-image":["https:\/\/blogopara.com.br\/wp-content\/uploads\/2020\/08\/118403368_956706724806735_7861427697549281409_n.jpg",500,476,false],"mantranews-block-thumb":["https:\/\/blogopara.com.br\/wp-content\/uploads\/2020\/08\/118403368_956706724806735_7861427697549281409_n-322x230.jpg",322,230,true],"mantranews-single-large":["https:\/\/blogopara.com.br\/wp-content\/uploads\/2020\/08\/118403368_956706724806735_7861427697549281409_n.jpg",500,476,false]},"uagb_author_info":{"display_name":"Reda\u00e7\u00e3o geral","author_link":"https:\/\/blogopara.com.br\/index.php\/author\/blogopara"},"uagb_comment_info":0,"uagb_excerpt":"Era o ano de 1992 e eu j\u00e1 estava em Juazeiro h\u00e1 2 anos cuidando da Congrega\u00e7\u00e3o Batista Yerushalaim. Eu era muito jovem e recebi o desafio de organizar a ent\u00e3o Congrega\u00e7\u00e3o em Igreja. Topei o desafio! \u00c9ramos poucos e sem recursos. No dia 29\/08\/1992 a Congrega\u00e7\u00e3o foi emancipada. Os anos seguintes foram de enorme&hellip;","jetpack_sharing_enabled":true,"jetpack_likes_enabled":true,"_links":{"self":[{"href":"https:\/\/blogopara.com.br\/index.php\/wp-json\/wp\/v2\/posts\/13864","targetHints":{"allow":["GET"]}}],"collection":[{"href":"https:\/\/blogopara.com.br\/index.php\/wp-json\/wp\/v2\/posts"}],"about":[{"href":"https:\/\/blogopara.com.br\/index.php\/wp-json\/wp\/v2\/types\/post"}],"author":[{"embeddable":true,"href":"https:\/\/blogopara.com.br\/index.php\/wp-json\/wp\/v2\/users\/1"}],"replies":[{"embeddable":true,"href":"https:\/\/blogopara.com.br\/index.php\/wp-json\/wp\/v2\/comments?post=13864"}],"version-history":[{"count":1,"href":"https:\/\/blogopara.com.br\/index.php\/wp-json\/wp\/v2\/posts\/13864\/revisions"}],"predecessor-version":[{"id":13866,"href":"https:\/\/blogopara.com.br\/index.php\/wp-json\/wp\/v2\/posts\/13864\/revisions\/13866"}],"wp:featuredmedia":[{"embeddable":true,"href":"https:\/\/blogopara.com.br\/index.php\/wp-json\/wp\/v2\/media\/13865"}],"wp:attachment":[{"href":"https:\/\/blogopara.com.br\/index.php\/wp-json\/wp\/v2\/media?parent=13864"}],"wp:term":[{"taxonomy":"category","embeddable":true,"href":"https:\/\/blogopara.com.br\/index.php\/wp-json\/wp\/v2\/categories?post=13864"},{"taxonomy":"post_tag","embeddable":true,"href":"https:\/\/blogopara.com.br\/index.php\/wp-json\/wp\/v2\/tags?post=13864"}],"curies":[{"name":"wp","href":"https:\/\/api.w.org\/{rel}","templated":true}]}}