{"id":13943,"date":"2020-09-02T08:08:11","date_gmt":"2020-09-02T11:08:11","guid":{"rendered":"http:\/\/blogopara.com.br\/?p=13943"},"modified":"2020-09-01T18:01:53","modified_gmt":"2020-09-01T21:01:53","slug":"juazeiro-carlos-neiva-e-escolhido-como-candidato-a-prefeito-pelo-pv","status":"publish","type":"post","link":"https:\/\/blogopara.com.br\/index.php\/2020\/09\/02\/juazeiro-carlos-neiva-e-escolhido-como-candidato-a-prefeito-pelo-pv","title":{"rendered":"Juazeiro: Carlos Neiva \u00e9 escolhido como candidato a prefeito pelo PV"},"content":{"rendered":"<p style=\"text-align: justify;\">O Partido Verde, diret\u00f3rio de Juazeiro, confirmou atrav\u00e9s de of\u00edcio a sua conven\u00e7\u00e3o partid\u00e1ria local para o pr\u00f3ximo dia 16 de setembro.<\/p>\n<p style=\"text-align: justify;\">Em nota encaminhada, o PV informa que \u201c<em>a Comiss\u00e3o Provis\u00f3ria, por seu presidente, Joao V\u00edtor de Souza Medrado, nos termos do Estatuto Partid\u00e1rio, convoca os convencionais para a Conven\u00e7\u00e3o Municipal que ser\u00e1 realizada no dia 16 de setembro do corrente ano, das 15h \u00e0s 18h na Avenida Cel. Jo\u00e3o Evangelista, em Juazeiro&#8221;<\/em>.<\/p>\n<p style=\"text-align: justify;\">A conven\u00e7\u00e3o vai deliberar sobre &#8220;<em>proposta de coliga\u00e7\u00e3o partid\u00e1ria para a elei\u00e7\u00e3o majorit\u00e1ria (prefeito e vice); Definir oficialmente o nome dos candidatos para as elei\u00e7\u00f5es majorit\u00e1rias e proporcionais; Sortear n\u00famero para candidatos na elei\u00e7\u00e3o proporcional; Avaliar possibilidades de delega\u00e7\u00e3o do poder decis\u00f3rio sobre coliga\u00e7\u00f5es e candidatos \u00e0 Comiss\u00e3o Executiva do Partido Verde; Escolher delegados e tratar de outros assuntos relativos ao pleito de 2020&#8243;, anotaram.<\/em><\/p>\n<p style=\"text-align: justify;\">O Partido Verde de Juazeiro deve oficializar na conven\u00e7\u00e3o municipal o nome do empres\u00e1rio Carlos Neiva como candidato da legenda na disputa para prefeito de Juazeiro.<\/p>\n<p style=\"text-align: justify;\">O pr\u00e9-candidato Carlos Neiva, que \u00e9 agr\u00f4nomo, empres\u00e1rio, foi secret\u00e1rio municipal na pasta de Desenvolvimento Econ\u00f4mico&nbsp;e tem atua\u00e7\u00e3o em diversas entidades de classe no munic\u00edpio&nbsp;deve ter seu nome confirmado como candidato oficial da legenda para a disputa da prefeitura na elei\u00e7\u00e3o do dia 15 de novembro.<\/p>\n<p style=\"text-align: justify;\"><img loading=\"lazy\" decoding=\"async\" src=\"https:\/\/www.redegn.com.br\/ckfinder\/userfiles\/images\/pv%20conven%C3%A7%C3%A3o.png\" alt=\"\" width=\"701\" height=\"750\"><\/p>\n<p style=\"text-align: justify;\">\n","protected":false},"excerpt":{"rendered":"<p>O Partido Verde, diret\u00f3rio de Juazeiro, confirmou atrav\u00e9s de of\u00edcio a sua conven\u00e7\u00e3o partid\u00e1ria local para o pr\u00f3ximo dia 16 de setembro. Em nota encaminhada, o PV informa que \u201ca Comiss\u00e3o Provis\u00f3ria, por seu presidente, Joao V\u00edtor de Souza Medrado, nos termos do Estatuto Partid\u00e1rio, convoca os convencionais para a Conven\u00e7\u00e3o Municipal que ser\u00e1 realizada [&hellip;]<\/p>\n","protected":false},"author":1,"featured_media":13944,"comment_status":"open","ping_status":"open","sticky":false,"template":"","format":"standard","meta":{"_uag_custom_page_level_css":"","_monsterinsights_skip_tracking":false,"_monsterinsights_sitenote_active":false,"_monsterinsights_sitenote_note":"","_monsterinsights_sitenote_category":0,"jetpack_post_was_ever_published":false,"_jetpack_newsletter_access":"","_jetpack_dont_email_post_to_subs":false,"_jetpack_newsletter_tier_id":0,"_jetpack_memberships_contains_paywalled_content":false,"_jetpack_memberships_contains_paid_content":false,"footnotes":"","jetpack_publicize_message":"","jetpack_publicize_feature_enabled":true,"jetpack_social_post_already_shared":true,"jetpack_social_options":{"image_generator_settings":{"template":"highway","default_image_id":0,"font":"","enabled":false},"version":2}},"categories":[203,197],"tags":[],"class_list":["post-13943","post","type-post","status-publish","format-standard","has-post-thumbnail","hentry","category-juazeiro","category-politica"],"jetpack_publicize_connections":[],"jetpack_featured_media_url":"https:\/\/blogopara.com.br\/wp-content\/uploads\/2020\/09\/carlos-neiva5.jpg","uagb_featured_image_src":{"full":["https:\/\/blogopara.com.br\/wp-content\/uploads\/2020\/09\/carlos-neiva5.jpg",500,500,false],"thumbnail":["https:\/\/blogopara.com.br\/wp-content\/uploads\/2020\/09\/carlos-neiva5-150x150.jpg",150,150,true],"medium":["https:\/\/blogopara.com.br\/wp-content\/uploads\/2020\/09\/carlos-neiva5-300x300.jpg",300,300,true],"medium_large":["https:\/\/blogopara.com.br\/wp-content\/uploads\/2020\/09\/carlos-neiva5.jpg",500,500,false],"large":["https:\/\/blogopara.com.br\/wp-content\/uploads\/2020\/09\/carlos-neiva5.jpg",500,500,false],"1536x1536":["https:\/\/blogopara.com.br\/wp-content\/uploads\/2020\/09\/carlos-neiva5.jpg",500,500,false],"2048x2048":["https:\/\/blogopara.com.br\/wp-content\/uploads\/2020\/09\/carlos-neiva5.jpg",500,500,false],"mantranews-slider-large":["https:\/\/blogopara.com.br\/wp-content\/uploads\/2020\/09\/carlos-neiva5.jpg",500,500,false],"mantranews-featured-medium":["https:\/\/blogopara.com.br\/wp-content\/uploads\/2020\/09\/carlos-neiva5-420x307.jpg",420,307,true],"mantranews-featured-long":["https:\/\/blogopara.com.br\/wp-content\/uploads\/2020\/09\/carlos-neiva5-300x443.jpg",300,443,true],"mantranews-block-medium":["https:\/\/blogopara.com.br\/wp-content\/uploads\/2020\/09\/carlos-neiva5-464x290.jpg",464,290,true],"mantranews-carousel-image":["https:\/\/blogopara.com.br\/wp-content\/uploads\/2020\/09\/carlos-neiva5.jpg",500,500,false],"mantranews-block-thumb":["https:\/\/blogopara.com.br\/wp-content\/uploads\/2020\/09\/carlos-neiva5-322x230.jpg",322,230,true],"mantranews-single-large":["https:\/\/blogopara.com.br\/wp-content\/uploads\/2020\/09\/carlos-neiva5.jpg",500,500,false]},"uagb_author_info":{"display_name":"Reda\u00e7\u00e3o geral","author_link":"https:\/\/blogopara.com.br\/index.php\/author\/blogopara"},"uagb_comment_info":0,"uagb_excerpt":"O Partido Verde, diret\u00f3rio de Juazeiro, confirmou atrav\u00e9s de of\u00edcio a sua conven\u00e7\u00e3o partid\u00e1ria local para o pr\u00f3ximo dia 16 de setembro. Em nota encaminhada, o PV informa que \u201ca Comiss\u00e3o Provis\u00f3ria, por seu presidente, Joao V\u00edtor de Souza Medrado, nos termos do Estatuto Partid\u00e1rio, convoca os convencionais para a Conven\u00e7\u00e3o Municipal que ser\u00e1 realizada&hellip;","jetpack_sharing_enabled":true,"jetpack_likes_enabled":true,"_links":{"self":[{"href":"https:\/\/blogopara.com.br\/index.php\/wp-json\/wp\/v2\/posts\/13943","targetHints":{"allow":["GET"]}}],"collection":[{"href":"https:\/\/blogopara.com.br\/index.php\/wp-json\/wp\/v2\/posts"}],"about":[{"href":"https:\/\/blogopara.com.br\/index.php\/wp-json\/wp\/v2\/types\/post"}],"author":[{"embeddable":true,"href":"https:\/\/blogopara.com.br\/index.php\/wp-json\/wp\/v2\/users\/1"}],"replies":[{"embeddable":true,"href":"https:\/\/blogopara.com.br\/index.php\/wp-json\/wp\/v2\/comments?post=13943"}],"version-history":[{"count":2,"href":"https:\/\/blogopara.com.br\/index.php\/wp-json\/wp\/v2\/posts\/13943\/revisions"}],"predecessor-version":[{"id":13946,"href":"https:\/\/blogopara.com.br\/index.php\/wp-json\/wp\/v2\/posts\/13943\/revisions\/13946"}],"wp:featuredmedia":[{"embeddable":true,"href":"https:\/\/blogopara.com.br\/index.php\/wp-json\/wp\/v2\/media\/13944"}],"wp:attachment":[{"href":"https:\/\/blogopara.com.br\/index.php\/wp-json\/wp\/v2\/media?parent=13943"}],"wp:term":[{"taxonomy":"category","embeddable":true,"href":"https:\/\/blogopara.com.br\/index.php\/wp-json\/wp\/v2\/categories?post=13943"},{"taxonomy":"post_tag","embeddable":true,"href":"https:\/\/blogopara.com.br\/index.php\/wp-json\/wp\/v2\/tags?post=13943"}],"curies":[{"name":"wp","href":"https:\/\/api.w.org\/{rel}","templated":true}]}}