{"id":13957,"date":"2020-09-03T08:05:45","date_gmt":"2020-09-03T11:05:45","guid":{"rendered":"http:\/\/blogopara.com.br\/?p=13957"},"modified":"2020-09-02T17:09:14","modified_gmt":"2020-09-02T20:09:14","slug":"rui-indica-que-aliados-que-apoiarem-bruno-reis-podem-perder-cargos-no-governo","status":"publish","type":"post","link":"https:\/\/blogopara.com.br\/index.php\/2020\/09\/03\/rui-indica-que-aliados-que-apoiarem-bruno-reis-podem-perder-cargos-no-governo","title":{"rendered":"Rui indica que aliados que apoiarem Bruno Reis podem perder cargos no governo"},"content":{"rendered":"<p style=\"text-align: justify;\">O governador da Bahia, Rui Costa (PT), mandou recado nesta quarta-feira (2) para os partidos que pretendem permanecer na base aliada a n\u00edvel estadual, mas querem apoiar a candidatura de Bruno Reis (DEM), indicado do prefeito ACM Neto (DEM), seu advers\u00e1rio pol\u00edtico, para a prefeitura de Salvador. Questionado sobre se essas siglas perderiam espa\u00e7os no governo &#8211; comando de secretarias, autarquias e demais cargos na administra\u00e7\u00e3o -, o petista n\u00e3o foi direto, mas deixou sua mensagem.<\/p>\n<p style=\"font-weight: 400; text-align: justify;\">\u201cEu diria que as pessoas t\u00eam que escolher o projeto que querem seguir. Cada um \u00e9 livre pra fazer op\u00e7\u00e3o. Eu n\u00e3o pressiono ningu\u00e9m, cada um faz suas escolhas. Eu farei as minhas. Cada um \u00e9 livre pra fazer sua escolha, como eu tamb\u00e9m sou livre pra fazer as minhas escolhas e escolher meus assessores\u201d, afirmou o governador em coletiva ap\u00f3s inaugurar unidade de emerg\u00eancia pedi\u00e1trica no bairro de Piraj\u00e1, em Salvador.<\/p>\n<p style=\"font-weight: 400; text-align: justify;\">Apesar de Rui n\u00e3o apontar para quem dirigiu o recado, o PDT cogita fazer jogo duplo na pol\u00edtica baiana. Em Salvador, avalia apoiar e at\u00e9 indicar a vice de Bruno Reis, que, segundo informa\u00e7\u00f5es de bastidores, seria a ex-secret\u00e1ria de Promo\u00e7\u00e3o Social e Combate \u00e0 Pobreza Ana Paula Matos. Por outro lado, a legenda quer continuar com o petista a n\u00edvel estadual. Outro que ainda n\u00e3o decidiu se fica com Rui ou Bruno e ACM Neto ou os tr\u00eas \u00e9 o PL, presidido na Bahia pelo ex-deputado federal Jos\u00e9 Carlos Ara\u00fajo.<\/p>\n<p style=\"font-weight: 400; text-align: justify;\">No primeiro escal\u00e3o da gest\u00e3o estadual, PDT e PL controlam a Secretaria da Agricultura, Pecu\u00e1ria, Irriga\u00e7\u00e3o, Pesca e Aquicultura e a Secretaria de Turismo, respectivamente.<\/p>\n<p style=\"font-weight: 400; text-align: justify;\">O governador ainda apontou que, para estar no seu governo, \u00e9 preciso nutrir rela\u00e7\u00e3o de confian\u00e7a. \u201cMeus assessores s\u00e3o aqueles que tenham integralmente a nossa confian\u00e7a. Sempre ser\u00e1 assim. E, se em algum momento deixar de ter, deixar\u00e1 de ser assessor\u201d, destacou, sem, novamente, endere\u00e7ar a fala. No entanto, vale destacar que, na pol\u00edtica, o subtexto pode informar mais que o pr\u00f3prio texto.<\/p>\n<pre>Fonte: Bahia Not\u00edcias<\/pre>\n","protected":false},"excerpt":{"rendered":"<p>O governador da Bahia, Rui Costa (PT), mandou recado nesta quarta-feira (2) para os partidos que pretendem permanecer na base aliada a n\u00edvel estadual, mas querem apoiar a candidatura de Bruno Reis (DEM), indicado do prefeito ACM Neto (DEM), seu advers\u00e1rio pol\u00edtico, para a prefeitura de Salvador. Questionado sobre se essas siglas perderiam espa\u00e7os no [&hellip;]<\/p>\n","protected":false},"author":1,"featured_media":13958,"comment_status":"open","ping_status":"open","sticky":false,"template":"","format":"standard","meta":{"_uag_custom_page_level_css":"","_monsterinsights_skip_tracking":false,"_monsterinsights_sitenote_active":false,"_monsterinsights_sitenote_note":"","_monsterinsights_sitenote_category":0,"jetpack_post_was_ever_published":false,"_jetpack_newsletter_access":"","_jetpack_dont_email_post_to_subs":false,"_jetpack_newsletter_tier_id":0,"_jetpack_memberships_contains_paywalled_content":false,"_jetpack_memberships_contains_paid_content":false,"footnotes":"","jetpack_publicize_message":"","jetpack_publicize_feature_enabled":true,"jetpack_social_post_already_shared":true,"jetpack_social_options":{"image_generator_settings":{"template":"highway","default_image_id":0,"font":"","enabled":false},"version":2}},"categories":[199,197],"tags":[],"class_list":["post-13957","post","type-post","status-publish","format-standard","has-post-thumbnail","hentry","category-bahia","category-politica"],"jetpack_publicize_connections":[],"jetpack_featured_media_url":"https:\/\/blogopara.com.br\/wp-content\/uploads\/2020\/09\/Rui-Costa.jpg","uagb_featured_image_src":{"full":["https:\/\/blogopara.com.br\/wp-content\/uploads\/2020\/09\/Rui-Costa.jpg",500,279,false],"thumbnail":["https:\/\/blogopara.com.br\/wp-content\/uploads\/2020\/09\/Rui-Costa-150x150.jpg",150,150,true],"medium":["https:\/\/blogopara.com.br\/wp-content\/uploads\/2020\/09\/Rui-Costa-300x167.jpg",300,167,true],"medium_large":["https:\/\/blogopara.com.br\/wp-content\/uploads\/2020\/09\/Rui-Costa.jpg",500,279,false],"large":["https:\/\/blogopara.com.br\/wp-content\/uploads\/2020\/09\/Rui-Costa.jpg",500,279,false],"1536x1536":["https:\/\/blogopara.com.br\/wp-content\/uploads\/2020\/09\/Rui-Costa.jpg",500,279,false],"2048x2048":["https:\/\/blogopara.com.br\/wp-content\/uploads\/2020\/09\/Rui-Costa.jpg",500,279,false],"mantranews-slider-large":["https:\/\/blogopara.com.br\/wp-content\/uploads\/2020\/09\/Rui-Costa.jpg",500,279,false],"mantranews-featured-medium":["https:\/\/blogopara.com.br\/wp-content\/uploads\/2020\/09\/Rui-Costa-420x279.jpg",420,279,true],"mantranews-featured-long":["https:\/\/blogopara.com.br\/wp-content\/uploads\/2020\/09\/Rui-Costa-300x279.jpg",300,279,true],"mantranews-block-medium":["https:\/\/blogopara.com.br\/wp-content\/uploads\/2020\/09\/Rui-Costa-464x279.jpg",464,279,true],"mantranews-carousel-image":["https:\/\/blogopara.com.br\/wp-content\/uploads\/2020\/09\/Rui-Costa.jpg",500,279,false],"mantranews-block-thumb":["https:\/\/blogopara.com.br\/wp-content\/uploads\/2020\/09\/Rui-Costa-322x230.jpg",322,230,true],"mantranews-single-large":["https:\/\/blogopara.com.br\/wp-content\/uploads\/2020\/09\/Rui-Costa.jpg",500,279,false]},"uagb_author_info":{"display_name":"Reda\u00e7\u00e3o geral","author_link":"https:\/\/blogopara.com.br\/index.php\/author\/blogopara"},"uagb_comment_info":0,"uagb_excerpt":"O governador da Bahia, Rui Costa (PT), mandou recado nesta quarta-feira (2) para os partidos que pretendem permanecer na base aliada a n\u00edvel estadual, mas querem apoiar a candidatura de Bruno Reis (DEM), indicado do prefeito ACM Neto (DEM), seu advers\u00e1rio pol\u00edtico, para a prefeitura de Salvador. Questionado sobre se essas siglas perderiam espa\u00e7os no&hellip;","jetpack_sharing_enabled":true,"jetpack_likes_enabled":true,"_links":{"self":[{"href":"https:\/\/blogopara.com.br\/index.php\/wp-json\/wp\/v2\/posts\/13957","targetHints":{"allow":["GET"]}}],"collection":[{"href":"https:\/\/blogopara.com.br\/index.php\/wp-json\/wp\/v2\/posts"}],"about":[{"href":"https:\/\/blogopara.com.br\/index.php\/wp-json\/wp\/v2\/types\/post"}],"author":[{"embeddable":true,"href":"https:\/\/blogopara.com.br\/index.php\/wp-json\/wp\/v2\/users\/1"}],"replies":[{"embeddable":true,"href":"https:\/\/blogopara.com.br\/index.php\/wp-json\/wp\/v2\/comments?post=13957"}],"version-history":[{"count":1,"href":"https:\/\/blogopara.com.br\/index.php\/wp-json\/wp\/v2\/posts\/13957\/revisions"}],"predecessor-version":[{"id":13959,"href":"https:\/\/blogopara.com.br\/index.php\/wp-json\/wp\/v2\/posts\/13957\/revisions\/13959"}],"wp:featuredmedia":[{"embeddable":true,"href":"https:\/\/blogopara.com.br\/index.php\/wp-json\/wp\/v2\/media\/13958"}],"wp:attachment":[{"href":"https:\/\/blogopara.com.br\/index.php\/wp-json\/wp\/v2\/media?parent=13957"}],"wp:term":[{"taxonomy":"category","embeddable":true,"href":"https:\/\/blogopara.com.br\/index.php\/wp-json\/wp\/v2\/categories?post=13957"},{"taxonomy":"post_tag","embeddable":true,"href":"https:\/\/blogopara.com.br\/index.php\/wp-json\/wp\/v2\/tags?post=13957"}],"curies":[{"name":"wp","href":"https:\/\/api.w.org\/{rel}","templated":true}]}}