{"id":14014,"date":"2020-09-04T14:48:02","date_gmt":"2020-09-04T17:48:02","guid":{"rendered":"http:\/\/blogopara.com.br\/?p=14014"},"modified":"2020-09-04T14:48:08","modified_gmt":"2020-09-04T17:48:08","slug":"eleicoes-2020-psdb-marca-a-data-da-sua-convencao-partidaria","status":"publish","type":"post","link":"https:\/\/blogopara.com.br\/index.php\/2020\/09\/04\/eleicoes-2020-psdb-marca-a-data-da-sua-convencao-partidaria","title":{"rendered":"Elei\u00e7\u00f5es 2020: PSDB marca a data da sua Conven\u00e7\u00e3o Partid\u00e1ria"},"content":{"rendered":"<p style=\"text-align: justify;\">A presidente da Comiss\u00e3o Provisoria do Partido Social Democracia Brasileira &#8211; PSDB, Suzana Ramos, de acordo com o Estatuto partid\u00e1rio e a legisla\u00e7\u00e3o eleitoral, convoca os filiados e pr\u00e9-candidatos a cargos eletivos, para comparecerem a Conven\u00e7\u00e3o Municipal do Partido, a ser realizada no dia 15 de setembro de 2020, \u00e0s 17 horas, no espa\u00e7o de eventos Rica Festa, situado na rua Turmalina antiga, bairro Ant\u00f4nio Conselheiro.<\/p>\n<p>A Conven\u00e7\u00e3o ter\u00e1 a seguinte Ordem do Dia:<\/p>\n<p>1- Escolha de candidatos a prefeito e vice-refeito,<\/p>\n<p>2- Escolha de candidatos a vereador;<\/p>\n<p>3- Sorteio dos respectivos n\u00fameros para candidatos a vereador e outros assuntos de interesse partid\u00e1rio e eleitoral.<\/p>\n","protected":false},"excerpt":{"rendered":"<p>A presidente da Comiss\u00e3o Provisoria do Partido Social Democracia Brasileira &#8211; PSDB, Suzana Ramos, de acordo com o Estatuto partid\u00e1rio e a legisla\u00e7\u00e3o eleitoral, convoca os filiados e pr\u00e9-candidatos a cargos eletivos, para comparecerem a Conven\u00e7\u00e3o Municipal do Partido, a ser realizada no dia 15 de setembro de 2020, \u00e0s 17 horas, no espa\u00e7o de [&hellip;]<\/p>\n","protected":false},"author":1,"featured_media":14015,"comment_status":"open","ping_status":"open","sticky":false,"template":"","format":"standard","meta":{"_uag_custom_page_level_css":"","_monsterinsights_skip_tracking":false,"_monsterinsights_sitenote_active":false,"_monsterinsights_sitenote_note":"","_monsterinsights_sitenote_category":0,"jetpack_post_was_ever_published":false,"_jetpack_newsletter_access":"","_jetpack_dont_email_post_to_subs":false,"_jetpack_newsletter_tier_id":0,"_jetpack_memberships_contains_paywalled_content":false,"_jetpack_memberships_contains_paid_content":false,"footnotes":"","jetpack_publicize_message":"","jetpack_publicize_feature_enabled":true,"jetpack_social_post_already_shared":true,"jetpack_social_options":{"image_generator_settings":{"template":"highway","default_image_id":0,"font":"","enabled":false},"version":2}},"categories":[203,197],"tags":[],"class_list":["post-14014","post","type-post","status-publish","format-standard","has-post-thumbnail","hentry","category-juazeiro","category-politica"],"jetpack_publicize_connections":[],"jetpack_featured_media_url":"https:\/\/blogopara.com.br\/wp-content\/uploads\/2020\/09\/2c3b4fd247f41f3bf1cb9c81af29eefb1564178271.jpg","uagb_featured_image_src":{"full":["https:\/\/blogopara.com.br\/wp-content\/uploads\/2020\/09\/2c3b4fd247f41f3bf1cb9c81af29eefb1564178271.jpg",500,356,false],"thumbnail":["https:\/\/blogopara.com.br\/wp-content\/uploads\/2020\/09\/2c3b4fd247f41f3bf1cb9c81af29eefb1564178271-150x150.jpg",150,150,true],"medium":["https:\/\/blogopara.com.br\/wp-content\/uploads\/2020\/09\/2c3b4fd247f41f3bf1cb9c81af29eefb1564178271-300x214.jpg",300,214,true],"medium_large":["https:\/\/blogopara.com.br\/wp-content\/uploads\/2020\/09\/2c3b4fd247f41f3bf1cb9c81af29eefb1564178271.jpg",500,356,false],"large":["https:\/\/blogopara.com.br\/wp-content\/uploads\/2020\/09\/2c3b4fd247f41f3bf1cb9c81af29eefb1564178271.jpg",500,356,false],"1536x1536":["https:\/\/blogopara.com.br\/wp-content\/uploads\/2020\/09\/2c3b4fd247f41f3bf1cb9c81af29eefb1564178271.jpg",500,356,false],"2048x2048":["https:\/\/blogopara.com.br\/wp-content\/uploads\/2020\/09\/2c3b4fd247f41f3bf1cb9c81af29eefb1564178271.jpg",500,356,false],"mantranews-slider-large":["https:\/\/blogopara.com.br\/wp-content\/uploads\/2020\/09\/2c3b4fd247f41f3bf1cb9c81af29eefb1564178271.jpg",500,356,false],"mantranews-featured-medium":["https:\/\/blogopara.com.br\/wp-content\/uploads\/2020\/09\/2c3b4fd247f41f3bf1cb9c81af29eefb1564178271-420x307.jpg",420,307,true],"mantranews-featured-long":["https:\/\/blogopara.com.br\/wp-content\/uploads\/2020\/09\/2c3b4fd247f41f3bf1cb9c81af29eefb1564178271-300x356.jpg",300,356,true],"mantranews-block-medium":["https:\/\/blogopara.com.br\/wp-content\/uploads\/2020\/09\/2c3b4fd247f41f3bf1cb9c81af29eefb1564178271-464x290.jpg",464,290,true],"mantranews-carousel-image":["https:\/\/blogopara.com.br\/wp-content\/uploads\/2020\/09\/2c3b4fd247f41f3bf1cb9c81af29eefb1564178271.jpg",500,356,false],"mantranews-block-thumb":["https:\/\/blogopara.com.br\/wp-content\/uploads\/2020\/09\/2c3b4fd247f41f3bf1cb9c81af29eefb1564178271-322x230.jpg",322,230,true],"mantranews-single-large":["https:\/\/blogopara.com.br\/wp-content\/uploads\/2020\/09\/2c3b4fd247f41f3bf1cb9c81af29eefb1564178271.jpg",500,356,false]},"uagb_author_info":{"display_name":"Reda\u00e7\u00e3o geral","author_link":"https:\/\/blogopara.com.br\/index.php\/author\/blogopara"},"uagb_comment_info":0,"uagb_excerpt":"A presidente da Comiss\u00e3o Provisoria do Partido Social Democracia Brasileira &#8211; PSDB, Suzana Ramos, de acordo com o Estatuto partid\u00e1rio e a legisla\u00e7\u00e3o eleitoral, convoca os filiados e pr\u00e9-candidatos a cargos eletivos, para comparecerem a Conven\u00e7\u00e3o Municipal do Partido, a ser realizada no dia 15 de setembro de 2020, \u00e0s 17 horas, no espa\u00e7o de&hellip;","jetpack_sharing_enabled":true,"jetpack_likes_enabled":true,"_links":{"self":[{"href":"https:\/\/blogopara.com.br\/index.php\/wp-json\/wp\/v2\/posts\/14014","targetHints":{"allow":["GET"]}}],"collection":[{"href":"https:\/\/blogopara.com.br\/index.php\/wp-json\/wp\/v2\/posts"}],"about":[{"href":"https:\/\/blogopara.com.br\/index.php\/wp-json\/wp\/v2\/types\/post"}],"author":[{"embeddable":true,"href":"https:\/\/blogopara.com.br\/index.php\/wp-json\/wp\/v2\/users\/1"}],"replies":[{"embeddable":true,"href":"https:\/\/blogopara.com.br\/index.php\/wp-json\/wp\/v2\/comments?post=14014"}],"version-history":[{"count":1,"href":"https:\/\/blogopara.com.br\/index.php\/wp-json\/wp\/v2\/posts\/14014\/revisions"}],"predecessor-version":[{"id":14016,"href":"https:\/\/blogopara.com.br\/index.php\/wp-json\/wp\/v2\/posts\/14014\/revisions\/14016"}],"wp:featuredmedia":[{"embeddable":true,"href":"https:\/\/blogopara.com.br\/index.php\/wp-json\/wp\/v2\/media\/14015"}],"wp:attachment":[{"href":"https:\/\/blogopara.com.br\/index.php\/wp-json\/wp\/v2\/media?parent=14014"}],"wp:term":[{"taxonomy":"category","embeddable":true,"href":"https:\/\/blogopara.com.br\/index.php\/wp-json\/wp\/v2\/categories?post=14014"},{"taxonomy":"post_tag","embeddable":true,"href":"https:\/\/blogopara.com.br\/index.php\/wp-json\/wp\/v2\/tags?post=14014"}],"curies":[{"name":"wp","href":"https:\/\/api.w.org\/{rel}","templated":true}]}}