{"id":14017,"date":"2020-09-05T08:03:35","date_gmt":"2020-09-05T11:03:35","guid":{"rendered":"http:\/\/blogopara.com.br\/?p=14017"},"modified":"2020-09-04T15:06:57","modified_gmt":"2020-09-04T18:06:57","slug":"eleicoes-2020-dem-confirma-convencao-para-o-proximo-dia-14-em-juazeiro-ba","status":"publish","type":"post","link":"https:\/\/blogopara.com.br\/index.php\/2020\/09\/05\/eleicoes-2020-dem-confirma-convencao-para-o-proximo-dia-14-em-juazeiro-ba","title":{"rendered":"Elei\u00e7\u00f5es 2020: DEM confirma Conven\u00e7\u00e3o para o pr\u00f3ximo dia 14 em Juazeiro (BA)"},"content":{"rendered":"<p style=\"text-align: justify;\">O presidente em exerc\u00edcio da Comiss\u00e3o Provis\u00f3ria do Partido Democratas em Juazeiro\/BA, Luciano Lustosa, convoca todos os filiados e pr\u00e9-candidatos para a Convec\u00e7\u00e3o partid\u00e1ria da legenda para o dia 14 de setembro.<\/p>\n<p style=\"text-align: justify;\">\u201cConsiderando que o Estatuto do Partido Democratas &#8211; DEM, em seu art. 48, determina que o Edital de Convoca\u00e7\u00e3o para realiza\u00e7\u00e3o de Conven\u00e7\u00e3o Municipal seja publicado com 10 (dez) dias de anteced\u00eancia ao dia da Conven\u00e7\u00e3o, solicitamos, por gentileza, que seja divulgado nesse importante \u00f3rg\u00e3o de imprensa, o convite, bem como o Edital da nossa Conven\u00e7\u00e3o, o qual dever\u00e1 ser o conte\u00fado principal da mat\u00e9ria\u201d expressou Luciano Lustosa.<\/p>\n<p style=\"text-align: justify;\">O evento devera ratificar o nome do Coronel Anselmo Bispo como o candidato do Democratas para prefeitura de Juazeiro no pleito deste ano.<\/p>\n<p style=\"text-align: justify;\">\n<p style=\"text-align: justify;\">\n","protected":false},"excerpt":{"rendered":"<p>O presidente em exerc\u00edcio da Comiss\u00e3o Provis\u00f3ria do Partido Democratas em Juazeiro\/BA, Luciano Lustosa, convoca todos os filiados e pr\u00e9-candidatos para a Convec\u00e7\u00e3o partid\u00e1ria da legenda para o dia 14 de setembro. \u201cConsiderando que o Estatuto do Partido Democratas &#8211; DEM, em seu art. 48, determina que o Edital de Convoca\u00e7\u00e3o para realiza\u00e7\u00e3o de Conven\u00e7\u00e3o [&hellip;]<\/p>\n","protected":false},"author":1,"featured_media":14018,"comment_status":"open","ping_status":"open","sticky":false,"template":"","format":"standard","meta":{"_uag_custom_page_level_css":"","_monsterinsights_skip_tracking":false,"_monsterinsights_sitenote_active":false,"_monsterinsights_sitenote_note":"","_monsterinsights_sitenote_category":0,"jetpack_post_was_ever_published":false,"_jetpack_newsletter_access":"","_jetpack_dont_email_post_to_subs":false,"_jetpack_newsletter_tier_id":0,"_jetpack_memberships_contains_paywalled_content":false,"_jetpack_memberships_contains_paid_content":false,"footnotes":"","jetpack_publicize_message":"","jetpack_publicize_feature_enabled":true,"jetpack_social_post_already_shared":true,"jetpack_social_options":{"image_generator_settings":{"template":"highway","default_image_id":0,"font":"","enabled":false},"version":2}},"categories":[203,197],"tags":[],"class_list":["post-14017","post","type-post","status-publish","format-standard","has-post-thumbnail","hentry","category-juazeiro","category-politica"],"jetpack_publicize_connections":[],"jetpack_featured_media_url":"https:\/\/blogopara.com.br\/wp-content\/uploads\/2020\/09\/WhatsApp-Image-2020-09-04-at-08.47.04.jpeg","uagb_featured_image_src":{"full":["https:\/\/blogopara.com.br\/wp-content\/uploads\/2020\/09\/WhatsApp-Image-2020-09-04-at-08.47.04.jpeg",500,629,false],"thumbnail":["https:\/\/blogopara.com.br\/wp-content\/uploads\/2020\/09\/WhatsApp-Image-2020-09-04-at-08.47.04-150x150.jpeg",150,150,true],"medium":["https:\/\/blogopara.com.br\/wp-content\/uploads\/2020\/09\/WhatsApp-Image-2020-09-04-at-08.47.04-238x300.jpeg",238,300,true],"medium_large":["https:\/\/blogopara.com.br\/wp-content\/uploads\/2020\/09\/WhatsApp-Image-2020-09-04-at-08.47.04.jpeg",500,629,false],"large":["https:\/\/blogopara.com.br\/wp-content\/uploads\/2020\/09\/WhatsApp-Image-2020-09-04-at-08.47.04.jpeg",500,629,false],"1536x1536":["https:\/\/blogopara.com.br\/wp-content\/uploads\/2020\/09\/WhatsApp-Image-2020-09-04-at-08.47.04.jpeg",500,629,false],"2048x2048":["https:\/\/blogopara.com.br\/wp-content\/uploads\/2020\/09\/WhatsApp-Image-2020-09-04-at-08.47.04.jpeg",500,629,false],"mantranews-slider-large":["https:\/\/blogopara.com.br\/wp-content\/uploads\/2020\/09\/WhatsApp-Image-2020-09-04-at-08.47.04.jpeg",500,629,false],"mantranews-featured-medium":["https:\/\/blogopara.com.br\/wp-content\/uploads\/2020\/09\/WhatsApp-Image-2020-09-04-at-08.47.04-420x307.jpeg",420,307,true],"mantranews-featured-long":["https:\/\/blogopara.com.br\/wp-content\/uploads\/2020\/09\/WhatsApp-Image-2020-09-04-at-08.47.04-300x443.jpeg",300,443,true],"mantranews-block-medium":["https:\/\/blogopara.com.br\/wp-content\/uploads\/2020\/09\/WhatsApp-Image-2020-09-04-at-08.47.04-464x290.jpeg",464,290,true],"mantranews-carousel-image":["https:\/\/blogopara.com.br\/wp-content\/uploads\/2020\/09\/WhatsApp-Image-2020-09-04-at-08.47.04-500x500.jpeg",500,500,true],"mantranews-block-thumb":["https:\/\/blogopara.com.br\/wp-content\/uploads\/2020\/09\/WhatsApp-Image-2020-09-04-at-08.47.04-322x230.jpeg",322,230,true],"mantranews-single-large":["https:\/\/blogopara.com.br\/wp-content\/uploads\/2020\/09\/WhatsApp-Image-2020-09-04-at-08.47.04.jpeg",500,629,false]},"uagb_author_info":{"display_name":"Reda\u00e7\u00e3o geral","author_link":"https:\/\/blogopara.com.br\/index.php\/author\/blogopara"},"uagb_comment_info":0,"uagb_excerpt":"O presidente em exerc\u00edcio da Comiss\u00e3o Provis\u00f3ria do Partido Democratas em Juazeiro\/BA, Luciano Lustosa, convoca todos os filiados e pr\u00e9-candidatos para a Convec\u00e7\u00e3o partid\u00e1ria da legenda para o dia 14 de setembro. \u201cConsiderando que o Estatuto do Partido Democratas &#8211; DEM, em seu art. 48, determina que o Edital de Convoca\u00e7\u00e3o para realiza\u00e7\u00e3o de Conven\u00e7\u00e3o&hellip;","jetpack_sharing_enabled":true,"jetpack_likes_enabled":true,"_links":{"self":[{"href":"https:\/\/blogopara.com.br\/index.php\/wp-json\/wp\/v2\/posts\/14017","targetHints":{"allow":["GET"]}}],"collection":[{"href":"https:\/\/blogopara.com.br\/index.php\/wp-json\/wp\/v2\/posts"}],"about":[{"href":"https:\/\/blogopara.com.br\/index.php\/wp-json\/wp\/v2\/types\/post"}],"author":[{"embeddable":true,"href":"https:\/\/blogopara.com.br\/index.php\/wp-json\/wp\/v2\/users\/1"}],"replies":[{"embeddable":true,"href":"https:\/\/blogopara.com.br\/index.php\/wp-json\/wp\/v2\/comments?post=14017"}],"version-history":[{"count":1,"href":"https:\/\/blogopara.com.br\/index.php\/wp-json\/wp\/v2\/posts\/14017\/revisions"}],"predecessor-version":[{"id":14019,"href":"https:\/\/blogopara.com.br\/index.php\/wp-json\/wp\/v2\/posts\/14017\/revisions\/14019"}],"wp:featuredmedia":[{"embeddable":true,"href":"https:\/\/blogopara.com.br\/index.php\/wp-json\/wp\/v2\/media\/14018"}],"wp:attachment":[{"href":"https:\/\/blogopara.com.br\/index.php\/wp-json\/wp\/v2\/media?parent=14017"}],"wp:term":[{"taxonomy":"category","embeddable":true,"href":"https:\/\/blogopara.com.br\/index.php\/wp-json\/wp\/v2\/categories?post=14017"},{"taxonomy":"post_tag","embeddable":true,"href":"https:\/\/blogopara.com.br\/index.php\/wp-json\/wp\/v2\/tags?post=14017"}],"curies":[{"name":"wp","href":"https:\/\/api.w.org\/{rel}","templated":true}]}}