{"id":14020,"date":"2020-09-05T07:54:03","date_gmt":"2020-09-05T10:54:03","guid":{"rendered":"http:\/\/blogopara.com.br\/?p=14020"},"modified":"2020-09-04T18:58:50","modified_gmt":"2020-09-04T21:58:50","slug":"em-plena-pandemia-territorios-tradicionais-de-fundo-de-pasto-de-curaca-sao-ameacadas-pela-mineracao-caraiba","status":"publish","type":"post","link":"https:\/\/blogopara.com.br\/index.php\/2020\/09\/05\/em-plena-pandemia-territorios-tradicionais-de-fundo-de-pasto-de-curaca-sao-ameacadas-pela-mineracao-caraiba","title":{"rendered":"Em plena pandemia, territ\u00f3rios tradicionais de fundo de pasto de Cura\u00e7\u00e1 s\u00e3o amea\u00e7adas pela Minera\u00e7\u00e3o Cara\u00edba"},"content":{"rendered":"<p style=\"text-align: justify;\">A vida das fam\u00edlias que moram nas Comunidades Tradicionais de Fundo de Pasto Vargem Comprida e Esfomeado, em Cura\u00e7\u00e1-BA, encontra-se amea\u00e7ada pela a\u00e7\u00e3o da Minera\u00e7\u00e3o Cara\u00edba. Segundo den\u00fancias de moradoras e moradores, que preferem n\u00e3o se identificar, a empresa amea\u00e7a entrar nos territ\u00f3rios coletivos para realiza\u00e7\u00e3o de atividades minerarias, expondo a risco de contamina\u00e7\u00e3o os moradores, degradando a natureza e afetando o modo de vida das comunidades. De acordo com fam\u00edlias da regi\u00e3o, a Mineradora est\u00e1 realizando reuni\u00f5es, promovendo aglomera\u00e7\u00f5es em plena pandemia, mesmo as comunidades tendo informado em documento que n\u00e3o querem reuni\u00f5es presenciais neste momento, haja vista a necessidade de preserva\u00e7\u00e3o da sa\u00fade das fam\u00edlias que ali residem h\u00e1 v\u00e1rias gera\u00e7\u00f5es.<\/p>\n<p style=\"text-align: justify;\">Ainda mais que muitas pessoas das comunidades s\u00e3o do grupo de risco. As comunidades tamb\u00e9m informaram \u00e0 empresa que n\u00e3o autorizam a entrada da referida mineradora no territ\u00f3rio coletivo. Ao longo dos anos as comunidades de Vargem Comprida e Esfomeado v\u00eam em luta permanente na defesa de seu territ\u00f3rio e contra a grilagem de terra. \u201cAgora, devido aos empreendimentos minerais, a luta se torna mais pesada, porque toda vez que a minera\u00e7\u00e3o mostra interesse no territ\u00f3rio os \u00e2nimos se alteram. J\u00e1 houve amea\u00e7a de morte e desrespeito com a popula\u00e7\u00e3o\u201d, afirmam as comunidades. Segundo relatos, existem diversas situa\u00e7\u00f5es constrangedoras como a assinatura de contratos indevidos. As fam\u00edlias vivem no modo de vida de comunidades tradicionais de Fundo de Pasto, tendo inclusive a certid\u00e3o de autoreconhecimento expedida pela SEPROMI, nos termos da Lei 12.910\/2013.<\/p>\n<p style=\"text-align: justify;\">Estas comunidades s\u00e3o protegidas por diversas normas, as quais est\u00e3o sendo desrespeitadas pela empresa. Entre as viola\u00e7\u00f5es, destaca-se o desrespeito ao direito de consulta pr\u00e9via, livre e informada, que garante \u00e0s comunidades tradicionais o direito de decidirem se determinado empreendimento pode entrar em seus territ\u00f3rios. Al\u00e9m disso, a empresa desrespeita normas ambientais, como o art. 142-C do Decreto Estadual n\u00ba 14.024\/2014, que obriga as mineradoras a fazer o licenciamento ambiental antes da pesquisa de min\u00e9rios quando interferir em comunidades tradicionais. Empreendimentos como a minera\u00e7\u00e3o colocam em risco esse direito conquistado pelas Comunidades Tradicionais e toda forma tradicional de vida desses povos.<\/p>\n<p style=\"text-align: justify;\">Assim, a Degrada\u00e7\u00e3o da caatinga provocada pela empresa Em plena pandemia a empresa realiza atividades Comunidades de Fundo de Pasto Vargem Comprida e Esfomeado refor\u00e7am o seu direito ao territ\u00f3rio tradicional, ao meio ambiente e ao isolamento social e pedem apoio diante das investidas da empresa! As comunidades ainda destacam que a regi\u00e3o j\u00e1 sofreu contamina\u00e7\u00e3o das \u00e1guas e dos solos por causa de acidentes decorrentes de atividade miner\u00e1ria.<\/p>\n<p style=\"text-align: justify;\">Articula\u00e7\u00e3o Regional das Comunidades Tradicionais de Fundos de Pasto &#8211; Canudos, Uau\u00e1 e Cura\u00e7\u00e1.<\/p>\n","protected":false},"excerpt":{"rendered":"<p>A vida das fam\u00edlias que moram nas Comunidades Tradicionais de Fundo de Pasto Vargem Comprida e Esfomeado, em Cura\u00e7\u00e1-BA, encontra-se amea\u00e7ada pela a\u00e7\u00e3o da Minera\u00e7\u00e3o Cara\u00edba. Segundo den\u00fancias de moradoras e moradores, que preferem n\u00e3o se identificar, a empresa amea\u00e7a entrar nos territ\u00f3rios coletivos para realiza\u00e7\u00e3o de atividades minerarias, expondo a risco de contamina\u00e7\u00e3o os [&hellip;]<\/p>\n","protected":false},"author":1,"featured_media":14021,"comment_status":"open","ping_status":"open","sticky":false,"template":"","format":"standard","meta":{"_uag_custom_page_level_css":"","_monsterinsights_skip_tracking":false,"_monsterinsights_sitenote_active":false,"_monsterinsights_sitenote_note":"","_monsterinsights_sitenote_category":0,"jetpack_post_was_ever_published":false,"_jetpack_newsletter_access":"","_jetpack_dont_email_post_to_subs":false,"_jetpack_newsletter_tier_id":0,"_jetpack_memberships_contains_paywalled_content":false,"_jetpack_memberships_contains_paid_content":false,"footnotes":"","jetpack_publicize_message":"","jetpack_publicize_feature_enabled":true,"jetpack_social_post_already_shared":true,"jetpack_social_options":{"image_generator_settings":{"template":"highway","default_image_id":0,"font":"","enabled":false},"version":2}},"categories":[203],"tags":[],"class_list":["post-14020","post","type-post","status-publish","format-standard","has-post-thumbnail","hentry","category-juazeiro"],"jetpack_publicize_connections":[],"jetpack_featured_media_url":"https:\/\/blogopara.com.br\/wp-content\/uploads\/2020\/09\/Esfomeado.jpg","uagb_featured_image_src":{"full":["https:\/\/blogopara.com.br\/wp-content\/uploads\/2020\/09\/Esfomeado.jpg",418,257,false],"thumbnail":["https:\/\/blogopara.com.br\/wp-content\/uploads\/2020\/09\/Esfomeado-150x150.jpg",150,150,true],"medium":["https:\/\/blogopara.com.br\/wp-content\/uploads\/2020\/09\/Esfomeado-300x184.jpg",300,184,true],"medium_large":["https:\/\/blogopara.com.br\/wp-content\/uploads\/2020\/09\/Esfomeado.jpg",418,257,false],"large":["https:\/\/blogopara.com.br\/wp-content\/uploads\/2020\/09\/Esfomeado.jpg",418,257,false],"1536x1536":["https:\/\/blogopara.com.br\/wp-content\/uploads\/2020\/09\/Esfomeado.jpg",418,257,false],"2048x2048":["https:\/\/blogopara.com.br\/wp-content\/uploads\/2020\/09\/Esfomeado.jpg",418,257,false],"mantranews-slider-large":["https:\/\/blogopara.com.br\/wp-content\/uploads\/2020\/09\/Esfomeado.jpg",418,257,false],"mantranews-featured-medium":["https:\/\/blogopara.com.br\/wp-content\/uploads\/2020\/09\/Esfomeado.jpg",418,257,false],"mantranews-featured-long":["https:\/\/blogopara.com.br\/wp-content\/uploads\/2020\/09\/Esfomeado-300x257.jpg",300,257,true],"mantranews-block-medium":["https:\/\/blogopara.com.br\/wp-content\/uploads\/2020\/09\/Esfomeado.jpg",418,257,false],"mantranews-carousel-image":["https:\/\/blogopara.com.br\/wp-content\/uploads\/2020\/09\/Esfomeado.jpg",418,257,false],"mantranews-block-thumb":["https:\/\/blogopara.com.br\/wp-content\/uploads\/2020\/09\/Esfomeado-322x230.jpg",322,230,true],"mantranews-single-large":["https:\/\/blogopara.com.br\/wp-content\/uploads\/2020\/09\/Esfomeado.jpg",418,257,false]},"uagb_author_info":{"display_name":"Reda\u00e7\u00e3o geral","author_link":"https:\/\/blogopara.com.br\/index.php\/author\/blogopara"},"uagb_comment_info":0,"uagb_excerpt":"A vida das fam\u00edlias que moram nas Comunidades Tradicionais de Fundo de Pasto Vargem Comprida e Esfomeado, em Cura\u00e7\u00e1-BA, encontra-se amea\u00e7ada pela a\u00e7\u00e3o da Minera\u00e7\u00e3o Cara\u00edba. Segundo den\u00fancias de moradoras e moradores, que preferem n\u00e3o se identificar, a empresa amea\u00e7a entrar nos territ\u00f3rios coletivos para realiza\u00e7\u00e3o de atividades minerarias, expondo a risco de contamina\u00e7\u00e3o os&hellip;","jetpack_sharing_enabled":true,"jetpack_likes_enabled":true,"_links":{"self":[{"href":"https:\/\/blogopara.com.br\/index.php\/wp-json\/wp\/v2\/posts\/14020","targetHints":{"allow":["GET"]}}],"collection":[{"href":"https:\/\/blogopara.com.br\/index.php\/wp-json\/wp\/v2\/posts"}],"about":[{"href":"https:\/\/blogopara.com.br\/index.php\/wp-json\/wp\/v2\/types\/post"}],"author":[{"embeddable":true,"href":"https:\/\/blogopara.com.br\/index.php\/wp-json\/wp\/v2\/users\/1"}],"replies":[{"embeddable":true,"href":"https:\/\/blogopara.com.br\/index.php\/wp-json\/wp\/v2\/comments?post=14020"}],"version-history":[{"count":1,"href":"https:\/\/blogopara.com.br\/index.php\/wp-json\/wp\/v2\/posts\/14020\/revisions"}],"predecessor-version":[{"id":14022,"href":"https:\/\/blogopara.com.br\/index.php\/wp-json\/wp\/v2\/posts\/14020\/revisions\/14022"}],"wp:featuredmedia":[{"embeddable":true,"href":"https:\/\/blogopara.com.br\/index.php\/wp-json\/wp\/v2\/media\/14021"}],"wp:attachment":[{"href":"https:\/\/blogopara.com.br\/index.php\/wp-json\/wp\/v2\/media?parent=14020"}],"wp:term":[{"taxonomy":"category","embeddable":true,"href":"https:\/\/blogopara.com.br\/index.php\/wp-json\/wp\/v2\/categories?post=14020"},{"taxonomy":"post_tag","embeddable":true,"href":"https:\/\/blogopara.com.br\/index.php\/wp-json\/wp\/v2\/tags?post=14020"}],"curies":[{"name":"wp","href":"https:\/\/api.w.org\/{rel}","templated":true}]}}