{"id":14025,"date":"2020-09-05T14:00:30","date_gmt":"2020-09-05T17:00:30","guid":{"rendered":"http:\/\/blogopara.com.br\/?p=14025"},"modified":"2020-09-05T20:56:13","modified_gmt":"2020-09-05T23:56:13","slug":"juazeiro-paulo-bomfim-copia-prefeito-de-petrolina-mas-nao-cola","status":"publish","type":"post","link":"https:\/\/blogopara.com.br\/index.php\/2020\/09\/05\/juazeiro-paulo-bomfim-copia-prefeito-de-petrolina-mas-nao-cola","title":{"rendered":"Juazeiro: Paulo Bomfim copia prefeito de Petrolina, mas n\u00e3o cola"},"content":{"rendered":"<p>Durante uma reuni\u00e3o com cargos comissionados o prefeito Paulo Bomfim (PT) reclamou da oposi\u00e7\u00e3o quer compar\u00e1-lo com o prefeito de Petrolina\/PE, Miguel Coelho. &#8220;Uma meia d\u00fazia nas redes sociais, ficam me comparando com o prefeito de Petrolina&#8221;.<\/p>\n<p style=\"text-align: justify;\">A compara\u00e7\u00e3o \u00e9 com o volume de obras, a mudan\u00e7a na infraestrutura de Petrolina, no enfrentamento a pandemia, e sobretudo, com as obras que cumprem prazos estabelecidos.<\/p>\n<p style=\"text-align: justify;\">No m\u00eas maio deste ano, o prefeito de Petrolina, quando foi inaugurar a ilumina\u00e7\u00e3o da Estrada Banana, primeiro mostrou como a via estava escura para na sequ\u00eancia acionar a ilumina\u00e7\u00e3o.<\/p>\n<p style=\"text-align: justify;\">Na \u00faltima sexta-feira (04) o prefeito de Juazeiro, copiou literalmente a forma e o conte\u00fado do v\u00eddeo de Miguel Coelho, com enormes diferen\u00e7as, primeiro o prefeito de Petrolina diz quanto custou a obra. Segundo, em Petrolina antes n\u00e3o exista ilumina\u00e7\u00e3o naquele trecho, e terceiro, no futuro, o munic\u00edpio de Juazeiro vai ter novas despesas quando for para duplicar a via.<\/p>\n<p style=\"text-align: justify;\">As diferen\u00e7as entre as duas obras \u00e9 tamb\u00e9m pelo fato da ilumina\u00e7\u00e3o em Juazeiro ter sido feito \u00e0s v\u00e9speras de uma elei\u00e7\u00e3o, ap\u00f3s mais de sete anos de escurid\u00e3o, transtornos para a popula\u00e7\u00e3o, acidentes e assaltos.<\/p>\n<p style=\"text-align: justify;\">O trecho que o prefeito Paulo Bomfim, &#8220;inaugurou a ilumina\u00e7\u00e3o&#8221;, estima-se que o munic\u00edpio j\u00e1 gastou mais de 500 mil reais para retirar os postes em 2014, na gest\u00e3o de Isaac Carvalho, com a fantasiosa obra da travessia urbana e do anel vi\u00e1rio, e agora para recolocar os postes no local.<\/p>\n<p>Assistam os v\u00eddeos:<\/p>\n<div style=\"width: 640px;\" class=\"wp-video\"><!--[if lt IE 9]><script>document.createElement('video');<\/script><![endif]-->\n<video class=\"wp-video-shortcode\" id=\"video-14025-1\" width=\"640\" height=\"362\" preload=\"metadata\" controls=\"controls\"><source type=\"video\/mp4\" src=\"https:\/\/blogopara.com.br\/wp-content\/uploads\/2020\/09\/WhatsApp-Video-2020-09-05-at-13.26.09.mp4?_=1\" \/><a href=\"https:\/\/blogopara.com.br\/wp-content\/uploads\/2020\/09\/WhatsApp-Video-2020-09-05-at-13.26.09.mp4\">https:\/\/blogopara.com.br\/wp-content\/uploads\/2020\/09\/WhatsApp-Video-2020-09-05-at-13.26.09.mp4<\/a><\/video><\/div>\n<div style=\"width: 640px;\" class=\"wp-video\"><video class=\"wp-video-shortcode\" id=\"video-14025-2\" width=\"640\" height=\"361\" preload=\"metadata\" controls=\"controls\"><source type=\"video\/mp4\" src=\"https:\/\/blogopara.com.br\/wp-content\/uploads\/2020\/09\/100445381_712319999580533_5860022581857040468_n.mp4?_=2\" \/><a href=\"https:\/\/blogopara.com.br\/wp-content\/uploads\/2020\/09\/100445381_712319999580533_5860022581857040468_n.mp4\">https:\/\/blogopara.com.br\/wp-content\/uploads\/2020\/09\/100445381_712319999580533_5860022581857040468_n.mp4<\/a><\/video><\/div>\n","protected":false},"excerpt":{"rendered":"<p>Durante uma reuni\u00e3o com cargos comissionados o prefeito Paulo Bomfim (PT) reclamou da oposi\u00e7\u00e3o quer compar\u00e1-lo com o prefeito de Petrolina\/PE, Miguel Coelho. &#8220;Uma meia d\u00fazia nas redes sociais, ficam me comparando com o prefeito de Petrolina&#8221;. A compara\u00e7\u00e3o \u00e9 com o volume de obras, a mudan\u00e7a na infraestrutura de Petrolina, no enfrentamento a pandemia, [&hellip;]<\/p>\n","protected":false},"author":1,"featured_media":14028,"comment_status":"open","ping_status":"open","sticky":false,"template":"","format":"standard","meta":{"_uag_custom_page_level_css":"","_monsterinsights_skip_tracking":false,"_monsterinsights_sitenote_active":false,"_monsterinsights_sitenote_note":"","_monsterinsights_sitenote_category":0,"jetpack_post_was_ever_published":false,"_jetpack_newsletter_access":"","_jetpack_dont_email_post_to_subs":false,"_jetpack_newsletter_tier_id":0,"_jetpack_memberships_contains_paywalled_content":false,"_jetpack_memberships_contains_paid_content":false,"footnotes":"","jetpack_publicize_message":"","jetpack_publicize_feature_enabled":true,"jetpack_social_post_already_shared":true,"jetpack_social_options":{"image_generator_settings":{"template":"highway","default_image_id":0,"font":"","enabled":false},"version":2}},"categories":[203,197],"tags":[],"class_list":["post-14025","post","type-post","status-publish","format-standard","has-post-thumbnail","hentry","category-juazeiro","category-politica"],"jetpack_publicize_connections":[],"jetpack_featured_media_url":"https:\/\/blogopara.com.br\/wp-content\/uploads\/2020\/09\/Design-sem-nome-6.jpg","uagb_featured_image_src":{"full":["https:\/\/blogopara.com.br\/wp-content\/uploads\/2020\/09\/Design-sem-nome-6.jpg",500,500,false],"thumbnail":["https:\/\/blogopara.com.br\/wp-content\/uploads\/2020\/09\/Design-sem-nome-6-150x150.jpg",150,150,true],"medium":["https:\/\/blogopara.com.br\/wp-content\/uploads\/2020\/09\/Design-sem-nome-6-300x300.jpg",300,300,true],"medium_large":["https:\/\/blogopara.com.br\/wp-content\/uploads\/2020\/09\/Design-sem-nome-6.jpg",500,500,false],"large":["https:\/\/blogopara.com.br\/wp-content\/uploads\/2020\/09\/Design-sem-nome-6.jpg",500,500,false],"1536x1536":["https:\/\/blogopara.com.br\/wp-content\/uploads\/2020\/09\/Design-sem-nome-6.jpg",500,500,false],"2048x2048":["https:\/\/blogopara.com.br\/wp-content\/uploads\/2020\/09\/Design-sem-nome-6.jpg",500,500,false],"mantranews-slider-large":["https:\/\/blogopara.com.br\/wp-content\/uploads\/2020\/09\/Design-sem-nome-6.jpg",500,500,false],"mantranews-featured-medium":["https:\/\/blogopara.com.br\/wp-content\/uploads\/2020\/09\/Design-sem-nome-6-420x307.jpg",420,307,true],"mantranews-featured-long":["https:\/\/blogopara.com.br\/wp-content\/uploads\/2020\/09\/Design-sem-nome-6-300x443.jpg",300,443,true],"mantranews-block-medium":["https:\/\/blogopara.com.br\/wp-content\/uploads\/2020\/09\/Design-sem-nome-6-464x290.jpg",464,290,true],"mantranews-carousel-image":["https:\/\/blogopara.com.br\/wp-content\/uploads\/2020\/09\/Design-sem-nome-6.jpg",500,500,false],"mantranews-block-thumb":["https:\/\/blogopara.com.br\/wp-content\/uploads\/2020\/09\/Design-sem-nome-6-322x230.jpg",322,230,true],"mantranews-single-large":["https:\/\/blogopara.com.br\/wp-content\/uploads\/2020\/09\/Design-sem-nome-6.jpg",500,500,false]},"uagb_author_info":{"display_name":"Reda\u00e7\u00e3o geral","author_link":"https:\/\/blogopara.com.br\/index.php\/author\/blogopara"},"uagb_comment_info":1,"uagb_excerpt":"Durante uma reuni\u00e3o com cargos comissionados o prefeito Paulo Bomfim (PT) reclamou da oposi\u00e7\u00e3o quer compar\u00e1-lo com o prefeito de Petrolina\/PE, Miguel Coelho. &#8220;Uma meia d\u00fazia nas redes sociais, ficam me comparando com o prefeito de Petrolina&#8221;. A compara\u00e7\u00e3o \u00e9 com o volume de obras, a mudan\u00e7a na infraestrutura de Petrolina, no enfrentamento a pandemia,&hellip;","jetpack_sharing_enabled":true,"jetpack_likes_enabled":true,"_links":{"self":[{"href":"https:\/\/blogopara.com.br\/index.php\/wp-json\/wp\/v2\/posts\/14025","targetHints":{"allow":["GET"]}}],"collection":[{"href":"https:\/\/blogopara.com.br\/index.php\/wp-json\/wp\/v2\/posts"}],"about":[{"href":"https:\/\/blogopara.com.br\/index.php\/wp-json\/wp\/v2\/types\/post"}],"author":[{"embeddable":true,"href":"https:\/\/blogopara.com.br\/index.php\/wp-json\/wp\/v2\/users\/1"}],"replies":[{"embeddable":true,"href":"https:\/\/blogopara.com.br\/index.php\/wp-json\/wp\/v2\/comments?post=14025"}],"version-history":[{"count":5,"href":"https:\/\/blogopara.com.br\/index.php\/wp-json\/wp\/v2\/posts\/14025\/revisions"}],"predecessor-version":[{"id":14053,"href":"https:\/\/blogopara.com.br\/index.php\/wp-json\/wp\/v2\/posts\/14025\/revisions\/14053"}],"wp:featuredmedia":[{"embeddable":true,"href":"https:\/\/blogopara.com.br\/index.php\/wp-json\/wp\/v2\/media\/14028"}],"wp:attachment":[{"href":"https:\/\/blogopara.com.br\/index.php\/wp-json\/wp\/v2\/media?parent=14025"}],"wp:term":[{"taxonomy":"category","embeddable":true,"href":"https:\/\/blogopara.com.br\/index.php\/wp-json\/wp\/v2\/categories?post=14025"},{"taxonomy":"post_tag","embeddable":true,"href":"https:\/\/blogopara.com.br\/index.php\/wp-json\/wp\/v2\/tags?post=14025"}],"curies":[{"name":"wp","href":"https:\/\/api.w.org\/{rel}","templated":true}]}}