{"id":14065,"date":"2020-09-06T10:41:58","date_gmt":"2020-09-06T13:41:58","guid":{"rendered":"http:\/\/blogopara.com.br\/?p=14065"},"modified":"2020-09-06T10:42:00","modified_gmt":"2020-09-06T13:42:00","slug":"ministro-do-stj-decreta-prisao-preventiva-de-pastor-everaldo","status":"publish","type":"post","link":"https:\/\/blogopara.com.br\/index.php\/2020\/09\/06\/ministro-do-stj-decreta-prisao-preventiva-de-pastor-everaldo","title":{"rendered":"Ministro do STJ decreta pris\u00e3o preventiva de Pastor Everaldo"},"content":{"rendered":"<p style=\"text-align: justify;\">O ministro Benedito Gon\u00e7alves, do Superior Tribunal de Justi\u00e7a (STJ), decretou nesta sexta-feira (4) a pris\u00e3o preventiva de Pastor Everaldo, presidente nacional do PSC, suspeito de participar do suposto esquema de corrup\u00e7\u00e3o que ensejou o afastamento do governador do Rio, Wilson Witzel (PSC). Everaldo foi detido no \u00faltimo dia 28, durante a Opera\u00e7\u00e3o Tris in Idem. Inicialmente, o ministro havia determinado sua pris\u00e3o tempor\u00e1ria (de cinco dias). Agora, com a convers\u00e3o em preventiva, n\u00e3o h\u00e1 prazo para que ele seja solto.<\/p>\n<p style=\"text-align: justify;\">A medida foi tomada a pedido da PGR (Procuradoria-Geral da Rep\u00fablica), que indicou ind\u00edcios de que os crimes praticados pelo pastor s\u00e3o graves e contempor\u00e2neos. A decis\u00e3o do ministro est\u00e1 em sigilo, mas foi confirmada pelo STJ. A reportagem n\u00e3o conseguiu neste s\u00e1bado (5) contato com a defesa de Everaldo. Em nota divulgada no dia da opera\u00e7\u00e3o, a assessoria do pastor disse que ele foi surpreendido com a a\u00e7\u00e3o e que &#8220;reitera sua confian\u00e7a na Justi\u00e7a&#8221;.<\/p>\n<p style=\"text-align: justify;\">Art\u00edfice da candidatura de Witzel, Everaldo \u00e9 suspeito de integrar um dos n\u00facleos criminosos investigados. Segundo a PGR, ele instituiu uma caixinha \u00fanica no governo, com a cobran\u00e7a de ped\u00e1gio no pagamento a fornecedores do estado. Uma das suspeitas est\u00e1 em pagamentos em esp\u00e9cie, como o uso de dinheiro vivo, na compra de um im\u00f3vel avaliado em R$ 2 milh\u00f5es.<\/p>\n<p style=\"text-align: justify;\">Em sua dela\u00e7\u00e3o, o ex-secret\u00e1rio de Sa\u00fade Edmar Santos conta que Witzel deu R$ 15 mil nas m\u00e3os de Everaldo, um dia antes da Opera\u00e7\u00e3o Placebo, em uma suposta tentativa de impedir que investigadores encontrassem o dinheiro. Santos tamb\u00e9m afirmou que Everaldo recebia 20% dos recursos desviados na \u00e1rea de sa\u00fade. Segundo investigadores, o pastor &#8220;age em sofisticada teia de rela\u00e7\u00f5es que envolve muitas pessoas f\u00edsicas e jur\u00eddicas&#8221;.<\/p>\n<p style=\"text-align: justify;\">Al\u00e9m de decretar a pris\u00e3o preventiva do presidente do PSC, o ministro Benedito Gon\u00e7alves mandou soltar alvos da Opera\u00e7\u00e3o Mercadores do Caos, deflagrada pelo Minist\u00e9rio P\u00fablico do Rio de Janeiro para apurar poss\u00edveis desvios na sa\u00fade. Entre os beneficiados, est\u00e1 o ex-secret\u00e1rio de Sa\u00fade do Rio Gabriell Neves.<\/p>\n","protected":false},"excerpt":{"rendered":"<p>O ministro Benedito Gon\u00e7alves, do Superior Tribunal de Justi\u00e7a (STJ), decretou nesta sexta-feira (4) a pris\u00e3o preventiva de Pastor Everaldo, presidente nacional do PSC, suspeito de participar do suposto esquema de corrup\u00e7\u00e3o que ensejou o afastamento do governador do Rio, Wilson Witzel (PSC). Everaldo foi detido no \u00faltimo dia 28, durante a Opera\u00e7\u00e3o Tris in [&hellip;]<\/p>\n","protected":false},"author":1,"featured_media":0,"comment_status":"open","ping_status":"open","sticky":false,"template":"","format":"standard","meta":{"_uag_custom_page_level_css":"","_monsterinsights_skip_tracking":false,"_monsterinsights_sitenote_active":false,"_monsterinsights_sitenote_note":"","_monsterinsights_sitenote_category":0,"jetpack_post_was_ever_published":false,"_jetpack_newsletter_access":"","_jetpack_dont_email_post_to_subs":false,"_jetpack_newsletter_tier_id":0,"_jetpack_memberships_contains_paywalled_content":false,"_jetpack_memberships_contains_paid_content":false,"footnotes":"","jetpack_publicize_message":"","jetpack_publicize_feature_enabled":true,"jetpack_social_post_already_shared":true,"jetpack_social_options":{"image_generator_settings":{"template":"highway","default_image_id":0,"font":"","enabled":false},"version":2}},"categories":[200,203,202,197],"tags":[],"class_list":["post-14065","post","type-post","status-publish","format-standard","hentry","category-brasil","category-juazeiro","category-policia","category-politica"],"jetpack_publicize_connections":[],"jetpack_featured_media_url":"","uagb_featured_image_src":{"full":false,"thumbnail":false,"medium":false,"medium_large":false,"large":false,"1536x1536":false,"2048x2048":false,"mantranews-slider-large":false,"mantranews-featured-medium":false,"mantranews-featured-long":false,"mantranews-block-medium":false,"mantranews-carousel-image":false,"mantranews-block-thumb":false,"mantranews-single-large":false},"uagb_author_info":{"display_name":"Reda\u00e7\u00e3o geral","author_link":"https:\/\/blogopara.com.br\/index.php\/author\/blogopara"},"uagb_comment_info":0,"uagb_excerpt":"O ministro Benedito Gon\u00e7alves, do Superior Tribunal de Justi\u00e7a (STJ), decretou nesta sexta-feira (4) a pris\u00e3o preventiva de Pastor Everaldo, presidente nacional do PSC, suspeito de participar do suposto esquema de corrup\u00e7\u00e3o que ensejou o afastamento do governador do Rio, Wilson Witzel (PSC). Everaldo foi detido no \u00faltimo dia 28, durante a Opera\u00e7\u00e3o Tris in&hellip;","jetpack_sharing_enabled":true,"jetpack_likes_enabled":true,"_links":{"self":[{"href":"https:\/\/blogopara.com.br\/index.php\/wp-json\/wp\/v2\/posts\/14065","targetHints":{"allow":["GET"]}}],"collection":[{"href":"https:\/\/blogopara.com.br\/index.php\/wp-json\/wp\/v2\/posts"}],"about":[{"href":"https:\/\/blogopara.com.br\/index.php\/wp-json\/wp\/v2\/types\/post"}],"author":[{"embeddable":true,"href":"https:\/\/blogopara.com.br\/index.php\/wp-json\/wp\/v2\/users\/1"}],"replies":[{"embeddable":true,"href":"https:\/\/blogopara.com.br\/index.php\/wp-json\/wp\/v2\/comments?post=14065"}],"version-history":[{"count":2,"href":"https:\/\/blogopara.com.br\/index.php\/wp-json\/wp\/v2\/posts\/14065\/revisions"}],"predecessor-version":[{"id":14069,"href":"https:\/\/blogopara.com.br\/index.php\/wp-json\/wp\/v2\/posts\/14065\/revisions\/14069"}],"wp:attachment":[{"href":"https:\/\/blogopara.com.br\/index.php\/wp-json\/wp\/v2\/media?parent=14065"}],"wp:term":[{"taxonomy":"category","embeddable":true,"href":"https:\/\/blogopara.com.br\/index.php\/wp-json\/wp\/v2\/categories?post=14065"},{"taxonomy":"post_tag","embeddable":true,"href":"https:\/\/blogopara.com.br\/index.php\/wp-json\/wp\/v2\/tags?post=14065"}],"curies":[{"name":"wp","href":"https:\/\/api.w.org\/{rel}","templated":true}]}}